{"id":9971,"date":"2018-03-31T19:39:02","date_gmt":"2018-03-31T17:39:02","guid":{"rendered":"http:\/\/zskarlino.pl\/?p=9971"},"modified":"2018-03-31T19:39:02","modified_gmt":"2018-03-31T17:39:02","slug":"ankiety-w-ramach-projektu-do-sejmu-dzieci-i-mlodziezy-xxiv-kadencji-pt-poslowie-pierwszego-sejmu-niepodleglej","status":"publish","type":"post","link":"https:\/\/zskarlino.pl\/?p=9971","title":{"rendered":"Ankiety w ramach projektu do Sejmu Dzieci i M\u0142odzie\u017cy XXIV kadencji pt. ,,Pos\u0142owie pierwszego Sejmu Niepodleg\u0142ej\u201d"},"content":{"rendered":"<p>Udost\u0119pniamy ankiet\u0119 wykonan\u0105 przez Mateusza So\u0142tysiaka i Jakuba Giniewicza w ramach projektu do Sejmu Dzieci i M\u0142odzie\u017cy &#8211; bardzo prosimy w ich imieniu o ich uzupe\u0142nienie i przes\u0142anie.<\/p>\n<p><a href=\"https:\/\/docs.google.com\/forms\/d\/e\/1FAIpQLSdd3uhCOrOwWz6DZcZj5qSjhOZ-YWOlJb4wGvuuff9qXJNQyA\/viewform\" target=\"_blank\" rel=\"noopener\">Ankieta sprawdzaj\u0105ca wiedz\u0119 spo\u0142eczno\u015bci lokalnej<\/a><\/p>\n<p><a href=\"https:\/\/docs.google.com\/forms\/d\/e\/1FAIpQLScq7CsFVehd7TGipymiSIXyJipTBQeP27-Ik5F14aw4GPrURg\/viewform\" target=\"_blank\" rel=\"noopener\">Ankieta sprawdzaj\u0105ca wiedz\u0119 spo\u0142eczno\u015bci lokalnej po prelekcji<\/a><\/p>\n","protected":false},"excerpt":{"rendered":"<p>Udost\u0119pniamy ankiet\u0119 wykonan\u0105 przez Mateusza So\u0142tysiaka i Jakuba Giniewicza w ramach projektu do Sejmu Dzieci i M\u0142odzie\u017cy &#8211; bardzo prosimy w ich imieniu o ich uzupe\u0142nienie i przes\u0142anie. Ankieta sprawdzaj\u0105ca wiedz\u0119 spo\u0142eczno\u015bci lokalnej Ankieta sprawdzaj\u0105ca wiedz\u0119 spo\u0142eczno\u015bci lokalnej po prelekcji<\/p>\n","protected":false},"author":6,"featured_media":0,"comment_status":"closed","ping_status":"closed","sticky":false,"template":"","format":"standard","meta":{"footnotes":""},"categories":[3],"tags":[],"class_list":["post-9971","post","type-post","status-publish","format-standard","hentry","category-wydarzenia","item-wrap"],"_links":{"self":[{"href":"https:\/\/zskarlino.pl\/index.php?rest_route=\/wp\/v2\/posts\/9971","targetHints":{"allow":["GET"]}}],"collection":[{"href":"https:\/\/zskarlino.pl\/index.php?rest_route=\/wp\/v2\/posts"}],"about":[{"href":"https:\/\/zskarlino.pl\/index.php?rest_route=\/wp\/v2\/types\/post"}],"author":[{"embeddable":true,"href":"https:\/\/zskarlino.pl\/index.php?rest_route=\/wp\/v2\/users\/6"}],"replies":[{"embeddable":true,"href":"https:\/\/zskarlino.pl\/index.php?rest_route=%2Fwp%2Fv2%2Fcomments&post=9971"}],"version-history":[{"count":1,"href":"https:\/\/zskarlino.pl\/index.php?rest_route=\/wp\/v2\/posts\/9971\/revisions"}],"predecessor-version":[{"id":9972,"href":"https:\/\/zskarlino.pl\/index.php?rest_route=\/wp\/v2\/posts\/9971\/revisions\/9972"}],"wp:attachment":[{"href":"https:\/\/zskarlino.pl\/index.php?rest_route=%2Fwp%2Fv2%2Fmedia&parent=9971"}],"wp:term":[{"taxonomy":"category","embeddable":true,"href":"https:\/\/zskarlino.pl\/index.php?rest_route=%2Fwp%2Fv2%2Fcategories&post=9971"},{"taxonomy":"post_tag","embeddable":true,"href":"https:\/\/zskarlino.pl\/index.php?rest_route=%2Fwp%2Fv2%2Ftags&post=9971"}],"curies":[{"name":"wp","href":"https:\/\/api.w.org\/{rel}","templated":true}]}}