{"id":9960,"date":"2018-03-28T10:00:08","date_gmt":"2018-03-28T08:00:08","guid":{"rendered":"http:\/\/zskarlino.pl\/?p=9960"},"modified":"2018-03-28T10:02:16","modified_gmt":"2018-03-28T08:02:16","slug":"zyczenia-swiateczne-3","status":"publish","type":"post","link":"https:\/\/zskarlino.pl\/?p=9960","title":{"rendered":"\u017byczenia \u015awi\u0105teczne"},"content":{"rendered":"<p><a href=\"http:\/\/zskarlino.pl\/wp-content\/uploads\/2018\/03\/Wielkanoc-497.png\" rel=\"lightbox[9960]\"><img loading=\"lazy\" decoding=\"async\" class=\"aligncenter size-full wp-image-9961\" src=\"http:\/\/zskarlino.pl\/wp-content\/uploads\/2018\/03\/Wielkanoc-497.png\" alt=\"Wielkanoc 497\" width=\"1843\" height=\"1382\" srcset=\"https:\/\/zskarlino.pl\/wp-content\/uploads\/2018\/03\/Wielkanoc-497.png 1843w, https:\/\/zskarlino.pl\/wp-content\/uploads\/2018\/03\/Wielkanoc-497-300x225.png 300w, https:\/\/zskarlino.pl\/wp-content\/uploads\/2018\/03\/Wielkanoc-497-1024x768.png 1024w\" sizes=\"auto, (max-width: 1843px) 100vw, 1843px\" \/><\/a><\/p>\n","protected":false},"excerpt":{"rendered":"","protected":false},"author":3,"featured_media":0,"comment_status":"closed","ping_status":"closed","sticky":false,"template":"","format":"standard","meta":{"footnotes":""},"categories":[1],"tags":[],"class_list":["post-9960","post","type-post","status-publish","format-standard","hentry","category-bez-kategorii","item-wrap"],"_links":{"self":[{"href":"https:\/\/zskarlino.pl\/index.php?rest_route=\/wp\/v2\/posts\/9960","targetHints":{"allow":["GET"]}}],"collection":[{"href":"https:\/\/zskarlino.pl\/index.php?rest_route=\/wp\/v2\/posts"}],"about":[{"href":"https:\/\/zskarlino.pl\/index.php?rest_route=\/wp\/v2\/types\/post"}],"author":[{"embeddable":true,"href":"https:\/\/zskarlino.pl\/index.php?rest_route=\/wp\/v2\/users\/3"}],"replies":[{"embeddable":true,"href":"https:\/\/zskarlino.pl\/index.php?rest_route=%2Fwp%2Fv2%2Fcomments&post=9960"}],"version-history":[{"count":1,"href":"https:\/\/zskarlino.pl\/index.php?rest_route=\/wp\/v2\/posts\/9960\/revisions"}],"predecessor-version":[{"id":9962,"href":"https:\/\/zskarlino.pl\/index.php?rest_route=\/wp\/v2\/posts\/9960\/revisions\/9962"}],"wp:attachment":[{"href":"https:\/\/zskarlino.pl\/index.php?rest_route=%2Fwp%2Fv2%2Fmedia&parent=9960"}],"wp:term":[{"taxonomy":"category","embeddable":true,"href":"https:\/\/zskarlino.pl\/index.php?rest_route=%2Fwp%2Fv2%2Fcategories&post=9960"},{"taxonomy":"post_tag","embeddable":true,"href":"https:\/\/zskarlino.pl\/index.php?rest_route=%2Fwp%2Fv2%2Ftags&post=9960"}],"curies":[{"name":"wp","href":"https:\/\/api.w.org\/{rel}","templated":true}]}}