{"id":9946,"date":"2018-03-23T17:02:20","date_gmt":"2018-03-23T16:02:20","guid":{"rendered":"http:\/\/zskarlino.pl\/?p=9946"},"modified":"2018-03-23T17:03:15","modified_gmt":"2018-03-23T16:03:15","slug":"lekcja-europejska","status":"publish","type":"post","link":"https:\/\/zskarlino.pl\/?p=9946","title":{"rendered":"Lekcja Europejska"},"content":{"rendered":"<p>23 marca\u00a0mieli\u015bmy\u00a0przyjemno\u015b\u0107 go\u015bci\u0107 w szkole Pana prof. Dariusza Rosatiego, kt\u00f3ry przybli\u017cy\u0142 m\u0142odzie\u017cy zagadnienia zwi\u0105zane z funkcjonowaniem Unii Europejskiej. Pan profesor, a zarazem europose\u0142, w przyst\u0119pny spos\u00f3b wyja\u015bni\u0142 zawi\u0142o\u015bci funkcjonowania unijnych instytucji oraz\u00a0rozwia\u0142 w\u0105tpliwo\u015bci dotycz\u0105ce korzy\u015bci i koszt\u00f3w\u00a0p\u0142yn\u0105cych z\u00a0cz\u0142onkostwa w UE.<\/p>\n<p><a href=\"http:\/\/zskarlino.pl\/wp-content\/uploads\/2018\/03\/IMG_4928.jpg\" rel=\"lightbox[9946]\"><img loading=\"lazy\" decoding=\"async\" class=\"alignnone size-medium wp-image-9947\" src=\"http:\/\/zskarlino.pl\/wp-content\/uploads\/2018\/03\/IMG_4928-300x225.jpg\" alt=\"IMG_4928\" width=\"300\" height=\"225\" srcset=\"https:\/\/zskarlino.pl\/wp-content\/uploads\/2018\/03\/IMG_4928-300x225.jpg 300w, https:\/\/zskarlino.pl\/wp-content\/uploads\/2018\/03\/IMG_4928.jpg 640w\" sizes=\"auto, (max-width: 300px) 100vw, 300px\" \/><\/a> <a href=\"http:\/\/zskarlino.pl\/wp-content\/uploads\/2018\/03\/IMG_4932.jpg\" rel=\"lightbox[9946]\"><img loading=\"lazy\" decoding=\"async\" class=\"alignnone size-medium wp-image-9949\" src=\"http:\/\/zskarlino.pl\/wp-content\/uploads\/2018\/03\/IMG_4932-300x225.jpg\" alt=\"IMG_4932\" width=\"300\" height=\"225\" srcset=\"https:\/\/zskarlino.pl\/wp-content\/uploads\/2018\/03\/IMG_4932-300x225.jpg 300w, https:\/\/zskarlino.pl\/wp-content\/uploads\/2018\/03\/IMG_4932.jpg 640w\" sizes=\"auto, (max-width: 300px) 100vw, 300px\" \/><\/a> <a href=\"http:\/\/zskarlino.pl\/wp-content\/uploads\/2018\/03\/IMG_4933.jpg\" rel=\"lightbox[9946]\"><img loading=\"lazy\" decoding=\"async\" class=\"alignnone size-medium wp-image-9950\" src=\"http:\/\/zskarlino.pl\/wp-content\/uploads\/2018\/03\/IMG_4933-300x225.jpg\" alt=\"IMG_4933\" width=\"300\" height=\"225\" srcset=\"https:\/\/zskarlino.pl\/wp-content\/uploads\/2018\/03\/IMG_4933-300x225.jpg 300w, https:\/\/zskarlino.pl\/wp-content\/uploads\/2018\/03\/IMG_4933.jpg 640w\" sizes=\"auto, (max-width: 300px) 100vw, 300px\" \/><\/a> <a href=\"http:\/\/zskarlino.pl\/wp-content\/uploads\/2018\/03\/IMG_4934.jpg\" rel=\"lightbox[9946]\"><img loading=\"lazy\" decoding=\"async\" class=\"alignnone size-medium wp-image-9951\" src=\"http:\/\/zskarlino.pl\/wp-content\/uploads\/2018\/03\/IMG_4934-300x225.jpg\" alt=\"IMG_4934\" width=\"300\" height=\"225\" srcset=\"https:\/\/zskarlino.pl\/wp-content\/uploads\/2018\/03\/IMG_4934-300x225.jpg 300w, https:\/\/zskarlino.pl\/wp-content\/uploads\/2018\/03\/IMG_4934.jpg 640w\" sizes=\"auto, (max-width: 300px) 100vw, 300px\" \/><\/a><\/p>\n","protected":false},"excerpt":{"rendered":"<p>23 marca\u00a0mieli\u015bmy\u00a0przyjemno\u015b\u0107 go\u015bci\u0107 w szkole Pana prof. Dariusza Rosatiego, kt\u00f3ry przybli\u017cy\u0142 m\u0142odzie\u017cy zagadnienia zwi\u0105zane z funkcjonowaniem Unii Europejskiej. Pan profesor, a zarazem europose\u0142, w przyst\u0119pny spos\u00f3b wyja\u015bni\u0142 zawi\u0142o\u015bci funkcjonowania unijnych instytucji oraz\u00a0rozwia\u0142 w\u0105tpliwo\u015bci dotycz\u0105ce korzy\u015bci i koszt\u00f3w\u00a0p\u0142yn\u0105cych z\u00a0cz\u0142onkostwa w UE.<\/p>\n","protected":false},"author":8,"featured_media":0,"comment_status":"closed","ping_status":"closed","sticky":false,"template":"","format":"standard","meta":{"footnotes":""},"categories":[3],"tags":[],"class_list":["post-9946","post","type-post","status-publish","format-standard","hentry","category-wydarzenia","item-wrap"],"_links":{"self":[{"href":"https:\/\/zskarlino.pl\/index.php?rest_route=\/wp\/v2\/posts\/9946","targetHints":{"allow":["GET"]}}],"collection":[{"href":"https:\/\/zskarlino.pl\/index.php?rest_route=\/wp\/v2\/posts"}],"about":[{"href":"https:\/\/zskarlino.pl\/index.php?rest_route=\/wp\/v2\/types\/post"}],"author":[{"embeddable":true,"href":"https:\/\/zskarlino.pl\/index.php?rest_route=\/wp\/v2\/users\/8"}],"replies":[{"embeddable":true,"href":"https:\/\/zskarlino.pl\/index.php?rest_route=%2Fwp%2Fv2%2Fcomments&post=9946"}],"version-history":[{"count":2,"href":"https:\/\/zskarlino.pl\/index.php?rest_route=\/wp\/v2\/posts\/9946\/revisions"}],"predecessor-version":[{"id":9955,"href":"https:\/\/zskarlino.pl\/index.php?rest_route=\/wp\/v2\/posts\/9946\/revisions\/9955"}],"wp:attachment":[{"href":"https:\/\/zskarlino.pl\/index.php?rest_route=%2Fwp%2Fv2%2Fmedia&parent=9946"}],"wp:term":[{"taxonomy":"category","embeddable":true,"href":"https:\/\/zskarlino.pl\/index.php?rest_route=%2Fwp%2Fv2%2Fcategories&post=9946"},{"taxonomy":"post_tag","embeddable":true,"href":"https:\/\/zskarlino.pl\/index.php?rest_route=%2Fwp%2Fv2%2Ftags&post=9946"}],"curies":[{"name":"wp","href":"https:\/\/api.w.org\/{rel}","templated":true}]}}