{"id":9915,"date":"2018-03-20T17:00:22","date_gmt":"2018-03-20T16:00:22","guid":{"rendered":"http:\/\/zskarlino.pl\/?p=9915"},"modified":"2018-03-20T17:00:35","modified_gmt":"2018-03-20T16:00:35","slug":"mlodziez-zapobiega-pozarom-etap-powiatowy","status":"publish","type":"post","link":"https:\/\/zskarlino.pl\/?p=9915","title":{"rendered":"\u201eM\u0142odzie\u017c Zapobiega po\u017carom\u201d &#8211; etap powiatowy"},"content":{"rendered":"<p style=\"text-align: justify;\"><strong>Dnia 16\u00a0marca 2018 r. czw\u00f3rka Naszych uczni\u00f3w pod opiek\u0105 p. Magdaleny Mali\u0144skiej wzi\u0119\u0142a udzia\u0142 w powiatowych eliminacjach do Og\u00f3lnopolskiego Turnieju Wiedzy Po\u017carniczej pt. \u201eM\u0142odzie\u017c Zapobiega Po\u017carom\u201d w Stanominie. Uczniowie zmierzyli si\u0119 z trudnymi pytaniami z zakresu wiedzy po\u017carniczej, rywalizacja by\u0142a zawzi\u0119ta, jednak finalnie to jeden z Naszych uczni\u00f3w Bartosz Smagorowicz, pokonuj\u0105c rywali, zaj\u0105\u0142 1 miejsce w grupie II \u2013 gimnazjum i tym samym b\u0119dzie reprezentowa\u0142 Nasz\u0105 szko\u0142\u0119 w eliminacjach wojew\u00f3dzkich, kt\u00f3re odb\u0119d\u0105 si\u0119 28 kwietnia\u00a02018 r. w P\u0142otach \u2013 Bartek trzymamy kciuki!<\/strong><\/p>\n<p style=\"text-align: right;\">Magdalena Mali\u0144ska<\/p>\n<p style=\"text-align: justify;\"><a href=\"http:\/\/zskarlino.pl\/wp-content\/uploads\/2018\/03\/IMG_20180316_101526.jpg\" rel=\"lightbox[9915]\"><img loading=\"lazy\" decoding=\"async\" class=\"alignnone size-medium wp-image-9917\" src=\"http:\/\/zskarlino.pl\/wp-content\/uploads\/2018\/03\/IMG_20180316_101526-300x225.jpg\" alt=\"IMG_20180316_101526\" width=\"300\" height=\"225\" srcset=\"https:\/\/zskarlino.pl\/wp-content\/uploads\/2018\/03\/IMG_20180316_101526-300x225.jpg 300w, https:\/\/zskarlino.pl\/wp-content\/uploads\/2018\/03\/IMG_20180316_101526-1024x768.jpg 1024w\" sizes=\"auto, (max-width: 300px) 100vw, 300px\" \/><\/a> <a href=\"http:\/\/zskarlino.pl\/wp-content\/uploads\/2018\/03\/IMG_20180316_101544.jpg\" rel=\"lightbox[9915]\"><img loading=\"lazy\" decoding=\"async\" class=\"alignnone size-medium wp-image-9919\" src=\"http:\/\/zskarlino.pl\/wp-content\/uploads\/2018\/03\/IMG_20180316_101544-300x225.jpg\" alt=\"IMG_20180316_101544\" width=\"300\" height=\"225\" srcset=\"https:\/\/zskarlino.pl\/wp-content\/uploads\/2018\/03\/IMG_20180316_101544-300x225.jpg 300w, https:\/\/zskarlino.pl\/wp-content\/uploads\/2018\/03\/IMG_20180316_101544-1024x768.jpg 1024w\" sizes=\"auto, (max-width: 300px) 100vw, 300px\" \/><\/a> <a href=\"http:\/\/zskarlino.pl\/wp-content\/uploads\/2018\/03\/IMG_20180316_101557.jpg\" rel=\"lightbox[9915]\"><img loading=\"lazy\" decoding=\"async\" class=\"alignnone size-medium wp-image-9920\" src=\"http:\/\/zskarlino.pl\/wp-content\/uploads\/2018\/03\/IMG_20180316_101557-300x225.jpg\" alt=\"IMG_20180316_101557\" width=\"300\" height=\"225\" srcset=\"https:\/\/zskarlino.pl\/wp-content\/uploads\/2018\/03\/IMG_20180316_101557-300x225.jpg 300w, https:\/\/zskarlino.pl\/wp-content\/uploads\/2018\/03\/IMG_20180316_101557-1024x768.jpg 1024w\" sizes=\"auto, (max-width: 300px) 100vw, 300px\" \/><\/a> <a href=\"http:\/\/zskarlino.pl\/wp-content\/uploads\/2018\/03\/IMG_20180316_121103.jpg\" rel=\"lightbox[9915]\"><img loading=\"lazy\" decoding=\"async\" class=\"alignnone size-medium wp-image-9922\" src=\"http:\/\/zskarlino.pl\/wp-content\/uploads\/2018\/03\/IMG_20180316_121103-225x300.jpg\" alt=\"IMG_20180316_121103\" width=\"225\" height=\"300\" srcset=\"https:\/\/zskarlino.pl\/wp-content\/uploads\/2018\/03\/IMG_20180316_121103-225x300.jpg 225w, https:\/\/zskarlino.pl\/wp-content\/uploads\/2018\/03\/IMG_20180316_121103-768x1024.jpg 768w, https:\/\/zskarlino.pl\/wp-content\/uploads\/2018\/03\/IMG_20180316_121103.jpg 1920w\" sizes=\"auto, (max-width: 225px) 100vw, 225px\" \/><\/a><\/p>\n","protected":false},"excerpt":{"rendered":"<p>Dnia 16\u00a0marca 2018 r. czw\u00f3rka Naszych uczni\u00f3w pod opiek\u0105 p. Magdaleny Mali\u0144skiej wzi\u0119\u0142a udzia\u0142 w powiatowych eliminacjach do Og\u00f3lnopolskiego Turnieju Wiedzy Po\u017carniczej pt. \u201eM\u0142odzie\u017c Zapobiega Po\u017carom\u201d w Stanominie. Uczniowie zmierzyli si\u0119 z trudnymi pytaniami z zakresu wiedzy po\u017carniczej, rywalizacja by\u0142a zawzi\u0119ta, jednak finalnie to jeden z Naszych uczni\u00f3w Bartosz Smagorowicz, pokonuj\u0105c rywali, zaj\u0105\u0142 1 miejsce &hellip; <\/p>\n<p><a class=\"more-link btn\" href=\"https:\/\/zskarlino.pl\/?p=9915\">Czytaj dalej<\/a><\/p>\n","protected":false},"author":8,"featured_media":0,"comment_status":"closed","ping_status":"closed","sticky":false,"template":"","format":"standard","meta":{"footnotes":""},"categories":[3],"tags":[],"class_list":["post-9915","post","type-post","status-publish","format-standard","hentry","category-wydarzenia","item-wrap"],"_links":{"self":[{"href":"https:\/\/zskarlino.pl\/index.php?rest_route=\/wp\/v2\/posts\/9915","targetHints":{"allow":["GET"]}}],"collection":[{"href":"https:\/\/zskarlino.pl\/index.php?rest_route=\/wp\/v2\/posts"}],"about":[{"href":"https:\/\/zskarlino.pl\/index.php?rest_route=\/wp\/v2\/types\/post"}],"author":[{"embeddable":true,"href":"https:\/\/zskarlino.pl\/index.php?rest_route=\/wp\/v2\/users\/8"}],"replies":[{"embeddable":true,"href":"https:\/\/zskarlino.pl\/index.php?rest_route=%2Fwp%2Fv2%2Fcomments&post=9915"}],"version-history":[{"count":3,"href":"https:\/\/zskarlino.pl\/index.php?rest_route=\/wp\/v2\/posts\/9915\/revisions"}],"predecessor-version":[{"id":9925,"href":"https:\/\/zskarlino.pl\/index.php?rest_route=\/wp\/v2\/posts\/9915\/revisions\/9925"}],"wp:attachment":[{"href":"https:\/\/zskarlino.pl\/index.php?rest_route=%2Fwp%2Fv2%2Fmedia&parent=9915"}],"wp:term":[{"taxonomy":"category","embeddable":true,"href":"https:\/\/zskarlino.pl\/index.php?rest_route=%2Fwp%2Fv2%2Fcategories&post=9915"},{"taxonomy":"post_tag","embeddable":true,"href":"https:\/\/zskarlino.pl\/index.php?rest_route=%2Fwp%2Fv2%2Ftags&post=9915"}],"curies":[{"name":"wp","href":"https:\/\/api.w.org\/{rel}","templated":true}]}}