{"id":9882,"date":"2018-03-18T22:52:43","date_gmt":"2018-03-18T21:52:43","guid":{"rendered":"http:\/\/zskarlino.pl\/?p=9882"},"modified":"2018-03-19T09:28:24","modified_gmt":"2018-03-19T08:28:24","slug":"zapraszamy-na-wystawe-general-stefan-rowecki-grot","status":"publish","type":"post","link":"https:\/\/zskarlino.pl\/?p=9882","title":{"rendered":"Zapraszamy na wystaw\u0119: Genera\u0142 Stefan Rowecki &#8222;Grot&#8221;"},"content":{"rendered":"<p style=\"text-align: justify;\">Zesp\u00f3\u0142 Szk\u00f3\u0142 w Karlinie zaprasza na wystaw\u0119 po\u015bwi\u0119con\u0105 gen. Stefanowi Roweckiemu. Wystawa zosta\u0142a przygotowana przez Archiwum Akt Nowych we wsp\u00f3\u0142pracy z G\u0142\u00f3wn\u0105 Bibliotek\u0105 Lekarsk\u0105 w Warszawie i sk\u0142adaj\u0105 si\u0119 na ni\u0105 plansze zawieraj\u0105ce materia\u0142y dokumentuj\u0105ce przede wszystkim przebieg kariery wojskowej i dzia\u0142alno\u015b\u0107 konspiracyjn\u0105, a tak\u017ce \u017cycie prywatne genera\u0142a.<\/p>\n<p>Wystawa b\u0119dzie prezentowana w holu Zespo\u0142u Szk\u00f3\u0142 w Karlinie do ko\u0144ca bie\u017c\u0105cego miesi\u0105ca.<\/p>\n<p>Zapraszamy wszystkich zainteresowanych!<\/p>\n<div class='fotorama--wp' data-size='large'data-ids='9883,9888,9891'data-link='file'data-itemtag='dl'data-icontag='dt'data-captiontag='dd'data-columns='0'data-width='750'data-auto='false'data-max-width='100%'data-ratio='1.3321492007105'>\n\t\t<style type=\"text\/css\">\n\t\t\t#gallery-1 {\n\t\t\t\tmargin: auto;\n\t\t\t}\n\t\t\t#gallery-1 .gallery-item {\n\t\t\t\tfloat: left;\n\t\t\t\tmargin-top: 10px;\n\t\t\t\ttext-align: center;\n\t\t\t\twidth: 100%;\n\t\t\t}\n\t\t\t#gallery-1 img {\n\t\t\t\tborder: 2px solid #cfcfcf;\n\t\t\t}\n\t\t\t#gallery-1 .gallery-caption {\n\t\t\t\tmargin-left: 0;\n\t\t\t}\n\t\t\t\/* see gallery_shortcode() in wp-includes\/media.php *\/\n\t\t<\/style>\n\t\t<div id='gallery-1' class='gallery galleryid-9882 gallery-columns-0 gallery-size-thumbnail'><dl class='gallery-item'>\n\t\t\t<dt class='gallery-icon landscape'>\n\t\t\t\t<a href='https:\/\/zskarlino.pl\/wp-content\/uploads\/2018\/03\/IMG_4805-1024x768.jpg' data-full='https:\/\/zskarlino.pl\/wp-content\/uploads\/2018\/03\/IMG_4805.jpg' rel=\"lightbox[9882]\"><img loading=\"lazy\" decoding=\"async\" width=\"150\" height=\"150\" src=\"https:\/\/zskarlino.pl\/wp-content\/uploads\/2018\/03\/IMG_4805-150x150.jpg\" class=\"attachment-thumbnail size-thumbnail\" alt=\"\" \/><\/a>\n\t\t\t<\/dt><\/dl><dl class='gallery-item'>\n\t\t\t<dt class='gallery-icon landscape'>\n\t\t\t\t<a href='https:\/\/zskarlino.pl\/wp-content\/uploads\/2018\/03\/IMG_4797-1024x768.jpg' data-full='https:\/\/zskarlino.pl\/wp-content\/uploads\/2018\/03\/IMG_4797.jpg' rel=\"lightbox[9882]\"><img loading=\"lazy\" decoding=\"async\" width=\"150\" height=\"150\" src=\"https:\/\/zskarlino.pl\/wp-content\/uploads\/2018\/03\/IMG_4797-150x150.jpg\" class=\"attachment-thumbnail size-thumbnail\" alt=\"\" \/><\/a>\n\t\t\t<\/dt><\/dl><dl class='gallery-item'>\n\t\t\t<dt class='gallery-icon landscape'>\n\t\t\t\t<a href='https:\/\/zskarlino.pl\/wp-content\/uploads\/2018\/03\/IMG_4804-1024x768.jpg' data-full='https:\/\/zskarlino.pl\/wp-content\/uploads\/2018\/03\/IMG_4804.jpg' rel=\"lightbox[9882]\"><img loading=\"lazy\" decoding=\"async\" width=\"150\" height=\"150\" src=\"https:\/\/zskarlino.pl\/wp-content\/uploads\/2018\/03\/IMG_4804-150x150.jpg\" class=\"attachment-thumbnail size-thumbnail\" alt=\"\" \/><\/a>\n\t\t\t<\/dt><\/dl>\n\t\t<\/div>\n<\/div>\n<p>&nbsp;<\/p>\n<p>&nbsp;<\/p>\n<p>&nbsp;<\/p>\n","protected":false},"excerpt":{"rendered":"<p>Zesp\u00f3\u0142 Szk\u00f3\u0142 w Karlinie zaprasza na wystaw\u0119 po\u015bwi\u0119con\u0105 gen. Stefanowi Roweckiemu. Wystawa zosta\u0142a przygotowana przez Archiwum Akt Nowych we wsp\u00f3\u0142pracy z G\u0142\u00f3wn\u0105 Bibliotek\u0105 Lekarsk\u0105 w Warszawie i sk\u0142adaj\u0105 si\u0119 na ni\u0105 plansze zawieraj\u0105ce materia\u0142y dokumentuj\u0105ce przede wszystkim przebieg kariery wojskowej i dzia\u0142alno\u015b\u0107 konspiracyjn\u0105, a tak\u017ce \u017cycie prywatne genera\u0142a. Wystawa b\u0119dzie prezentowana w holu Zespo\u0142u Szk\u00f3\u0142 &hellip; <\/p>\n<p><a class=\"more-link btn\" href=\"https:\/\/zskarlino.pl\/?p=9882\">Czytaj dalej<\/a><\/p>\n","protected":false},"author":8,"featured_media":0,"comment_status":"closed","ping_status":"closed","sticky":false,"template":"","format":"standard","meta":{"footnotes":""},"categories":[3],"tags":[],"class_list":["post-9882","post","type-post","status-publish","format-standard","hentry","category-wydarzenia","item-wrap"],"_links":{"self":[{"href":"https:\/\/zskarlino.pl\/index.php?rest_route=\/wp\/v2\/posts\/9882","targetHints":{"allow":["GET"]}}],"collection":[{"href":"https:\/\/zskarlino.pl\/index.php?rest_route=\/wp\/v2\/posts"}],"about":[{"href":"https:\/\/zskarlino.pl\/index.php?rest_route=\/wp\/v2\/types\/post"}],"author":[{"embeddable":true,"href":"https:\/\/zskarlino.pl\/index.php?rest_route=\/wp\/v2\/users\/8"}],"replies":[{"embeddable":true,"href":"https:\/\/zskarlino.pl\/index.php?rest_route=%2Fwp%2Fv2%2Fcomments&post=9882"}],"version-history":[{"count":6,"href":"https:\/\/zskarlino.pl\/index.php?rest_route=\/wp\/v2\/posts\/9882\/revisions"}],"predecessor-version":[{"id":9901,"href":"https:\/\/zskarlino.pl\/index.php?rest_route=\/wp\/v2\/posts\/9882\/revisions\/9901"}],"wp:attachment":[{"href":"https:\/\/zskarlino.pl\/index.php?rest_route=%2Fwp%2Fv2%2Fmedia&parent=9882"}],"wp:term":[{"taxonomy":"category","embeddable":true,"href":"https:\/\/zskarlino.pl\/index.php?rest_route=%2Fwp%2Fv2%2Fcategories&post=9882"},{"taxonomy":"post_tag","embeddable":true,"href":"https:\/\/zskarlino.pl\/index.php?rest_route=%2Fwp%2Fv2%2Ftags&post=9882"}],"curies":[{"name":"wp","href":"https:\/\/api.w.org\/{rel}","templated":true}]}}