{"id":9869,"date":"2018-03-09T14:00:28","date_gmt":"2018-03-09T13:00:28","guid":{"rendered":"http:\/\/zskarlino.pl\/?p=9869"},"modified":"2018-03-09T14:00:28","modified_gmt":"2018-03-09T13:00:28","slug":"spotkanie-z-historia","status":"publish","type":"post","link":"https:\/\/zskarlino.pl\/?p=9869","title":{"rendered":"Spotkanie z histori\u0105"},"content":{"rendered":"<div class='fotorama--wp' data-size='large'data-link='file'data-ids='9870,9871,9872,9873,9874'data-itemtag='dl'data-icontag='dt'data-captiontag='dd'data-columns='0'data-width='750'data-auto='false'data-max-width='100%'data-ratio='1.7647058823529'>\n\t\t<style type=\"text\/css\">\n\t\t\t#gallery-1 {\n\t\t\t\tmargin: auto;\n\t\t\t}\n\t\t\t#gallery-1 .gallery-item {\n\t\t\t\tfloat: left;\n\t\t\t\tmargin-top: 10px;\n\t\t\t\ttext-align: center;\n\t\t\t\twidth: 100%;\n\t\t\t}\n\t\t\t#gallery-1 img {\n\t\t\t\tborder: 2px solid #cfcfcf;\n\t\t\t}\n\t\t\t#gallery-1 .gallery-caption {\n\t\t\t\tmargin-left: 0;\n\t\t\t}\n\t\t\t\/* see gallery_shortcode() in wp-includes\/media.php *\/\n\t\t<\/style>\n\t\t<div id='gallery-1' class='gallery galleryid-9869 gallery-columns-0 gallery-size-thumbnail'><dl class='gallery-item'>\n\t\t\t<dt class='gallery-icon landscape'>\n\t\t\t\t<a href='https:\/\/zskarlino.pl\/wp-content\/uploads\/2018\/03\/1..jpg' data-full='https:\/\/zskarlino.pl\/wp-content\/uploads\/2018\/03\/1..jpg' rel=\"lightbox[9869]\"><img loading=\"lazy\" decoding=\"async\" width=\"150\" height=\"150\" src=\"https:\/\/zskarlino.pl\/wp-content\/uploads\/2018\/03\/1.-150x150.jpg\" class=\"attachment-thumbnail size-thumbnail\" alt=\"\" \/><\/a>\n\t\t\t<\/dt><\/dl><dl class='gallery-item'>\n\t\t\t<dt class='gallery-icon landscape'>\n\t\t\t\t<a href='https:\/\/zskarlino.pl\/wp-content\/uploads\/2018\/03\/2.jpg' data-full='https:\/\/zskarlino.pl\/wp-content\/uploads\/2018\/03\/2.jpg' rel=\"lightbox[9869]\"><img loading=\"lazy\" decoding=\"async\" width=\"150\" height=\"150\" src=\"https:\/\/zskarlino.pl\/wp-content\/uploads\/2018\/03\/2-150x150.jpg\" class=\"attachment-thumbnail size-thumbnail\" alt=\"\" \/><\/a>\n\t\t\t<\/dt><\/dl><dl class='gallery-item'>\n\t\t\t<dt class='gallery-icon portrait'>\n\t\t\t\t<a href='https:\/\/zskarlino.pl\/wp-content\/uploads\/2018\/03\/3.jpg' data-full='https:\/\/zskarlino.pl\/wp-content\/uploads\/2018\/03\/3.jpg' rel=\"lightbox[9869]\"><img loading=\"lazy\" decoding=\"async\" width=\"150\" height=\"150\" src=\"https:\/\/zskarlino.pl\/wp-content\/uploads\/2018\/03\/3-150x150.jpg\" class=\"attachment-thumbnail size-thumbnail\" alt=\"\" \/><\/a>\n\t\t\t<\/dt><\/dl><dl class='gallery-item'>\n\t\t\t<dt class='gallery-icon portrait'>\n\t\t\t\t<a href='https:\/\/zskarlino.pl\/wp-content\/uploads\/2018\/03\/4..jpg' data-full='https:\/\/zskarlino.pl\/wp-content\/uploads\/2018\/03\/4..jpg' rel=\"lightbox[9869]\"><img loading=\"lazy\" decoding=\"async\" width=\"150\" height=\"150\" src=\"https:\/\/zskarlino.pl\/wp-content\/uploads\/2018\/03\/4.-150x150.jpg\" class=\"attachment-thumbnail size-thumbnail\" alt=\"\" \/><\/a>\n\t\t\t<\/dt><\/dl><dl class='gallery-item'>\n\t\t\t<dt class='gallery-icon portrait'>\n\t\t\t\t<a href='https:\/\/zskarlino.pl\/wp-content\/uploads\/2018\/03\/5..jpg' data-full='https:\/\/zskarlino.pl\/wp-content\/uploads\/2018\/03\/5..jpg' rel=\"lightbox[9869]\"><img loading=\"lazy\" decoding=\"async\" width=\"150\" height=\"150\" src=\"https:\/\/zskarlino.pl\/wp-content\/uploads\/2018\/03\/5.-150x150.jpg\" class=\"attachment-thumbnail size-thumbnail\" alt=\"\" \/><\/a>\n\t\t\t<\/dt><\/dl>\n\t\t<\/div>\n<\/div>\n<p style=\"text-align: justify;\">Dnia 8 marca 2018 r. uczniowie II i III klasy Liceum Og\u00f3lnokszta\u0142c\u0105cego oraz I klasy Technikum Mechatronicznego wzi\u0119li udzia\u0142 w warsztatach poprowadzonych przez przedstawicielk\u0119 Instytutu Pami\u0119ci Narodowej, pani\u0105 Ann\u0119 Pieluszczak. Warsztaty zatytu\u0142owane &#8222;Zygmunt Szendzielarz, pseudonim &#8222;\u0141upaszka&#8221;&#8221;, mia\u0142y na celu przedstawienie uczniom jednego z niez\u0142omnych \u017co\u0142nierzy wykl\u0119tych. W trakcie spotkania m\u0142odzie\u017c dopasowywa\u0142a fragmenty biografii \u201e\u0141upaszki\u201d do \u017ar\u00f3de\u0142 historycznych oraz scenek z komiksu a nast\u0119pnie omawia\u0142a wyniki swojej pracy.<\/p>\n<p style=\"text-align: justify;\">\n<p style=\"text-align: right;\"><em>Renata Piszak-Walczykowska<\/em><\/p>\n","protected":false},"excerpt":{"rendered":"<p>Dnia 8 marca 2018 r. uczniowie II i III klasy Liceum Og\u00f3lnokszta\u0142c\u0105cego oraz I klasy Technikum Mechatronicznego wzi\u0119li udzia\u0142 w warsztatach poprowadzonych przez przedstawicielk\u0119 Instytutu Pami\u0119ci Narodowej, pani\u0105 Ann\u0119 Pieluszczak. Warsztaty zatytu\u0142owane &#8222;Zygmunt Szendzielarz, pseudonim &#8222;\u0141upaszka&#8221;&#8221;, mia\u0142y na celu przedstawienie uczniom jednego z niez\u0142omnych \u017co\u0142nierzy wykl\u0119tych. W trakcie spotkania m\u0142odzie\u017c dopasowywa\u0142a fragmenty biografii \u201e\u0141upaszki\u201d do &hellip; <\/p>\n<p><a class=\"more-link btn\" href=\"https:\/\/zskarlino.pl\/?p=9869\">Czytaj dalej<\/a><\/p>\n","protected":false},"author":6,"featured_media":0,"comment_status":"closed","ping_status":"closed","sticky":false,"template":"","format":"standard","meta":{"footnotes":""},"categories":[3],"tags":[],"class_list":["post-9869","post","type-post","status-publish","format-standard","hentry","category-wydarzenia","item-wrap"],"_links":{"self":[{"href":"https:\/\/zskarlino.pl\/index.php?rest_route=\/wp\/v2\/posts\/9869","targetHints":{"allow":["GET"]}}],"collection":[{"href":"https:\/\/zskarlino.pl\/index.php?rest_route=\/wp\/v2\/posts"}],"about":[{"href":"https:\/\/zskarlino.pl\/index.php?rest_route=\/wp\/v2\/types\/post"}],"author":[{"embeddable":true,"href":"https:\/\/zskarlino.pl\/index.php?rest_route=\/wp\/v2\/users\/6"}],"replies":[{"embeddable":true,"href":"https:\/\/zskarlino.pl\/index.php?rest_route=%2Fwp%2Fv2%2Fcomments&post=9869"}],"version-history":[{"count":2,"href":"https:\/\/zskarlino.pl\/index.php?rest_route=\/wp\/v2\/posts\/9869\/revisions"}],"predecessor-version":[{"id":9876,"href":"https:\/\/zskarlino.pl\/index.php?rest_route=\/wp\/v2\/posts\/9869\/revisions\/9876"}],"wp:attachment":[{"href":"https:\/\/zskarlino.pl\/index.php?rest_route=%2Fwp%2Fv2%2Fmedia&parent=9869"}],"wp:term":[{"taxonomy":"category","embeddable":true,"href":"https:\/\/zskarlino.pl\/index.php?rest_route=%2Fwp%2Fv2%2Fcategories&post=9869"},{"taxonomy":"post_tag","embeddable":true,"href":"https:\/\/zskarlino.pl\/index.php?rest_route=%2Fwp%2Fv2%2Ftags&post=9869"}],"curies":[{"name":"wp","href":"https:\/\/api.w.org\/{rel}","templated":true}]}}