{"id":9858,"date":"2017-12-22T22:16:19","date_gmt":"2017-12-22T21:16:19","guid":{"rendered":"http:\/\/zskarlino.pl\/?p=9858"},"modified":"2018-03-08T22:32:48","modified_gmt":"2018-03-08T21:32:48","slug":"swiatecznie","status":"publish","type":"post","link":"https:\/\/zskarlino.pl\/?p=9858","title":{"rendered":"\u015awi\u0105tecznie"},"content":{"rendered":"<div class='fotorama--wp' data-link='file'data-size='large'data-ids='9866,9865,9862'data-itemtag='dl'data-icontag='dt'data-captiontag='dd'data-columns='0'data-width='750'data-auto='false'data-max-width='100%'data-ratio='1.3321492007105'>\n\t\t<style type=\"text\/css\">\n\t\t\t#gallery-1 {\n\t\t\t\tmargin: auto;\n\t\t\t}\n\t\t\t#gallery-1 .gallery-item {\n\t\t\t\tfloat: left;\n\t\t\t\tmargin-top: 10px;\n\t\t\t\ttext-align: center;\n\t\t\t\twidth: 100%;\n\t\t\t}\n\t\t\t#gallery-1 img {\n\t\t\t\tborder: 2px solid #cfcfcf;\n\t\t\t}\n\t\t\t#gallery-1 .gallery-caption {\n\t\t\t\tmargin-left: 0;\n\t\t\t}\n\t\t\t\/* see gallery_shortcode() in wp-includes\/media.php *\/\n\t\t<\/style>\n\t\t<div id='gallery-1' class='gallery galleryid-9858 gallery-columns-0 gallery-size-thumbnail'><dl class='gallery-item'>\n\t\t\t<dt class='gallery-icon landscape'>\n\t\t\t\t<a href='https:\/\/zskarlino.pl\/wp-content\/uploads\/2018\/03\/25734480_1783020395041342_8541347389650505774_o.jpg' data-full='https:\/\/zskarlino.pl\/wp-content\/uploads\/2018\/03\/25734480_1783020395041342_8541347389650505774_o.jpg' rel=\"lightbox[9858]\"><img loading=\"lazy\" decoding=\"async\" width=\"150\" height=\"150\" src=\"https:\/\/zskarlino.pl\/wp-content\/uploads\/2018\/03\/25734480_1783020395041342_8541347389650505774_o-150x150.jpg\" class=\"attachment-thumbnail size-thumbnail\" alt=\"\" \/><\/a>\n\t\t\t<\/dt><\/dl><dl class='gallery-item'>\n\t\t\t<dt class='gallery-icon landscape'>\n\t\t\t\t<a href='https:\/\/zskarlino.pl\/wp-content\/uploads\/2018\/03\/25587981_1783018915041490_285830508506415471_o.jpg' data-full='https:\/\/zskarlino.pl\/wp-content\/uploads\/2018\/03\/25587981_1783018915041490_285830508506415471_o.jpg' rel=\"lightbox[9858]\"><img loading=\"lazy\" decoding=\"async\" width=\"150\" height=\"150\" src=\"https:\/\/zskarlino.pl\/wp-content\/uploads\/2018\/03\/25587981_1783018915041490_285830508506415471_o-150x150.jpg\" class=\"attachment-thumbnail size-thumbnail\" alt=\"\" \/><\/a>\n\t\t\t<\/dt><\/dl><dl class='gallery-item'>\n\t\t\t<dt class='gallery-icon landscape'>\n\t\t\t\t<a href='https:\/\/zskarlino.pl\/wp-content\/uploads\/2018\/03\/25532137_1783019211708127_5009974417478788703_o.jpg' data-full='https:\/\/zskarlino.pl\/wp-content\/uploads\/2018\/03\/25532137_1783019211708127_5009974417478788703_o.jpg' rel=\"lightbox[9858]\"><img loading=\"lazy\" decoding=\"async\" width=\"150\" height=\"150\" src=\"https:\/\/zskarlino.pl\/wp-content\/uploads\/2018\/03\/25532137_1783019211708127_5009974417478788703_o-150x150.jpg\" class=\"attachment-thumbnail size-thumbnail\" alt=\"\" \/><\/a>\n\t\t\t<\/dt><\/dl>\n\t\t<\/div>\n<\/div>\n<p style=\"text-align: justify;\">Apel o zwyczajach bo\u017conarodzeniowych w wykonaniu\u00a0klas 3 B i 3C pod opiek\u0105 pani Renaty Jagu\u015bcik-Rudnickiej i pani Beaty Kad\u0142ubowskiej. By\u0142o weso\u0142o, kol\u0119dowo i historycznie. Pan dyrektor Zbigniew Pawlik apelowa\u0142 o bezpieczne \u015bwi\u0119towanie i z\u0142o\u017cy\u0142 wszystkim \u017cyczenia \u015bwi\u0105teczno-noworoczne. Do zobaczenia w 2018 r.!<\/p>\n<p style=\"text-align: right;\"><em>Norbert Potomski<\/em><\/p>\n<div class='fotorama--wp' data-link='file'data-size='large'data-ids='9864,9863,9861,9860'data-itemtag='dl'data-icontag='dt'data-captiontag='dd'data-columns='0'data-width='750'data-auto='false'data-max-width='100%'data-ratio='1.5090543259557'>\n\t\t<style type=\"text\/css\">\n\t\t\t#gallery-3 {\n\t\t\t\tmargin: auto;\n\t\t\t}\n\t\t\t#gallery-3 .gallery-item {\n\t\t\t\tfloat: left;\n\t\t\t\tmargin-top: 10px;\n\t\t\t\ttext-align: center;\n\t\t\t\twidth: 100%;\n\t\t\t}\n\t\t\t#gallery-3 img {\n\t\t\t\tborder: 2px solid #cfcfcf;\n\t\t\t}\n\t\t\t#gallery-3 .gallery-caption {\n\t\t\t\tmargin-left: 0;\n\t\t\t}\n\t\t\t\/* see gallery_shortcode() in wp-includes\/media.php *\/\n\t\t<\/style>\n\t\t<div id='gallery-3' class='gallery galleryid-9858 gallery-columns-0 gallery-size-thumbnail'><dl class='gallery-item'>\n\t\t\t<dt class='gallery-icon landscape'>\n\t\t\t\t<a href='https:\/\/zskarlino.pl\/wp-content\/uploads\/2018\/03\/25586878_1783050138371701_3504867642600041992_o.jpg' data-full='https:\/\/zskarlino.pl\/wp-content\/uploads\/2018\/03\/25586878_1783050138371701_3504867642600041992_o.jpg' rel=\"lightbox[9858]\"><img loading=\"lazy\" decoding=\"async\" width=\"150\" height=\"150\" src=\"https:\/\/zskarlino.pl\/wp-content\/uploads\/2018\/03\/25586878_1783050138371701_3504867642600041992_o-150x150.jpg\" class=\"attachment-thumbnail size-thumbnail\" alt=\"\" \/><\/a>\n\t\t\t<\/dt><\/dl><dl class='gallery-item'>\n\t\t\t<dt class='gallery-icon landscape'>\n\t\t\t\t<a href='https:\/\/zskarlino.pl\/wp-content\/uploads\/2018\/03\/25542383_1783050135038368_183055167051951906_o.jpg' data-full='https:\/\/zskarlino.pl\/wp-content\/uploads\/2018\/03\/25542383_1783050135038368_183055167051951906_o.jpg' rel=\"lightbox[9858]\"><img loading=\"lazy\" decoding=\"async\" width=\"150\" height=\"150\" src=\"https:\/\/zskarlino.pl\/wp-content\/uploads\/2018\/03\/25542383_1783050135038368_183055167051951906_o-150x150.jpg\" class=\"attachment-thumbnail size-thumbnail\" alt=\"\" \/><\/a>\n\t\t\t<\/dt><\/dl><dl class='gallery-item'>\n\t\t\t<dt class='gallery-icon landscape'>\n\t\t\t\t<a href='https:\/\/zskarlino.pl\/wp-content\/uploads\/2018\/03\/25532040_1783050131705035_6172249087239899398_o.jpg' data-full='https:\/\/zskarlino.pl\/wp-content\/uploads\/2018\/03\/25532040_1783050131705035_6172249087239899398_o.jpg' rel=\"lightbox[9858]\"><img loading=\"lazy\" decoding=\"async\" width=\"150\" height=\"150\" src=\"https:\/\/zskarlino.pl\/wp-content\/uploads\/2018\/03\/25532040_1783050131705035_6172249087239899398_o-150x150.jpg\" class=\"attachment-thumbnail size-thumbnail\" alt=\"\" \/><\/a>\n\t\t\t<\/dt><\/dl><dl class='gallery-item'>\n\t\t\t<dt class='gallery-icon portrait'>\n\t\t\t\t<a href='https:\/\/zskarlino.pl\/wp-content\/uploads\/2018\/03\/25532002_1783050325038349_4525985989024390252_o-797x1024.jpg' data-full='https:\/\/zskarlino.pl\/wp-content\/uploads\/2018\/03\/25532002_1783050325038349_4525985989024390252_o.jpg' rel=\"lightbox[9858]\"><img loading=\"lazy\" decoding=\"async\" width=\"150\" height=\"150\" src=\"https:\/\/zskarlino.pl\/wp-content\/uploads\/2018\/03\/25532002_1783050325038349_4525985989024390252_o-150x150.jpg\" class=\"attachment-thumbnail size-thumbnail\" alt=\"\" \/><\/a>\n\t\t\t<\/dt><\/dl>\n\t\t<\/div>\n<\/div>\n<p style=\"text-align: justify;\">Troch\u0119 inaczej postanowili ten przyjemny zwyczaj zaakcentowa\u0107 uczniowie klasy 3 D gimnazjum z wych. Marzen\u0105 Czarnas.<br \/>\nM\u0142odzie\u017c zamiast obdarowywa\u0107 si\u0119 symbolicznymi, \u015bwi\u0105tecznymi upominkami podj\u0119\u0142a decyzj\u0119, \u017ce tym razem zakupi prezent nie dla siebie &#8211; Mi\u015bki pocieszanki.<br \/>\nMi\u015bki &#8211; pocieszanki zosta\u0142y przekazane dla stacji Pogotowania Ratunkowego w Bia\u0142ogardzie, by w przykrych dla ma\u0142ych ofiar wypadk\u00f3w chwilach, sta\u0142y si\u0119 czym\u015b mi\u0142ym cho\u0107 na <span class=\"text_exposed_show\">moment. Pozwoli\u0142y zapomnie\u0107 o b\u00f3lu i strachu.<br \/>\nWarto r\u00f3wnie\u017c nadmieni\u0107, \u017ce zakupione maskotki wspomog\u0142y r\u00f3wnie\u017c Fundacj\u0119 Dajemy Dzieciom Si\u0142\u0119 &#8211; Smyk. <\/span><\/p>\n<div class=\"text_exposed_show\">\n<p style=\"text-align: right;\"><em>wych. M. Czarnas<\/em><\/p>\n<\/div>\n","protected":false},"excerpt":{"rendered":"<p>Apel o zwyczajach bo\u017conarodzeniowych w wykonaniu\u00a0klas 3 B i 3C pod opiek\u0105 pani Renaty Jagu\u015bcik-Rudnickiej i pani Beaty Kad\u0142ubowskiej. By\u0142o weso\u0142o, kol\u0119dowo i historycznie. Pan dyrektor Zbigniew Pawlik apelowa\u0142 o bezpieczne \u015bwi\u0119towanie i z\u0142o\u017cy\u0142 wszystkim \u017cyczenia \u015bwi\u0105teczno-noworoczne. Do zobaczenia w 2018 r.! Norbert Potomski Troch\u0119 inaczej postanowili ten przyjemny zwyczaj zaakcentowa\u0107 uczniowie klasy 3 D &hellip; <\/p>\n<p><a class=\"more-link btn\" href=\"https:\/\/zskarlino.pl\/?p=9858\">Czytaj dalej<\/a><\/p>\n","protected":false},"author":6,"featured_media":0,"comment_status":"closed","ping_status":"closed","sticky":false,"template":"","format":"standard","meta":{"footnotes":""},"categories":[3],"tags":[],"class_list":["post-9858","post","type-post","status-publish","format-standard","hentry","category-wydarzenia","item-wrap"],"_links":{"self":[{"href":"https:\/\/zskarlino.pl\/index.php?rest_route=\/wp\/v2\/posts\/9858","targetHints":{"allow":["GET"]}}],"collection":[{"href":"https:\/\/zskarlino.pl\/index.php?rest_route=\/wp\/v2\/posts"}],"about":[{"href":"https:\/\/zskarlino.pl\/index.php?rest_route=\/wp\/v2\/types\/post"}],"author":[{"embeddable":true,"href":"https:\/\/zskarlino.pl\/index.php?rest_route=\/wp\/v2\/users\/6"}],"replies":[{"embeddable":true,"href":"https:\/\/zskarlino.pl\/index.php?rest_route=%2Fwp%2Fv2%2Fcomments&post=9858"}],"version-history":[{"count":2,"href":"https:\/\/zskarlino.pl\/index.php?rest_route=\/wp\/v2\/posts\/9858\/revisions"}],"predecessor-version":[{"id":9868,"href":"https:\/\/zskarlino.pl\/index.php?rest_route=\/wp\/v2\/posts\/9858\/revisions\/9868"}],"wp:attachment":[{"href":"https:\/\/zskarlino.pl\/index.php?rest_route=%2Fwp%2Fv2%2Fmedia&parent=9858"}],"wp:term":[{"taxonomy":"category","embeddable":true,"href":"https:\/\/zskarlino.pl\/index.php?rest_route=%2Fwp%2Fv2%2Fcategories&post=9858"},{"taxonomy":"post_tag","embeddable":true,"href":"https:\/\/zskarlino.pl\/index.php?rest_route=%2Fwp%2Fv2%2Ftags&post=9858"}],"curies":[{"name":"wp","href":"https:\/\/api.w.org\/{rel}","templated":true}]}}