{"id":9855,"date":"2018-02-09T22:08:59","date_gmt":"2018-02-09T21:08:59","guid":{"rendered":"http:\/\/zskarlino.pl\/?p=9855"},"modified":"2018-03-08T22:13:47","modified_gmt":"2018-03-08T21:13:47","slug":"ach-co-to-byl-za-bal","status":"publish","type":"post","link":"https:\/\/zskarlino.pl\/?p=9855","title":{"rendered":"Ach! Co to by\u0142 za bal!"},"content":{"rendered":"<p><iframe loading=\"lazy\" style=\"border: none; overflow: hidden;\" src=\"https:\/\/www.facebook.com\/plugins\/video.php?href=https%3A%2F%2Fwww.facebook.com%2Fzskarlino%2Fvideos%2F1840028286007219%2F&amp;show_text=0&amp;width=560\" width=\"560\" height=\"315\" frameborder=\"0\" scrolling=\"no\" allowfullscreen=\"allowfullscreen\"><\/iframe><\/p>\n<p style=\"text-align: justify;\">W pi\u0105tek 9 lutego 2018 r. uczniowie ostatnich klas gimnazjum prze\u017cyli sw\u00f3j bal gimnazjalny. Inaczej ni\u017c w poprzednich latach &#8211; nie w czerwcu, a w lutym.\u00a0Pi\u0119kni, uroczy\u015bci, u\u015bmiechni\u0119ci &#8211; naprawd\u0119 sprawiali niesamowite wra\u017cenie!<br \/>\nBal rozpocz\u0105\u0142 si\u0119 tradycyjnie polonezem. Rada Rodzic\u00f3w ufundowa\u0142a ogromny tort\u2026 a potem? Hol szko\u0142y zamieni\u0142 si\u0119 w sal\u0119 dyskotekow\u0105.<br \/>\nWszyscy bawili si\u0119 wspaniale i do samego ko\u0144ca. \u017bal by\u0142o si\u0119 rozchodzi\u0107.<span class=\"text_exposed_show\"><br \/>\nPodzi\u0119kowania nale\u017c\u0105 si\u0119 wszystkim &#8211; M\u0142odzie\u017cy, Rodzicom, Pracownikom Szko\u0142y.<br \/>\nPrzed M\u0142odzie\u017c\u0105 teraz intensywne przygotowania do egzaminu gimnazjalnego. \u017byczymy wytrwa\u0142o\u015bci!<\/span><\/p>\n<p style=\"text-align: justify;\">Poni\u017cej odno\u015bniki do zdj\u0119\u0107 z balu.<\/p>\n<p><span style=\"text-decoration: underline; color: #ff0000;\"><strong><a style=\"color: #ff0000; text-decoration: underline;\" href=\"https:\/\/www.facebook.com\/media\/set\/?set=a.1835668296443218.1073741876.449393925070669&amp;type=1&amp;l=d7206c60ee\" target=\"_blank\" rel=\"noopener\">GALERIA 1<\/a><\/strong><\/span><\/p>\n<p><span style=\"text-decoration: underline; color: #ff0000;\"><strong><a style=\"color: #ff0000; text-decoration: underline;\" href=\"https:\/\/www.facebook.com\/media\/set\/?set=a.1835668296443218.1073741876.449393925070669&amp;type=1&amp;l=d7206c60ee\" target=\"_blank\" rel=\"noopener\">GALERIA 2<\/a><\/strong><\/span><\/p>\n<p style=\"text-align: right;\"><em>Marzena Czarnas<\/em><\/p>\n","protected":false},"excerpt":{"rendered":"<p>W pi\u0105tek 9 lutego 2018 r. uczniowie ostatnich klas gimnazjum prze\u017cyli sw\u00f3j bal gimnazjalny. Inaczej ni\u017c w poprzednich latach &#8211; nie w czerwcu, a w lutym.\u00a0Pi\u0119kni, uroczy\u015bci, u\u015bmiechni\u0119ci &#8211; naprawd\u0119 sprawiali niesamowite wra\u017cenie! Bal rozpocz\u0105\u0142 si\u0119 tradycyjnie polonezem. Rada Rodzic\u00f3w ufundowa\u0142a ogromny tort\u2026 a potem? Hol szko\u0142y zamieni\u0142 si\u0119 w sal\u0119 dyskotekow\u0105. Wszyscy bawili si\u0119 &hellip; <\/p>\n<p><a class=\"more-link btn\" href=\"https:\/\/zskarlino.pl\/?p=9855\">Czytaj dalej<\/a><\/p>\n","protected":false},"author":6,"featured_media":0,"comment_status":"closed","ping_status":"closed","sticky":false,"template":"","format":"standard","meta":{"footnotes":""},"categories":[3],"tags":[],"class_list":["post-9855","post","type-post","status-publish","format-standard","hentry","category-wydarzenia","item-wrap"],"_links":{"self":[{"href":"https:\/\/zskarlino.pl\/index.php?rest_route=\/wp\/v2\/posts\/9855","targetHints":{"allow":["GET"]}}],"collection":[{"href":"https:\/\/zskarlino.pl\/index.php?rest_route=\/wp\/v2\/posts"}],"about":[{"href":"https:\/\/zskarlino.pl\/index.php?rest_route=\/wp\/v2\/types\/post"}],"author":[{"embeddable":true,"href":"https:\/\/zskarlino.pl\/index.php?rest_route=\/wp\/v2\/users\/6"}],"replies":[{"embeddable":true,"href":"https:\/\/zskarlino.pl\/index.php?rest_route=%2Fwp%2Fv2%2Fcomments&post=9855"}],"version-history":[{"count":1,"href":"https:\/\/zskarlino.pl\/index.php?rest_route=\/wp\/v2\/posts\/9855\/revisions"}],"predecessor-version":[{"id":9856,"href":"https:\/\/zskarlino.pl\/index.php?rest_route=\/wp\/v2\/posts\/9855\/revisions\/9856"}],"wp:attachment":[{"href":"https:\/\/zskarlino.pl\/index.php?rest_route=%2Fwp%2Fv2%2Fmedia&parent=9855"}],"wp:term":[{"taxonomy":"category","embeddable":true,"href":"https:\/\/zskarlino.pl\/index.php?rest_route=%2Fwp%2Fv2%2Fcategories&post=9855"},{"taxonomy":"post_tag","embeddable":true,"href":"https:\/\/zskarlino.pl\/index.php?rest_route=%2Fwp%2Fv2%2Ftags&post=9855"}],"curies":[{"name":"wp","href":"https:\/\/api.w.org\/{rel}","templated":true}]}}