{"id":9848,"date":"2018-02-26T22:07:51","date_gmt":"2018-02-26T21:07:51","guid":{"rendered":"http:\/\/zskarlino.pl\/?p=9848"},"modified":"2018-03-08T22:08:21","modified_gmt":"2018-03-08T21:08:21","slug":"9848","status":"publish","type":"post","link":"https:\/\/zskarlino.pl\/?p=9848","title":{"rendered":"Spotkanie z przedstawicielem IPN"},"content":{"rendered":"<p style=\"text-align: justify;\">W dniu 22.02.2018 r. odby\u0142o si\u0119 w Zespole Szk\u00f3\u0142 w Karlinie spotkanie z p. Marcinem Ozg\u0105 &#8211; przedstawicielem IPN w Szczecinie \u2013 Delegatura Koszalin w zwi\u0105zku z przypadaj\u0105cymi na 1 marca obchodami Narodowego \u015awi\u0119ta \u017bo\u0142nierzy Wykl\u0119tych. Tematem tych pierwszych spotka\u0144 by\u0142o wspomnienie o \u017co\u0142nierzach polskiego podziemia antykomunistycznego w latach 1944-1963. Uczniowie z klas III gimnazjum mieli okazj\u0119 pos\u0142ucha\u0107 historii najbardziej znanych dow\u00f3dc\u00f3w, bohater\u00f3w tej nier\u00f3wnej walki o wolno\u015b\u0107 i niepodleg\u0142o\u015b\u0107 przeciwko okupacji sowieckiej.<\/p>\n<div class='fotorama--wp' data-link='file'data-size='large'data-ids='9849,9850,9851,9852'data-itemtag='dl'data-icontag='dt'data-captiontag='dd'data-columns='0'data-width='750'data-auto='false'data-max-width='100%'data-ratio='1.3321492007105'>\n\t\t<style type=\"text\/css\">\n\t\t\t#gallery-1 {\n\t\t\t\tmargin: auto;\n\t\t\t}\n\t\t\t#gallery-1 .gallery-item {\n\t\t\t\tfloat: left;\n\t\t\t\tmargin-top: 10px;\n\t\t\t\ttext-align: center;\n\t\t\t\twidth: 100%;\n\t\t\t}\n\t\t\t#gallery-1 img {\n\t\t\t\tborder: 2px solid #cfcfcf;\n\t\t\t}\n\t\t\t#gallery-1 .gallery-caption {\n\t\t\t\tmargin-left: 0;\n\t\t\t}\n\t\t\t\/* see gallery_shortcode() in wp-includes\/media.php *\/\n\t\t<\/style>\n\t\t<div id='gallery-1' class='gallery galleryid-9848 gallery-columns-0 gallery-size-thumbnail'><dl class='gallery-item'>\n\t\t\t<dt class='gallery-icon landscape'>\n\t\t\t\t<a href='https:\/\/zskarlino.pl\/wp-content\/uploads\/2018\/03\/20626523_1853473641329350_101013589580819715_o.jpg' data-full='https:\/\/zskarlino.pl\/wp-content\/uploads\/2018\/03\/20626523_1853473641329350_101013589580819715_o.jpg' rel=\"lightbox[9848]\"><img loading=\"lazy\" decoding=\"async\" width=\"150\" height=\"150\" src=\"https:\/\/zskarlino.pl\/wp-content\/uploads\/2018\/03\/20626523_1853473641329350_101013589580819715_o-150x150.jpg\" class=\"attachment-thumbnail size-thumbnail\" alt=\"\" \/><\/a>\n\t\t\t<\/dt><\/dl><dl class='gallery-item'>\n\t\t\t<dt class='gallery-icon landscape'>\n\t\t\t\t<a href='https:\/\/zskarlino.pl\/wp-content\/uploads\/2018\/03\/28238921_1853473854662662_7927285855633801863_o.jpg' data-full='https:\/\/zskarlino.pl\/wp-content\/uploads\/2018\/03\/28238921_1853473854662662_7927285855633801863_o.jpg' rel=\"lightbox[9848]\"><img loading=\"lazy\" decoding=\"async\" width=\"150\" height=\"150\" src=\"https:\/\/zskarlino.pl\/wp-content\/uploads\/2018\/03\/28238921_1853473854662662_7927285855633801863_o-150x150.jpg\" class=\"attachment-thumbnail size-thumbnail\" alt=\"\" \/><\/a>\n\t\t\t<\/dt><\/dl><dl class='gallery-item'>\n\t\t\t<dt class='gallery-icon landscape'>\n\t\t\t\t<a href='https:\/\/zskarlino.pl\/wp-content\/uploads\/2018\/03\/28337373_1853474124662635_3802195646352406433_o.jpg' data-full='https:\/\/zskarlino.pl\/wp-content\/uploads\/2018\/03\/28337373_1853474124662635_3802195646352406433_o.jpg' rel=\"lightbox[9848]\"><img loading=\"lazy\" decoding=\"async\" width=\"150\" height=\"150\" src=\"https:\/\/zskarlino.pl\/wp-content\/uploads\/2018\/03\/28337373_1853474124662635_3802195646352406433_o-150x150.jpg\" class=\"attachment-thumbnail size-thumbnail\" alt=\"\" \/><\/a>\n\t\t\t<\/dt><\/dl><dl class='gallery-item'>\n\t\t\t<dt class='gallery-icon landscape'>\n\t\t\t\t<a href='https:\/\/zskarlino.pl\/wp-content\/uploads\/2018\/03\/28514985_1853474007995980_2216756740405056689_o.jpg' data-full='https:\/\/zskarlino.pl\/wp-content\/uploads\/2018\/03\/28514985_1853474007995980_2216756740405056689_o.jpg' rel=\"lightbox[9848]\"><img loading=\"lazy\" decoding=\"async\" width=\"150\" height=\"150\" src=\"https:\/\/zskarlino.pl\/wp-content\/uploads\/2018\/03\/28514985_1853474007995980_2216756740405056689_o-150x150.jpg\" class=\"attachment-thumbnail size-thumbnail\" alt=\"\" \/><\/a>\n\t\t\t<\/dt><\/dl>\n\t\t<\/div>\n<\/div>\n<p style=\"text-align: right;\"><em>Norbert Potomski<\/em><\/p>\n","protected":false},"excerpt":{"rendered":"<p>W dniu 22.02.2018 r. odby\u0142o si\u0119 w Zespole Szk\u00f3\u0142 w Karlinie spotkanie z p. Marcinem Ozg\u0105 &#8211; przedstawicielem IPN w Szczecinie \u2013 Delegatura Koszalin w zwi\u0105zku z przypadaj\u0105cymi na 1 marca obchodami Narodowego \u015awi\u0119ta \u017bo\u0142nierzy Wykl\u0119tych. Tematem tych pierwszych spotka\u0144 by\u0142o wspomnienie o \u017co\u0142nierzach polskiego podziemia antykomunistycznego w latach 1944-1963. Uczniowie z klas III gimnazjum &hellip; <\/p>\n<p><a class=\"more-link btn\" href=\"https:\/\/zskarlino.pl\/?p=9848\">Czytaj dalej<\/a><\/p>\n","protected":false},"author":6,"featured_media":0,"comment_status":"closed","ping_status":"closed","sticky":false,"template":"","format":"standard","meta":{"footnotes":""},"categories":[3],"tags":[],"class_list":["post-9848","post","type-post","status-publish","format-standard","hentry","category-wydarzenia","item-wrap"],"_links":{"self":[{"href":"https:\/\/zskarlino.pl\/index.php?rest_route=\/wp\/v2\/posts\/9848","targetHints":{"allow":["GET"]}}],"collection":[{"href":"https:\/\/zskarlino.pl\/index.php?rest_route=\/wp\/v2\/posts"}],"about":[{"href":"https:\/\/zskarlino.pl\/index.php?rest_route=\/wp\/v2\/types\/post"}],"author":[{"embeddable":true,"href":"https:\/\/zskarlino.pl\/index.php?rest_route=\/wp\/v2\/users\/6"}],"replies":[{"embeddable":true,"href":"https:\/\/zskarlino.pl\/index.php?rest_route=%2Fwp%2Fv2%2Fcomments&post=9848"}],"version-history":[{"count":2,"href":"https:\/\/zskarlino.pl\/index.php?rest_route=\/wp\/v2\/posts\/9848\/revisions"}],"predecessor-version":[{"id":9854,"href":"https:\/\/zskarlino.pl\/index.php?rest_route=\/wp\/v2\/posts\/9848\/revisions\/9854"}],"wp:attachment":[{"href":"https:\/\/zskarlino.pl\/index.php?rest_route=%2Fwp%2Fv2%2Fmedia&parent=9848"}],"wp:term":[{"taxonomy":"category","embeddable":true,"href":"https:\/\/zskarlino.pl\/index.php?rest_route=%2Fwp%2Fv2%2Fcategories&post=9848"},{"taxonomy":"post_tag","embeddable":true,"href":"https:\/\/zskarlino.pl\/index.php?rest_route=%2Fwp%2Fv2%2Ftags&post=9848"}],"curies":[{"name":"wp","href":"https:\/\/api.w.org\/{rel}","templated":true}]}}