{"id":9844,"date":"2018-03-03T22:01:44","date_gmt":"2018-03-03T21:01:44","guid":{"rendered":"http:\/\/zskarlino.pl\/?p=9844"},"modified":"2018-03-08T22:04:40","modified_gmt":"2018-03-08T21:04:40","slug":"sukces-julii-iskrzyckiej","status":"publish","type":"post","link":"https:\/\/zskarlino.pl\/?p=9844","title":{"rendered":"Sukces Julii Iskrzyckiej!"},"content":{"rendered":"<p style=\"text-align: justify;\">Z ogromn\u0105 rado\u015bci\u0105 chcemy poinformowa\u0107 o kolejnym sukcesie naszej uczennicy Julii!<br \/>\nJulka wzi\u0119\u0142a udzia\u0142 w konkursie plastycznym zorganizowanym przez ZS nr 2 w Koszalinie nt. &#8222;Szkodliwo\u015bci ha\u0142asu&#8221;. Konkurs zosta\u0142 przeprowadzony pod patronatem Prezydenta Miasta Koszalina.<br \/>\nPraca Julii okaza\u0142a si\u0119 najlepsza!\u00a0Serdecznie gratulujemy!<\/p>\n<p style=\"text-align: justify;\">\n<p style=\"text-align: justify;\"><img loading=\"lazy\" decoding=\"async\" class=\"aligncenter size-full wp-image-9845\" src=\"http:\/\/zskarlino.pl\/wp-content\/uploads\/2018\/03\/28379567_1858572787486102_1602077362895383228_n.jpg\" alt=\"28379567_1858572787486102_1602077362895383228_n\" width=\"800\" height=\"603\" srcset=\"https:\/\/zskarlino.pl\/wp-content\/uploads\/2018\/03\/28379567_1858572787486102_1602077362895383228_n.jpg 800w, https:\/\/zskarlino.pl\/wp-content\/uploads\/2018\/03\/28379567_1858572787486102_1602077362895383228_n-300x226.jpg 300w\" sizes=\"auto, (max-width: 800px) 100vw, 800px\" \/> <img loading=\"lazy\" decoding=\"async\" class=\"aligncenter size-full wp-image-9846\" src=\"http:\/\/zskarlino.pl\/wp-content\/uploads\/2018\/03\/28516042_1863579186985462_583199097910345644_o.jpg\" alt=\"28516042_1863579186985462_583199097910345644_o\" width=\"800\" height=\"1067\" srcset=\"https:\/\/zskarlino.pl\/wp-content\/uploads\/2018\/03\/28516042_1863579186985462_583199097910345644_o.jpg 800w, https:\/\/zskarlino.pl\/wp-content\/uploads\/2018\/03\/28516042_1863579186985462_583199097910345644_o-225x300.jpg 225w, https:\/\/zskarlino.pl\/wp-content\/uploads\/2018\/03\/28516042_1863579186985462_583199097910345644_o-768x1024.jpg 768w\" sizes=\"auto, (max-width: 800px) 100vw, 800px\" \/><\/p>\n<p style=\"text-align: justify;\"><span class=\"text_exposed_show\"><br \/>\nChc\u0119 r\u00f3wnie\u017c poinformowa\u0107, \u017ce Julia si\u0119 rozkr\u0119ca i obiecujemy, \u017ce nie jest to ostatnia &#8211; tak radosna &#8211; informacja!<\/span><\/p>\n<div class=\"text_exposed_show\">\n<p style=\"text-align: right;\"><em>op. M. Czarnas<\/em><\/p>\n<\/div>\n","protected":false},"excerpt":{"rendered":"<p>Z ogromn\u0105 rado\u015bci\u0105 chcemy poinformowa\u0107 o kolejnym sukcesie naszej uczennicy Julii! Julka wzi\u0119\u0142a udzia\u0142 w konkursie plastycznym zorganizowanym przez ZS nr 2 w Koszalinie nt. &#8222;Szkodliwo\u015bci ha\u0142asu&#8221;. Konkurs zosta\u0142 przeprowadzony pod patronatem Prezydenta Miasta Koszalina. Praca Julii okaza\u0142a si\u0119 najlepsza!\u00a0Serdecznie gratulujemy! Chc\u0119 r\u00f3wnie\u017c poinformowa\u0107, \u017ce Julia si\u0119 rozkr\u0119ca i obiecujemy, \u017ce nie jest to ostatnia &hellip; <\/p>\n<p><a class=\"more-link btn\" href=\"https:\/\/zskarlino.pl\/?p=9844\">Czytaj dalej<\/a><\/p>\n","protected":false},"author":6,"featured_media":0,"comment_status":"closed","ping_status":"closed","sticky":false,"template":"","format":"standard","meta":{"footnotes":""},"categories":[3],"tags":[],"class_list":["post-9844","post","type-post","status-publish","format-standard","hentry","category-wydarzenia","item-wrap"],"_links":{"self":[{"href":"https:\/\/zskarlino.pl\/index.php?rest_route=\/wp\/v2\/posts\/9844","targetHints":{"allow":["GET"]}}],"collection":[{"href":"https:\/\/zskarlino.pl\/index.php?rest_route=\/wp\/v2\/posts"}],"about":[{"href":"https:\/\/zskarlino.pl\/index.php?rest_route=\/wp\/v2\/types\/post"}],"author":[{"embeddable":true,"href":"https:\/\/zskarlino.pl\/index.php?rest_route=\/wp\/v2\/users\/6"}],"replies":[{"embeddable":true,"href":"https:\/\/zskarlino.pl\/index.php?rest_route=%2Fwp%2Fv2%2Fcomments&post=9844"}],"version-history":[{"count":1,"href":"https:\/\/zskarlino.pl\/index.php?rest_route=\/wp\/v2\/posts\/9844\/revisions"}],"predecessor-version":[{"id":9847,"href":"https:\/\/zskarlino.pl\/index.php?rest_route=\/wp\/v2\/posts\/9844\/revisions\/9847"}],"wp:attachment":[{"href":"https:\/\/zskarlino.pl\/index.php?rest_route=%2Fwp%2Fv2%2Fmedia&parent=9844"}],"wp:term":[{"taxonomy":"category","embeddable":true,"href":"https:\/\/zskarlino.pl\/index.php?rest_route=%2Fwp%2Fv2%2Fcategories&post=9844"},{"taxonomy":"post_tag","embeddable":true,"href":"https:\/\/zskarlino.pl\/index.php?rest_route=%2Fwp%2Fv2%2Ftags&post=9844"}],"curies":[{"name":"wp","href":"https:\/\/api.w.org\/{rel}","templated":true}]}}