{"id":9839,"date":"2018-03-03T21:57:09","date_gmt":"2018-03-03T20:57:09","guid":{"rendered":"http:\/\/zskarlino.pl\/?p=9839"},"modified":"2018-03-08T22:01:16","modified_gmt":"2018-03-08T21:01:16","slug":"9839","status":"publish","type":"post","link":"https:\/\/zskarlino.pl\/?p=9839","title":{"rendered":"Szkolne Ko\u0142o Caritas w Warszawie"},"content":{"rendered":"<div id=\"js_5k6\" class=\"_5pbx userContent _3576\" data-ft=\"{&quot;tn&quot;:&quot;K&quot;}\">\n<div id=\"id_5aa1a2ced80ab8e89233318\" class=\"text_exposed_root text_exposed\">\n<p style=\"text-align: justify;\"><img loading=\"lazy\" decoding=\"async\" class=\"aligncenter size-full wp-image-9841\" src=\"http:\/\/zskarlino.pl\/wp-content\/uploads\/2018\/03\/28616592_1858947057448675_3787557580313423772_o.jpg\" alt=\"28616592_1858947057448675_3787557580313423772_o\" width=\"900\" height=\"596\" srcset=\"https:\/\/zskarlino.pl\/wp-content\/uploads\/2018\/03\/28616592_1858947057448675_3787557580313423772_o.jpg 900w, https:\/\/zskarlino.pl\/wp-content\/uploads\/2018\/03\/28616592_1858947057448675_3787557580313423772_o-300x199.jpg 300w\" sizes=\"auto, (max-width: 900px) 100vw, 900px\" \/><\/p>\n<p style=\"text-align: justify;\"><span style=\"text-decoration: underline;\"><strong><span style=\"color: #ff0000; text-decoration: underline;\">Pe\u0142na galeria zdj\u0119\u0107:<\/span> <\/strong><a href=\"https:\/\/www.facebook.com\/media\/set\/?set=a.1858945254115522.1073741884.449393925070669&amp;type=1&amp;l=5845f697ed\" target=\"_blank\" rel=\"noopener\">GALERIA<\/a><\/span><\/p>\n<p style=\"text-align: justify;\">W dniach od 28 stycznia do 2 lutego 2018 roku wolontariusze ze Szkolnego Ko\u0142a Caritas przy Zespole Szkol w Karlinie pod opiek\u0105 ks. Tomasza Kmiecika i p. Joanny Widuli\u0144skiej uczestniczyli w wycieczce do Warszawy.<br \/>\nZobaczyli m.in. Stare Miasto, Cmentarz wojskowy na Pow\u0105zkach oraz Gr\u00f3b Nieznanego \u017bo\u0142nierza. Zwiedzili r\u00f3wnie\u017c Muzeum Powstania Warszawskiego, Muzeum Historii \u017byd\u00f3w Polskich POLIN oraz Muzeum Wi\u0119zienia Pawiak. Wsp\u00f3lnie bawili si\u0119 w Centrum Nauki Kopernik. Podczas po<span class=\"text_exposed_show\">bytu po\u015bwiecili jeden dzie\u0144 na wolontariat i pomoc w Zak\u0142adzie Piel\u0119gnacyjno-Opieku\u0144czym \u201ePok\u00f3j i Dobro\u201d prowadzonym przez Siostry Wynagrodzicielki Naj\u015bwi\u0119tszego Oblicza w Otwocku. Wycieczka mia\u0142a charakter historyczny i wypoczynkowy, ale tak\u017ce w praktyce ukaza\u0142a cele wolontariatu. Ka\u017cdy wolontariusz wie, \u017ce pomaga\u0107 nale\u017cy wszedzie, nietylko w najblizszym otoczeniu. Wycieczka ta po\u0142\u0105czy\u0142a zatem przyjemne z po\u017cytecznym.<\/span><\/p>\n<div class=\"text_exposed_show\">\n<p style=\"text-align: right;\"><em>Julia Iskrzycka<\/em><\/p>\n<\/div>\n<\/div>\n<\/div>\n<div class=\"_3x-2\" data-ft=\"{&quot;tn&quot;:&quot;H&quot;}\"><\/div>\n","protected":false},"excerpt":{"rendered":"<p>Pe\u0142na galeria zdj\u0119\u0107: GALERIA W dniach od 28 stycznia do 2 lutego 2018 roku wolontariusze ze Szkolnego Ko\u0142a Caritas przy Zespole Szkol w Karlinie pod opiek\u0105 ks. Tomasza Kmiecika i p. Joanny Widuli\u0144skiej uczestniczyli w wycieczce do Warszawy. Zobaczyli m.in. Stare Miasto, Cmentarz wojskowy na Pow\u0105zkach oraz Gr\u00f3b Nieznanego \u017bo\u0142nierza. Zwiedzili r\u00f3wnie\u017c Muzeum Powstania Warszawskiego, &hellip; <\/p>\n<p><a class=\"more-link btn\" href=\"https:\/\/zskarlino.pl\/?p=9839\">Czytaj dalej<\/a><\/p>\n","protected":false},"author":6,"featured_media":0,"comment_status":"closed","ping_status":"closed","sticky":false,"template":"","format":"standard","meta":{"footnotes":""},"categories":[3],"tags":[],"class_list":["post-9839","post","type-post","status-publish","format-standard","hentry","category-wydarzenia","item-wrap"],"_links":{"self":[{"href":"https:\/\/zskarlino.pl\/index.php?rest_route=\/wp\/v2\/posts\/9839","targetHints":{"allow":["GET"]}}],"collection":[{"href":"https:\/\/zskarlino.pl\/index.php?rest_route=\/wp\/v2\/posts"}],"about":[{"href":"https:\/\/zskarlino.pl\/index.php?rest_route=\/wp\/v2\/types\/post"}],"author":[{"embeddable":true,"href":"https:\/\/zskarlino.pl\/index.php?rest_route=\/wp\/v2\/users\/6"}],"replies":[{"embeddable":true,"href":"https:\/\/zskarlino.pl\/index.php?rest_route=%2Fwp%2Fv2%2Fcomments&post=9839"}],"version-history":[{"count":2,"href":"https:\/\/zskarlino.pl\/index.php?rest_route=\/wp\/v2\/posts\/9839\/revisions"}],"predecessor-version":[{"id":9843,"href":"https:\/\/zskarlino.pl\/index.php?rest_route=\/wp\/v2\/posts\/9839\/revisions\/9843"}],"wp:attachment":[{"href":"https:\/\/zskarlino.pl\/index.php?rest_route=%2Fwp%2Fv2%2Fmedia&parent=9839"}],"wp:term":[{"taxonomy":"category","embeddable":true,"href":"https:\/\/zskarlino.pl\/index.php?rest_route=%2Fwp%2Fv2%2Fcategories&post=9839"},{"taxonomy":"post_tag","embeddable":true,"href":"https:\/\/zskarlino.pl\/index.php?rest_route=%2Fwp%2Fv2%2Ftags&post=9839"}],"curies":[{"name":"wp","href":"https:\/\/api.w.org\/{rel}","templated":true}]}}