{"id":9835,"date":"2018-03-06T21:54:14","date_gmt":"2018-03-06T20:54:14","guid":{"rendered":"http:\/\/zskarlino.pl\/?p=9835"},"modified":"2018-03-08T22:14:32","modified_gmt":"2018-03-08T21:14:32","slug":"czy-warto-sluchac-mlodziezy","status":"publish","type":"post","link":"https:\/\/zskarlino.pl\/?p=9835","title":{"rendered":"Czy warto s\u0142ucha\u0107 m\u0142odzie\u017cy?"},"content":{"rendered":"<p style=\"text-align: justify;\">\n<div class='fotorama--wp' data-link='file'data-size='large'data-ids='9837,9836'data-itemtag='dl'data-icontag='dt'data-captiontag='dd'data-columns='0'data-width='750'data-auto='false'data-max-width='100%'data-ratio='1.3321492007105'>\n\t\t<style type=\"text\/css\">\n\t\t\t#gallery-1 {\n\t\t\t\tmargin: auto;\n\t\t\t}\n\t\t\t#gallery-1 .gallery-item {\n\t\t\t\tfloat: left;\n\t\t\t\tmargin-top: 10px;\n\t\t\t\ttext-align: center;\n\t\t\t\twidth: 100%;\n\t\t\t}\n\t\t\t#gallery-1 img {\n\t\t\t\tborder: 2px solid #cfcfcf;\n\t\t\t}\n\t\t\t#gallery-1 .gallery-caption {\n\t\t\t\tmargin-left: 0;\n\t\t\t}\n\t\t\t\/* see gallery_shortcode() in wp-includes\/media.php *\/\n\t\t<\/style>\n\t\t<div id='gallery-1' class='gallery galleryid-9835 gallery-columns-0 gallery-size-thumbnail'><dl class='gallery-item'>\n\t\t\t<dt class='gallery-icon landscape'>\n\t\t\t\t<a href='https:\/\/zskarlino.pl\/wp-content\/uploads\/2018\/03\/28872709_1862126033797444_1523077122616938383_n.jpg' data-full='https:\/\/zskarlino.pl\/wp-content\/uploads\/2018\/03\/28872709_1862126033797444_1523077122616938383_n.jpg' rel=\"lightbox[9835]\"><img loading=\"lazy\" decoding=\"async\" width=\"150\" height=\"150\" src=\"https:\/\/zskarlino.pl\/wp-content\/uploads\/2018\/03\/28872709_1862126033797444_1523077122616938383_n-150x150.jpg\" class=\"attachment-thumbnail size-thumbnail\" alt=\"\" \/><\/a>\n\t\t\t<\/dt><\/dl><dl class='gallery-item'>\n\t\t\t<dt class='gallery-icon landscape'>\n\t\t\t\t<a href='https:\/\/zskarlino.pl\/wp-content\/uploads\/2018\/03\/28576757_1862126100464104_8493138766271399643_n.jpg' data-full='https:\/\/zskarlino.pl\/wp-content\/uploads\/2018\/03\/28576757_1862126100464104_8493138766271399643_n.jpg' rel=\"lightbox[9835]\"><img loading=\"lazy\" decoding=\"async\" width=\"150\" height=\"150\" src=\"https:\/\/zskarlino.pl\/wp-content\/uploads\/2018\/03\/28576757_1862126100464104_8493138766271399643_n-150x150.jpg\" class=\"attachment-thumbnail size-thumbnail\" alt=\"\" \/><\/a>\n\t\t\t<\/dt><\/dl>\n\t\t<\/div>\n<\/div>\n<p style=\"text-align: justify;\">Julia Kraczkowska (Przewodnicz\u0105ca MRM w Karlinie) oraz Julia Ciszek (Sekretarz MRM w Karlinie) uczestniczy\u0142y w Seminarium dla przedstawicieli lokalnych samorz\u0105d\u00f3w w Ko\u0142obrzegu. Seminarium obejmowa\u0142o dyskusj\u0119 na temat funkcji rad m\u0142odzie\u017cowych oraz wymian\u0119 do\u015bwiadcze\u0144 z r\u00f3wie\u015bnikami z regionu.<\/p>\n<p style=\"text-align: right;\"><em>Justyna Syga<\/em><\/p>\n","protected":false},"excerpt":{"rendered":"<p>Julia Kraczkowska (Przewodnicz\u0105ca MRM w Karlinie) oraz Julia Ciszek (Sekretarz MRM w Karlinie) uczestniczy\u0142y w Seminarium dla przedstawicieli lokalnych samorz\u0105d\u00f3w w Ko\u0142obrzegu. Seminarium obejmowa\u0142o dyskusj\u0119 na temat funkcji rad m\u0142odzie\u017cowych oraz wymian\u0119 do\u015bwiadcze\u0144 z r\u00f3wie\u015bnikami z regionu. Justyna Syga<\/p>\n","protected":false},"author":6,"featured_media":0,"comment_status":"closed","ping_status":"closed","sticky":false,"template":"","format":"standard","meta":{"footnotes":""},"categories":[3],"tags":[],"class_list":["post-9835","post","type-post","status-publish","format-standard","hentry","category-wydarzenia","item-wrap"],"_links":{"self":[{"href":"https:\/\/zskarlino.pl\/index.php?rest_route=\/wp\/v2\/posts\/9835","targetHints":{"allow":["GET"]}}],"collection":[{"href":"https:\/\/zskarlino.pl\/index.php?rest_route=\/wp\/v2\/posts"}],"about":[{"href":"https:\/\/zskarlino.pl\/index.php?rest_route=\/wp\/v2\/types\/post"}],"author":[{"embeddable":true,"href":"https:\/\/zskarlino.pl\/index.php?rest_route=\/wp\/v2\/users\/6"}],"replies":[{"embeddable":true,"href":"https:\/\/zskarlino.pl\/index.php?rest_route=%2Fwp%2Fv2%2Fcomments&post=9835"}],"version-history":[{"count":2,"href":"https:\/\/zskarlino.pl\/index.php?rest_route=\/wp\/v2\/posts\/9835\/revisions"}],"predecessor-version":[{"id":9857,"href":"https:\/\/zskarlino.pl\/index.php?rest_route=\/wp\/v2\/posts\/9835\/revisions\/9857"}],"wp:attachment":[{"href":"https:\/\/zskarlino.pl\/index.php?rest_route=%2Fwp%2Fv2%2Fmedia&parent=9835"}],"wp:term":[{"taxonomy":"category","embeddable":true,"href":"https:\/\/zskarlino.pl\/index.php?rest_route=%2Fwp%2Fv2%2Fcategories&post=9835"},{"taxonomy":"post_tag","embeddable":true,"href":"https:\/\/zskarlino.pl\/index.php?rest_route=%2Fwp%2Fv2%2Ftags&post=9835"}],"curies":[{"name":"wp","href":"https:\/\/api.w.org\/{rel}","templated":true}]}}