{"id":9808,"date":"2018-03-02T18:22:26","date_gmt":"2018-03-02T17:22:26","guid":{"rendered":"http:\/\/zskarlino.pl\/?p=9808"},"modified":"2018-03-02T18:33:19","modified_gmt":"2018-03-02T17:33:19","slug":"czwartki-z-wykletymi-niezlomnymi","status":"publish","type":"post","link":"https:\/\/zskarlino.pl\/?p=9808","title":{"rendered":"CZWARTKI Z WYKL\u0118TYMI &#8211; NIEZ\u0141OMNYMI"},"content":{"rendered":"<p style=\"text-align: justify;\">Zesp\u00f3\u0142 Szk\u00f3\u0142 w Karlinie wzorem ubieg\u0142ych lat przyst\u0105pi\u0142 do realizacji\u00a0 przedsi\u0119wzi\u0119\u0107 upami\u0119tniaj\u0105cych \u017bo\u0142nierzy Wykl\u0119tych &#8211; \u017bo\u0142nierzy Antykomunistycznego Oporu w latach 1944-1963. W ramach realizowanego programu 22 lutego 2018 r. odby\u0142y si\u0119 spotkania dla m\u0142odzie\u017cy klas III gimnazjum z przedstawicielem IPN Szczecin \u2013 Delegatura Koszalin Panem Marcinem Ozg\u0105, kt\u00f3ry wprowadzi\u0142 m\u0142odzie\u017c w podstawy wiedzy dotycz\u0105cej dzia\u0142alno\u015bci antykomunistycznej w Polsce po zako\u0144czeniu II Wojny \u015awiatowej.<\/p>\n<p style=\"text-align: justify;\"><img loading=\"lazy\" decoding=\"async\" class=\"alignleft wp-image-9810\" src=\"http:\/\/zskarlino.pl\/wp-content\/uploads\/2018\/03\/28235660_1853473761329338_7537809599042623583_o.jpg\" alt=\"28235660_1853473761329338_7537809599042623583_o\" width=\"273\" height=\"205\" srcset=\"https:\/\/zskarlino.pl\/wp-content\/uploads\/2018\/03\/28235660_1853473761329338_7537809599042623583_o.jpg 2048w, https:\/\/zskarlino.pl\/wp-content\/uploads\/2018\/03\/28235660_1853473761329338_7537809599042623583_o-300x225.jpg 300w, https:\/\/zskarlino.pl\/wp-content\/uploads\/2018\/03\/28235660_1853473761329338_7537809599042623583_o-1024x768.jpg 1024w\" sizes=\"auto, (max-width: 273px) 100vw, 273px\" \/><\/p>\n<p style=\"text-align: justify;\"><img loading=\"lazy\" decoding=\"async\" class=\"alignleft wp-image-9809\" src=\"http:\/\/zskarlino.pl\/wp-content\/uploads\/2018\/03\/ZS1_0007.jpg\" alt=\"ZS1_0007\" width=\"308\" height=\"206\" srcset=\"https:\/\/zskarlino.pl\/wp-content\/uploads\/2018\/03\/ZS1_0007.jpg 6000w, https:\/\/zskarlino.pl\/wp-content\/uploads\/2018\/03\/ZS1_0007-300x200.jpg 300w, https:\/\/zskarlino.pl\/wp-content\/uploads\/2018\/03\/ZS1_0007-1024x683.jpg 1024w\" sizes=\"auto, (max-width: 308px) 100vw, 308px\" \/><\/p>\n<p>&nbsp;<\/p>\n<p>&nbsp;<\/p>\n<p>&nbsp;<\/p>\n<p>&nbsp;<\/p>\n<p>&nbsp;<\/p>\n<p>&nbsp;<\/p>\n<p>&nbsp;<\/p>\n<p>&nbsp;<\/p>\n<p>&nbsp;<\/p>\n<p style=\"text-align: justify;\">Nast\u0119pnie ca\u0142a spo\u0142eczno\u015b\u0107 uczniowska Zespo\u0142u Szk\u00f3\u0142 w Karlinie w dniu\u00a01 marca uczestniczy\u0142a w okoliczno\u015bciowych spotkaniach z okazji Narodowego Dnia Pami\u0119ci o \u017bo\u0142nierzach Wykl\u0119tych oraz poznawali ich losy, poprzez wystaw\u0119 przygotowan\u0105 przez Stowarzyszenie Studenci dla Rzeczpospolitej \u201eNamioty Wykl\u0119tych\u201d.<\/p>\n<p><img loading=\"lazy\" decoding=\"async\" class=\"alignleft wp-image-9812\" src=\"http:\/\/zskarlino.pl\/wp-content\/uploads\/2018\/03\/ZS1_0042.jpg\" alt=\"ZS1_0042\" width=\"298\" height=\"198\" srcset=\"https:\/\/zskarlino.pl\/wp-content\/uploads\/2018\/03\/ZS1_0042.jpg 6000w, https:\/\/zskarlino.pl\/wp-content\/uploads\/2018\/03\/ZS1_0042-300x200.jpg 300w, https:\/\/zskarlino.pl\/wp-content\/uploads\/2018\/03\/ZS1_0042-1024x683.jpg 1024w\" sizes=\"auto, (max-width: 298px) 100vw, 298px\" \/><\/p>\n<p><img loading=\"lazy\" decoding=\"async\" class=\"alignleft wp-image-9813\" src=\"http:\/\/zskarlino.pl\/wp-content\/uploads\/2018\/03\/ZS1_0044.jpg\" alt=\"ZS1_0044\" width=\"298\" height=\"200\" srcset=\"https:\/\/zskarlino.pl\/wp-content\/uploads\/2018\/03\/ZS1_0044.jpg 6000w, https:\/\/zskarlino.pl\/wp-content\/uploads\/2018\/03\/ZS1_0044-300x200.jpg 300w, https:\/\/zskarlino.pl\/wp-content\/uploads\/2018\/03\/ZS1_0044-1024x683.jpg 1024w\" sizes=\"auto, (max-width: 298px) 100vw, 298px\" \/><\/p>\n<p>&nbsp;<\/p>\n<p>&nbsp;<\/p>\n<p>&nbsp;<\/p>\n<p>&nbsp;<\/p>\n<p>&nbsp;<\/p>\n<p>&nbsp;<\/p>\n<p>&nbsp;<\/p>\n<p>&nbsp;<\/p>\n<p>&nbsp;<\/p>\n<p style=\"text-align: justify;\">Wsp\u00f3lnie ze stowarzyszeniem, kt\u00f3re zapewni\u0142o materia\u0142y historyczne na wystaw\u0119 oraz inne pomoce dydaktyczne dla dzieci, odby\u0142y si\u0119 spotkania najm\u0142odszych \u2013 uczni\u00f3w klas III z pobliskiej szko\u0142y podstawowej. Najm\u0142odsi uczestnicy naszych uroczysto\u015bci maluj\u0105c postacie i symbole Wykl\u0119tych, poprzez zabaw\u0119 plastyczn\u0105 poznawali histori\u0119 z czas\u00f3w swoich dziadk\u00f3w.<\/p>\n<p><img loading=\"lazy\" decoding=\"async\" class=\"alignleft wp-image-9814\" src=\"http:\/\/zskarlino.pl\/wp-content\/uploads\/2018\/03\/ZS1_0011.jpg\" alt=\"ZS1_0011\" width=\"301\" height=\"200\" srcset=\"https:\/\/zskarlino.pl\/wp-content\/uploads\/2018\/03\/ZS1_0011.jpg 6000w, https:\/\/zskarlino.pl\/wp-content\/uploads\/2018\/03\/ZS1_0011-300x200.jpg 300w, https:\/\/zskarlino.pl\/wp-content\/uploads\/2018\/03\/ZS1_0011-1024x683.jpg 1024w\" sizes=\"auto, (max-width: 301px) 100vw, 301px\" \/><\/p>\n<p><img loading=\"lazy\" decoding=\"async\" class=\"alignleft wp-image-9815\" src=\"http:\/\/zskarlino.pl\/wp-content\/uploads\/2018\/03\/ZS1_0026.jpg\" alt=\"ZS1_0026\" width=\"279\" height=\"201\" srcset=\"https:\/\/zskarlino.pl\/wp-content\/uploads\/2018\/03\/ZS1_0026.jpg 4289w, https:\/\/zskarlino.pl\/wp-content\/uploads\/2018\/03\/ZS1_0026-300x216.jpg 300w, https:\/\/zskarlino.pl\/wp-content\/uploads\/2018\/03\/ZS1_0026-1024x737.jpg 1024w\" sizes=\"auto, (max-width: 279px) 100vw, 279px\" \/><\/p>\n<p>&nbsp;<\/p>\n<p>&nbsp;<\/p>\n<p>&nbsp;<\/p>\n<p>&nbsp;<\/p>\n<p>&nbsp;<\/p>\n<p>&nbsp;<\/p>\n<p>&nbsp;<\/p>\n<p>&nbsp;<\/p>\n<p style=\"text-align: justify;\">\n<p style=\"text-align: justify;\">G\u0142\u00f3wnym programem obchod\u00f3w by\u0142o z\u0142o\u017cenie zniczy na grobie\u00a0 pp\u0142k Wac\u0142awa Nestorowicza na karli\u0144skim cmentarzu.<br \/>\nBy\u0142 on w okresie okupacji niemieckiej i sowieckiej dow\u00f3dc\u0105 XIII okr\u0119gu Bia\u0142ystok Narodowych Si\u0142 Zbrojnych. Informacje<br \/>\no zmar\u0142ym w 1969 roku i jego wojennych losach zosta\u0142y w naszej lokalnej spo\u0142eczno\u015bci odkryte zaledwie trzy miesi\u0105ce wcze\u015bniej. Zapomniany, przez tyle lat odsy\u0142any w niepami\u0119\u0107 jak wszyscy \u017bo\u0142nierze Wykl\u0119ci wr\u00f3ci\u0142 do naszej historii jako ten Niez\u0142omny zas\u0142uguj\u0105cy na pami\u0119\u0107 i szacunek.<\/p>\n<p style=\"text-align: justify;\"><img loading=\"lazy\" decoding=\"async\" class=\"alignleft wp-image-9816\" src=\"http:\/\/zskarlino.pl\/wp-content\/uploads\/2018\/03\/ZS1_0036.jpg\" alt=\"ZS1_0036\" width=\"305\" height=\"203\" srcset=\"https:\/\/zskarlino.pl\/wp-content\/uploads\/2018\/03\/ZS1_0036.jpg 6000w, https:\/\/zskarlino.pl\/wp-content\/uploads\/2018\/03\/ZS1_0036-300x200.jpg 300w, https:\/\/zskarlino.pl\/wp-content\/uploads\/2018\/03\/ZS1_0036-1024x683.jpg 1024w\" sizes=\"auto, (max-width: 305px) 100vw, 305px\" \/><\/p>\n<p style=\"text-align: justify;\"><img loading=\"lazy\" decoding=\"async\" class=\"alignleft wp-image-9817\" src=\"http:\/\/zskarlino.pl\/wp-content\/uploads\/2018\/03\/ZS1_0035.jpg\" alt=\"ZS1_0035\" width=\"303\" height=\"202\" srcset=\"https:\/\/zskarlino.pl\/wp-content\/uploads\/2018\/03\/ZS1_0035.jpg 6000w, https:\/\/zskarlino.pl\/wp-content\/uploads\/2018\/03\/ZS1_0035-300x200.jpg 300w, https:\/\/zskarlino.pl\/wp-content\/uploads\/2018\/03\/ZS1_0035-1024x683.jpg 1024w\" sizes=\"auto, (max-width: 303px) 100vw, 303px\" \/><\/p>\n","protected":false},"excerpt":{"rendered":"<p>Zesp\u00f3\u0142 Szk\u00f3\u0142 w Karlinie wzorem ubieg\u0142ych lat przyst\u0105pi\u0142 do realizacji\u00a0 przedsi\u0119wzi\u0119\u0107 upami\u0119tniaj\u0105cych \u017bo\u0142nierzy Wykl\u0119tych &#8211; \u017bo\u0142nierzy Antykomunistycznego Oporu w latach 1944-1963. W ramach realizowanego programu 22 lutego 2018 r. odby\u0142y si\u0119 spotkania dla m\u0142odzie\u017cy klas III gimnazjum z przedstawicielem IPN Szczecin \u2013 Delegatura Koszalin Panem Marcinem Ozg\u0105, kt\u00f3ry wprowadzi\u0142 m\u0142odzie\u017c w podstawy wiedzy dotycz\u0105cej dzia\u0142alno\u015bci &hellip; <\/p>\n<p><a class=\"more-link btn\" href=\"https:\/\/zskarlino.pl\/?p=9808\">Czytaj dalej<\/a><\/p>\n","protected":false},"author":3,"featured_media":0,"comment_status":"closed","ping_status":"closed","sticky":false,"template":"","format":"standard","meta":{"footnotes":""},"categories":[3],"tags":[],"class_list":["post-9808","post","type-post","status-publish","format-standard","hentry","category-wydarzenia","item-wrap"],"_links":{"self":[{"href":"https:\/\/zskarlino.pl\/index.php?rest_route=\/wp\/v2\/posts\/9808","targetHints":{"allow":["GET"]}}],"collection":[{"href":"https:\/\/zskarlino.pl\/index.php?rest_route=\/wp\/v2\/posts"}],"about":[{"href":"https:\/\/zskarlino.pl\/index.php?rest_route=\/wp\/v2\/types\/post"}],"author":[{"embeddable":true,"href":"https:\/\/zskarlino.pl\/index.php?rest_route=\/wp\/v2\/users\/3"}],"replies":[{"embeddable":true,"href":"https:\/\/zskarlino.pl\/index.php?rest_route=%2Fwp%2Fv2%2Fcomments&post=9808"}],"version-history":[{"count":10,"href":"https:\/\/zskarlino.pl\/index.php?rest_route=\/wp\/v2\/posts\/9808\/revisions"}],"predecessor-version":[{"id":9826,"href":"https:\/\/zskarlino.pl\/index.php?rest_route=\/wp\/v2\/posts\/9808\/revisions\/9826"}],"wp:attachment":[{"href":"https:\/\/zskarlino.pl\/index.php?rest_route=%2Fwp%2Fv2%2Fmedia&parent=9808"}],"wp:term":[{"taxonomy":"category","embeddable":true,"href":"https:\/\/zskarlino.pl\/index.php?rest_route=%2Fwp%2Fv2%2Fcategories&post=9808"},{"taxonomy":"post_tag","embeddable":true,"href":"https:\/\/zskarlino.pl\/index.php?rest_route=%2Fwp%2Fv2%2Ftags&post=9808"}],"curies":[{"name":"wp","href":"https:\/\/api.w.org\/{rel}","templated":true}]}}