{"id":9762,"date":"2018-02-12T00:09:23","date_gmt":"2018-02-11T23:09:23","guid":{"rendered":"http:\/\/zskarlino.pl\/?p=9762"},"modified":"2018-02-14T18:43:43","modified_gmt":"2018-02-14T17:43:43","slug":"podsumowanie-pracy-w-i-polroczu","status":"publish","type":"post","link":"https:\/\/zskarlino.pl\/?p=9762","title":{"rendered":"Podsumowanie pracy w I p\u00f3\u0142roczu"},"content":{"rendered":"<div class='fotorama--wp' data-link='file'data-size='large'data-ids='9763,9764,9765'data-itemtag='dl'data-icontag='dt'data-captiontag='dd'data-columns='0'data-width='750'data-auto='false'data-max-width='100%'data-ratio='1.3321492007105'>\n\t\t<style type=\"text\/css\">\n\t\t\t#gallery-1 {\n\t\t\t\tmargin: auto;\n\t\t\t}\n\t\t\t#gallery-1 .gallery-item {\n\t\t\t\tfloat: left;\n\t\t\t\tmargin-top: 10px;\n\t\t\t\ttext-align: center;\n\t\t\t\twidth: 100%;\n\t\t\t}\n\t\t\t#gallery-1 img {\n\t\t\t\tborder: 2px solid #cfcfcf;\n\t\t\t}\n\t\t\t#gallery-1 .gallery-caption {\n\t\t\t\tmargin-left: 0;\n\t\t\t}\n\t\t\t\/* see gallery_shortcode() in wp-includes\/media.php *\/\n\t\t<\/style>\n\t\t<div id='gallery-1' class='gallery galleryid-9762 gallery-columns-0 gallery-size-thumbnail'><dl class='gallery-item'>\n\t\t\t<dt class='gallery-icon landscape'>\n\t\t\t\t<a href='https:\/\/zskarlino.pl\/wp-content\/uploads\/2018\/02\/spotkanie-08.02-1.jpg' data-full='https:\/\/zskarlino.pl\/wp-content\/uploads\/2018\/02\/spotkanie-08.02-1.jpg' rel=\"lightbox[9762]\"><img loading=\"lazy\" decoding=\"async\" width=\"150\" height=\"150\" src=\"https:\/\/zskarlino.pl\/wp-content\/uploads\/2018\/02\/spotkanie-08.02-1-150x150.jpg\" class=\"attachment-thumbnail size-thumbnail\" alt=\"\" \/><\/a>\n\t\t\t<\/dt><\/dl><dl class='gallery-item'>\n\t\t\t<dt class='gallery-icon landscape'>\n\t\t\t\t<a href='https:\/\/zskarlino.pl\/wp-content\/uploads\/2018\/02\/spotkanie-08.02-2.jpg' data-full='https:\/\/zskarlino.pl\/wp-content\/uploads\/2018\/02\/spotkanie-08.02-2.jpg' rel=\"lightbox[9762]\"><img loading=\"lazy\" decoding=\"async\" width=\"150\" height=\"150\" src=\"https:\/\/zskarlino.pl\/wp-content\/uploads\/2018\/02\/spotkanie-08.02-2-150x150.jpg\" class=\"attachment-thumbnail size-thumbnail\" alt=\"\" \/><\/a>\n\t\t\t<\/dt><\/dl><dl class='gallery-item'>\n\t\t\t<dt class='gallery-icon landscape'>\n\t\t\t\t<a href='https:\/\/zskarlino.pl\/wp-content\/uploads\/2018\/02\/spotkanie-08.02-3.jpg' data-full='https:\/\/zskarlino.pl\/wp-content\/uploads\/2018\/02\/spotkanie-08.02-3.jpg' rel=\"lightbox[9762]\"><img loading=\"lazy\" decoding=\"async\" width=\"150\" height=\"150\" src=\"https:\/\/zskarlino.pl\/wp-content\/uploads\/2018\/02\/spotkanie-08.02-3-150x150.jpg\" class=\"attachment-thumbnail size-thumbnail\" alt=\"\" \/><\/a>\n\t\t\t<\/dt><\/dl>\n\t\t<\/div>\n<\/div>\n<p style=\"text-align: justify;\">08 lutego odby\u0142o podsumowanie pracy w Zespole Szk\u00f3\u0142 w Karlinie. Dyrektor Zespo\u0142u Szk\u00f3\u0142, Pan Zbigniew Pawlik, przedstawi\u0142 wyniki klasyfikacji \u015br\u00f3drocznej oraz przypomnia\u0142 zgromadzonej m\u0142odzie\u017cy najwa\u017cniejsze wydarzenia, sukcesy oraz efekty realizowanych projekt\u00f3w edukacyjnych. \u00a0Jednocze\u015bnie odby\u0142o si\u0119 rozstrzygni\u0119cie konkursu na najlepsz\u0105 klas\u0119 \u2013 Samorz\u0105d Uczniowski uhonorowa\u0142 klas\u0119 I Technikum wyr\u00f3\u017cnieniem. Gratulujemy zwyci\u0119zcom i \u017cyczymy, aby Puchar jak najd\u0142u\u017cej \u015bwiadczy\u0142 o wysokim zaanga\u017cowaniu uczni\u00f3w w proces zdobywania wiedzy.<\/p>\n<p style=\"text-align: justify;\"><img loading=\"lazy\" decoding=\"async\" class=\"aligncenter size-full wp-image-9766\" src=\"http:\/\/zskarlino.pl\/wp-content\/uploads\/2018\/02\/Bez-tytu\u0142u.png\" alt=\"Bez tytu\u0142u\" width=\"552\" height=\"394\" srcset=\"https:\/\/zskarlino.pl\/wp-content\/uploads\/2018\/02\/Bez-tytu\u0142u.png 552w, https:\/\/zskarlino.pl\/wp-content\/uploads\/2018\/02\/Bez-tytu\u0142u-300x214.png 300w\" sizes=\"auto, (max-width: 552px) 100vw, 552px\" \/> <a href=\"http:\/\/zskarlino.pl\/wp-content\/uploads\/2018\/02\/Bez-tytu\u0142u2.png\" rel=\"lightbox[9762]\"><img loading=\"lazy\" decoding=\"async\" class=\"aligncenter size-full wp-image-9767\" src=\"http:\/\/zskarlino.pl\/wp-content\/uploads\/2018\/02\/Bez-tytu\u0142u2.png\" alt=\"Bez tytu\u0142u2\" width=\"438\" height=\"343\" srcset=\"https:\/\/zskarlino.pl\/wp-content\/uploads\/2018\/02\/Bez-tytu\u0142u2.png 438w, https:\/\/zskarlino.pl\/wp-content\/uploads\/2018\/02\/Bez-tytu\u0142u2-300x235.png 300w\" sizes=\"auto, (max-width: 438px) 100vw, 438px\" \/><\/a><\/p>\n<p style=\"text-align: right;\"><em>Justyna Syga<\/em><\/p>\n<p style=\"text-align: justify;\">Zapraszamy tak\u017ce do zapoznania si\u0119 z prezentacj\u0105 nt. I semestru autorstwa Pani Renaty Piszak-Walczykowskiej:\u00a0<a href=\"http:\/\/zskarlino.pl\/wp-content\/uploads\/2018\/02\/1.-POKAZ_PREZENTACJA-I-SEM-2017_18-2.pps\">Pierwszy semestr 2017\/2018<\/a><\/p>\n","protected":false},"excerpt":{"rendered":"<p>08 lutego odby\u0142o podsumowanie pracy w Zespole Szk\u00f3\u0142 w Karlinie. Dyrektor Zespo\u0142u Szk\u00f3\u0142, Pan Zbigniew Pawlik, przedstawi\u0142 wyniki klasyfikacji \u015br\u00f3drocznej oraz przypomnia\u0142 zgromadzonej m\u0142odzie\u017cy najwa\u017cniejsze wydarzenia, sukcesy oraz efekty realizowanych projekt\u00f3w edukacyjnych. \u00a0Jednocze\u015bnie odby\u0142o si\u0119 rozstrzygni\u0119cie konkursu na najlepsz\u0105 klas\u0119 \u2013 Samorz\u0105d Uczniowski uhonorowa\u0142 klas\u0119 I Technikum wyr\u00f3\u017cnieniem. Gratulujemy zwyci\u0119zcom i \u017cyczymy, aby Puchar jak &hellip; <\/p>\n<p><a class=\"more-link btn\" href=\"https:\/\/zskarlino.pl\/?p=9762\">Czytaj dalej<\/a><\/p>\n","protected":false},"author":6,"featured_media":0,"comment_status":"closed","ping_status":"closed","sticky":false,"template":"","format":"standard","meta":{"footnotes":""},"categories":[3],"tags":[],"class_list":["post-9762","post","type-post","status-publish","format-standard","hentry","category-wydarzenia","item-wrap"],"_links":{"self":[{"href":"https:\/\/zskarlino.pl\/index.php?rest_route=\/wp\/v2\/posts\/9762","targetHints":{"allow":["GET"]}}],"collection":[{"href":"https:\/\/zskarlino.pl\/index.php?rest_route=\/wp\/v2\/posts"}],"about":[{"href":"https:\/\/zskarlino.pl\/index.php?rest_route=\/wp\/v2\/types\/post"}],"author":[{"embeddable":true,"href":"https:\/\/zskarlino.pl\/index.php?rest_route=\/wp\/v2\/users\/6"}],"replies":[{"embeddable":true,"href":"https:\/\/zskarlino.pl\/index.php?rest_route=%2Fwp%2Fv2%2Fcomments&post=9762"}],"version-history":[{"count":3,"href":"https:\/\/zskarlino.pl\/index.php?rest_route=\/wp\/v2\/posts\/9762\/revisions"}],"predecessor-version":[{"id":9773,"href":"https:\/\/zskarlino.pl\/index.php?rest_route=\/wp\/v2\/posts\/9762\/revisions\/9773"}],"wp:attachment":[{"href":"https:\/\/zskarlino.pl\/index.php?rest_route=%2Fwp%2Fv2%2Fmedia&parent=9762"}],"wp:term":[{"taxonomy":"category","embeddable":true,"href":"https:\/\/zskarlino.pl\/index.php?rest_route=%2Fwp%2Fv2%2Fcategories&post=9762"},{"taxonomy":"post_tag","embeddable":true,"href":"https:\/\/zskarlino.pl\/index.php?rest_route=%2Fwp%2Fv2%2Ftags&post=9762"}],"curies":[{"name":"wp","href":"https:\/\/api.w.org\/{rel}","templated":true}]}}