{"id":9645,"date":"2017-12-04T06:13:28","date_gmt":"2017-12-04T05:13:28","guid":{"rendered":"http:\/\/zskarlino.pl\/?p=9645"},"modified":"2017-12-07T06:14:05","modified_gmt":"2017-12-07T05:14:05","slug":"spotkanie-z-krolowa-powiesci-historycznej","status":"publish","type":"post","link":"https:\/\/zskarlino.pl\/?p=9645","title":{"rendered":"Spotkanie z \u201eKr\u00f3low\u0105 powie\u015bci historycznej\u201d"},"content":{"rendered":"<p style=\"text-align: right;\">\u201eIm wi\u0119cej pisz\u0119, tym trudniej mi si\u0119 rozmawia.<\/p>\n<p style=\"text-align: right;\">\u00a0Gdy musz\u0119 powiedzie\u0107 co\u015b o sobie, zas\u0142aniam si\u0119 ksi\u0105\u017ckami.<\/p>\n<p style=\"text-align: right;\">\u00a0Jestem tylko przecinkiem w napisanym przez siebie zdaniu.\u201d<\/p>\n<p style=\"text-align: right;\">El\u017cbieta Cherezi\u0144ska<\/p>\n<div class='fotorama--wp' data-ids='9646,9647,9648'data-link='file'data-itemtag='dl'data-icontag='dt'data-captiontag='dd'data-columns='0'data-size='large'data-width='750'data-auto='false'data-max-width='100%'data-ratio='1.3321492007105'>\n\t\t<style type=\"text\/css\">\n\t\t\t#gallery-1 {\n\t\t\t\tmargin: auto;\n\t\t\t}\n\t\t\t#gallery-1 .gallery-item {\n\t\t\t\tfloat: left;\n\t\t\t\tmargin-top: 10px;\n\t\t\t\ttext-align: center;\n\t\t\t\twidth: 100%;\n\t\t\t}\n\t\t\t#gallery-1 img {\n\t\t\t\tborder: 2px solid #cfcfcf;\n\t\t\t}\n\t\t\t#gallery-1 .gallery-caption {\n\t\t\t\tmargin-left: 0;\n\t\t\t}\n\t\t\t\/* see gallery_shortcode() in wp-includes\/media.php *\/\n\t\t<\/style>\n\t\t<div id='gallery-1' class='gallery galleryid-9645 gallery-columns-0 gallery-size-thumbnail'><dl class='gallery-item'>\n\t\t\t<dt class='gallery-icon landscape'>\n\t\t\t\t<a href='https:\/\/zskarlino.pl\/wp-content\/uploads\/2017\/12\/IMG_20171130_183949-1024x768.jpg' data-full='https:\/\/zskarlino.pl\/wp-content\/uploads\/2017\/12\/IMG_20171130_183949.jpg' rel=\"lightbox[9645]\"><img loading=\"lazy\" decoding=\"async\" width=\"150\" height=\"150\" src=\"https:\/\/zskarlino.pl\/wp-content\/uploads\/2017\/12\/IMG_20171130_183949-150x150.jpg\" class=\"attachment-thumbnail size-thumbnail\" alt=\"\" \/><\/a>\n\t\t\t<\/dt><\/dl><dl class='gallery-item'>\n\t\t\t<dt class='gallery-icon landscape'>\n\t\t\t\t<a href='https:\/\/zskarlino.pl\/wp-content\/uploads\/2017\/12\/IMG_20171130_184108-1024x768.jpg' data-full='https:\/\/zskarlino.pl\/wp-content\/uploads\/2017\/12\/IMG_20171130_184108.jpg' rel=\"lightbox[9645]\"><img loading=\"lazy\" decoding=\"async\" width=\"150\" height=\"150\" src=\"https:\/\/zskarlino.pl\/wp-content\/uploads\/2017\/12\/IMG_20171130_184108-150x150.jpg\" class=\"attachment-thumbnail size-thumbnail\" alt=\"\" \/><\/a>\n\t\t\t<\/dt><\/dl><dl class='gallery-item'>\n\t\t\t<dt class='gallery-icon landscape'>\n\t\t\t\t<a href='https:\/\/zskarlino.pl\/wp-content\/uploads\/2017\/12\/IMG_20171130_184222-1024x768.jpg' data-full='https:\/\/zskarlino.pl\/wp-content\/uploads\/2017\/12\/IMG_20171130_184222.jpg' rel=\"lightbox[9645]\"><img loading=\"lazy\" decoding=\"async\" width=\"150\" height=\"150\" src=\"https:\/\/zskarlino.pl\/wp-content\/uploads\/2017\/12\/IMG_20171130_184222-150x150.jpg\" class=\"attachment-thumbnail size-thumbnail\" alt=\"\" \/><\/a>\n\t\t\t<\/dt><\/dl>\n\t\t<\/div>\n<\/div>\n<p>30 listopada byli\u015bmy w Bibliotece Publicznej w Koszalinie na spotkaniu autorskim z El\u017cbiet\u0105 Cherezi\u0144sk\u0105, kt\u00f3ra zas\u0142u\u017cenie nazywana jest \u201eKr\u00f3low\u0105 powie\u015bci historycznej\u201d. Dzie\u0142em pisarki s\u0105 m.in. znane serie i powie\u015bci \u201eP\u00f3\u0142nocna droga\u201d, \u201eOdrodzone kr\u00f3lestwo\u201d, \u201eHarda. Kr\u00f3lowa\u201d oraz\u00a0 \u201eTurniej cieni\u201d, \u201eGra w ko\u015bci\u201d. El\u017cbiet\u0119 Cherezi\u0144sk\u0105 mo\u017cemy nazwa\u0107 \u201enasz\u0105 s\u0105siadk\u0105\u201d, mieszka w Ko\u0142obrzegu, urodzi\u0142a si\u0119 w Pile. Jest absolwentk\u0105 <a href=\"https:\/\/pl.wikipedia.org\/wiki\/Wydzia%C5%82_Wiedzy_o_Teatrze_Akademii_Teatralnej_w_Warszawie\" target=\"_blank\" rel=\"noopener\">Wydzia\u0142u Wiedzy o Teatrze Akademii Teatralnej im. Aleksandra Zelwerowicza<\/a> w Warszawie. Debiutowa\u0142a w 2005 roku. Najpoczytniejsze ksi\u0105\u017cki autorki to te, kt\u00f3rych akcja jest osadzona w Skandynawii epoki wiking\u00f3w oraz cykl piastowski.<\/p>\n<p>Niew\u0105tpliwie pisarka ma grono wiernych czytelnik\u00f3w, o czym mogli\u015bmy si\u0119 przekona\u0107 w czwartkowy wiecz\u00f3r. Spotkanie przebiega\u0142o w ciep\u0142ej i pe\u0142nej uroku atmosferze. Nasza grupa z zainteresowaniem s\u0142ucha\u0142a poch\u0142aniaj\u0105cej ca\u0142kowicie opowie\u015bci o czasach panowania dynastii Piast\u00f3w. By\u0142a to niezwyk\u0142a lekcja historii \u00a0i j\u0119zyka polskiego poprowadzona<br \/>\nz pasj\u0105 i pe\u0142na emocji. Uczniowie naszej szko\u0142y, kt\u00f3rzy ju\u017c niejednokrotnie brali udzia\u0142 w spotkaniach autorskich, mogli pozna\u0107 warsztat pracy pisarki, jej bogat\u0105 wiedz\u0119 i osobisty urok.<\/p>\n<p>Uznanie dla uczni\u00f3w klasy II A, II C, III B, III D\u00a0 oraz II i III LO za wytrwa\u0142o\u015b\u0107 i ch\u0119\u0107 rozwijania swoich zainteresowa\u0144. Czekamy na kolejne spotkanie z kultur\u0105 i liczymy na niezapomniane wra\u017cenia.<\/p>\n<p style=\"text-align: right;\">Gra\u017cyna Chwieduk<\/p>\n","protected":false},"excerpt":{"rendered":"<p>\u201eIm wi\u0119cej pisz\u0119, tym trudniej mi si\u0119 rozmawia. \u00a0Gdy musz\u0119 powiedzie\u0107 co\u015b o sobie, zas\u0142aniam si\u0119 ksi\u0105\u017ckami. \u00a0Jestem tylko przecinkiem w napisanym przez siebie zdaniu.\u201d El\u017cbieta Cherezi\u0144ska 30 listopada byli\u015bmy w Bibliotece Publicznej w Koszalinie na spotkaniu autorskim z El\u017cbiet\u0105 Cherezi\u0144sk\u0105, kt\u00f3ra zas\u0142u\u017cenie nazywana jest \u201eKr\u00f3low\u0105 powie\u015bci historycznej\u201d. Dzie\u0142em pisarki s\u0105 m.in. znane serie i &hellip; <\/p>\n<p><a class=\"more-link btn\" href=\"https:\/\/zskarlino.pl\/?p=9645\">Czytaj dalej<\/a><\/p>\n","protected":false},"author":4,"featured_media":0,"comment_status":"closed","ping_status":"closed","sticky":false,"template":"","format":"standard","meta":{"footnotes":""},"categories":[3],"tags":[],"class_list":["post-9645","post","type-post","status-publish","format-standard","hentry","category-wydarzenia","item-wrap"],"_links":{"self":[{"href":"https:\/\/zskarlino.pl\/index.php?rest_route=\/wp\/v2\/posts\/9645","targetHints":{"allow":["GET"]}}],"collection":[{"href":"https:\/\/zskarlino.pl\/index.php?rest_route=\/wp\/v2\/posts"}],"about":[{"href":"https:\/\/zskarlino.pl\/index.php?rest_route=\/wp\/v2\/types\/post"}],"author":[{"embeddable":true,"href":"https:\/\/zskarlino.pl\/index.php?rest_route=\/wp\/v2\/users\/4"}],"replies":[{"embeddable":true,"href":"https:\/\/zskarlino.pl\/index.php?rest_route=%2Fwp%2Fv2%2Fcomments&post=9645"}],"version-history":[{"count":3,"href":"https:\/\/zskarlino.pl\/index.php?rest_route=\/wp\/v2\/posts\/9645\/revisions"}],"predecessor-version":[{"id":9651,"href":"https:\/\/zskarlino.pl\/index.php?rest_route=\/wp\/v2\/posts\/9645\/revisions\/9651"}],"wp:attachment":[{"href":"https:\/\/zskarlino.pl\/index.php?rest_route=%2Fwp%2Fv2%2Fmedia&parent=9645"}],"wp:term":[{"taxonomy":"category","embeddable":true,"href":"https:\/\/zskarlino.pl\/index.php?rest_route=%2Fwp%2Fv2%2Fcategories&post=9645"},{"taxonomy":"post_tag","embeddable":true,"href":"https:\/\/zskarlino.pl\/index.php?rest_route=%2Fwp%2Fv2%2Ftags&post=9645"}],"curies":[{"name":"wp","href":"https:\/\/api.w.org\/{rel}","templated":true}]}}