{"id":9615,"date":"2017-11-20T05:56:35","date_gmt":"2017-11-20T04:56:35","guid":{"rendered":"http:\/\/zskarlino.pl\/?p=9615"},"modified":"2017-12-07T05:57:13","modified_gmt":"2017-12-07T04:57:13","slug":"kolejny-raz-w-teatrze","status":"publish","type":"post","link":"https:\/\/zskarlino.pl\/?p=9615","title":{"rendered":"Kolejny raz w teatrze."},"content":{"rendered":"<p style=\"text-align: right;\"><a href=\"http:\/\/zskarlino.pl\/wp-content\/uploads\/2017\/12\/teatr.jpg\" rel=\"lightbox[9615]\"><img loading=\"lazy\" decoding=\"async\" class=\"alignleft wp-image-9616 size-thumbnail\" src=\"http:\/\/zskarlino.pl\/wp-content\/uploads\/2017\/12\/teatr-150x150.jpg\" alt=\"teatr\" width=\"150\" height=\"150\" \/><\/a><\/p>\n<p style=\"text-align: right;\">\u201eTeatr dzisiejszy jest nudny? G\u0142\u0119boki, filozoficzny nawet, ale nudny?\u201d<\/p>\n<p style=\"text-align: right;\">Adam Hanuszkiewicz<\/p>\n<p>&nbsp;<\/p>\n<p>Nasi uczniowie kolejny raz skorzystali z ciekawej oferty Ba\u0142tyckiego Teatru Dramatycznego w Koszalinie. Nie tak dawno byli na \u201eRyszardzie III\u201d, \u201eDachowaniu\u201d oraz \u201e\u015awi\u0119toszku\u201d, a 16 listopada odkryli na nowo \u201eBalladyn\u0119\u201d w re\u017cyserii Krzysztofa Galosa. Re\u017cyser stwierdzi\u0142, \u017ce <em>\u201e<\/em><em>Balladyna\u201d<\/em> Juliusza S\u0142owackiego otwiera kosmiczny \u015bwiat. \u00a0I tak si\u0119 sta\u0142o. Czy g\u0142\u00f3wna bohaterka jest\u00a0 kobiet\u0105 ambitn\u0105? A mo\u017ce jednak zbrodniark\u0105? Czy Balladyna \u017cyje tu i teraz?\u00a0 Wiele pyta\u0144, wiele wra\u017ce\u0144 i wiele opinii. Na pewno tyle, ilu\u00a0 uczestnik\u00f3w naszego kulturalnego wypadu. Niew\u0105tpliwie spektakl wzbudzi\u0142 r\u00f3\u017cne emocje, a to jest najwa\u017cniejsze. Nowe spojrzenie, nowe pomys\u0142y, kt\u00f3re mo\u017cna wykorzysta\u0107 na lekcjach j\u0119zyka polskiego, w pracach domowych oraz na egzaminie gimnazjalnym i maturalnym. Cieszymy si\u0119, i\u017c\u00a0 bywanie w tetrze staje si\u0119 powolutku potrzeb\u0105.<\/p>\n<p style=\"text-align: right;\">Gra\u017cyna Chwieduk<\/p>\n","protected":false},"excerpt":{"rendered":"<p>\u201eTeatr dzisiejszy jest nudny? G\u0142\u0119boki, filozoficzny nawet, ale nudny?\u201d Adam Hanuszkiewicz &nbsp; Nasi uczniowie kolejny raz skorzystali z ciekawej oferty Ba\u0142tyckiego Teatru Dramatycznego w Koszalinie. Nie tak dawno byli na \u201eRyszardzie III\u201d, \u201eDachowaniu\u201d oraz \u201e\u015awi\u0119toszku\u201d, a 16 listopada odkryli na nowo \u201eBalladyn\u0119\u201d w re\u017cyserii Krzysztofa Galosa. Re\u017cyser stwierdzi\u0142, \u017ce \u201eBalladyna\u201d Juliusza S\u0142owackiego otwiera kosmiczny \u015bwiat. &hellip; <\/p>\n<p><a class=\"more-link btn\" href=\"https:\/\/zskarlino.pl\/?p=9615\">Czytaj dalej<\/a><\/p>\n","protected":false},"author":4,"featured_media":0,"comment_status":"closed","ping_status":"closed","sticky":false,"template":"","format":"standard","meta":{"footnotes":""},"categories":[3],"tags":[],"class_list":["post-9615","post","type-post","status-publish","format-standard","hentry","category-wydarzenia","item-wrap"],"_links":{"self":[{"href":"https:\/\/zskarlino.pl\/index.php?rest_route=\/wp\/v2\/posts\/9615","targetHints":{"allow":["GET"]}}],"collection":[{"href":"https:\/\/zskarlino.pl\/index.php?rest_route=\/wp\/v2\/posts"}],"about":[{"href":"https:\/\/zskarlino.pl\/index.php?rest_route=\/wp\/v2\/types\/post"}],"author":[{"embeddable":true,"href":"https:\/\/zskarlino.pl\/index.php?rest_route=\/wp\/v2\/users\/4"}],"replies":[{"embeddable":true,"href":"https:\/\/zskarlino.pl\/index.php?rest_route=%2Fwp%2Fv2%2Fcomments&post=9615"}],"version-history":[{"count":5,"href":"https:\/\/zskarlino.pl\/index.php?rest_route=\/wp\/v2\/posts\/9615\/revisions"}],"predecessor-version":[{"id":9621,"href":"https:\/\/zskarlino.pl\/index.php?rest_route=\/wp\/v2\/posts\/9615\/revisions\/9621"}],"wp:attachment":[{"href":"https:\/\/zskarlino.pl\/index.php?rest_route=%2Fwp%2Fv2%2Fmedia&parent=9615"}],"wp:term":[{"taxonomy":"category","embeddable":true,"href":"https:\/\/zskarlino.pl\/index.php?rest_route=%2Fwp%2Fv2%2Fcategories&post=9615"},{"taxonomy":"post_tag","embeddable":true,"href":"https:\/\/zskarlino.pl\/index.php?rest_route=%2Fwp%2Fv2%2Ftags&post=9615"}],"curies":[{"name":"wp","href":"https:\/\/api.w.org\/{rel}","templated":true}]}}