{"id":9597,"date":"2017-11-15T23:40:35","date_gmt":"2017-11-15T22:40:35","guid":{"rendered":"http:\/\/zskarlino.pl\/?p=9597"},"modified":"2017-11-19T23:45:03","modified_gmt":"2017-11-19T22:45:03","slug":"otrzesiny-klas-pierwszych","status":"publish","type":"post","link":"https:\/\/zskarlino.pl\/?p=9597","title":{"rendered":"Otrz\u0119siny klas pierwszych"},"content":{"rendered":"<div class='fotorama--wp' data-link='file'data-size='large'data-ids='9598,9600,9601,9605,9604,9603,9602,9606'data-itemtag='dl'data-icontag='dt'data-captiontag='dd'data-columns='0'data-width='750'data-auto='false'data-max-width='100%'data-ratio='1.5060240963855'>\n\t\t<style type=\"text\/css\">\n\t\t\t#gallery-1 {\n\t\t\t\tmargin: auto;\n\t\t\t}\n\t\t\t#gallery-1 .gallery-item {\n\t\t\t\tfloat: left;\n\t\t\t\tmargin-top: 10px;\n\t\t\t\ttext-align: center;\n\t\t\t\twidth: 100%;\n\t\t\t}\n\t\t\t#gallery-1 img {\n\t\t\t\tborder: 2px solid #cfcfcf;\n\t\t\t}\n\t\t\t#gallery-1 .gallery-caption {\n\t\t\t\tmargin-left: 0;\n\t\t\t}\n\t\t\t\/* see gallery_shortcode() in wp-includes\/media.php *\/\n\t\t<\/style>\n\t\t<div id='gallery-1' class='gallery galleryid-9597 gallery-columns-0 gallery-size-thumbnail'><dl class='gallery-item'>\n\t\t\t<dt class='gallery-icon landscape'>\n\t\t\t\t<a href='https:\/\/zskarlino.pl\/wp-content\/uploads\/2017\/11\/DSC02816.jpg' data-full='https:\/\/zskarlino.pl\/wp-content\/uploads\/2017\/11\/DSC02816.jpg' rel=\"lightbox[9597]\"><img loading=\"lazy\" decoding=\"async\" width=\"150\" height=\"150\" src=\"https:\/\/zskarlino.pl\/wp-content\/uploads\/2017\/11\/DSC02816-150x150.jpg\" class=\"attachment-thumbnail size-thumbnail\" alt=\"\" \/><\/a>\n\t\t\t<\/dt><\/dl><dl class='gallery-item'>\n\t\t\t<dt class='gallery-icon landscape'>\n\t\t\t\t<a href='https:\/\/zskarlino.pl\/wp-content\/uploads\/2017\/11\/DSC02826.jpg' data-full='https:\/\/zskarlino.pl\/wp-content\/uploads\/2017\/11\/DSC02826.jpg' rel=\"lightbox[9597]\"><img loading=\"lazy\" decoding=\"async\" width=\"150\" height=\"150\" src=\"https:\/\/zskarlino.pl\/wp-content\/uploads\/2017\/11\/DSC02826-150x150.jpg\" class=\"attachment-thumbnail size-thumbnail\" alt=\"\" \/><\/a>\n\t\t\t<\/dt><\/dl><dl class='gallery-item'>\n\t\t\t<dt class='gallery-icon landscape'>\n\t\t\t\t<a href='https:\/\/zskarlino.pl\/wp-content\/uploads\/2017\/11\/DSC02902.jpg' data-full='https:\/\/zskarlino.pl\/wp-content\/uploads\/2017\/11\/DSC02902.jpg' rel=\"lightbox[9597]\"><img loading=\"lazy\" decoding=\"async\" width=\"150\" height=\"150\" src=\"https:\/\/zskarlino.pl\/wp-content\/uploads\/2017\/11\/DSC02902-150x150.jpg\" class=\"attachment-thumbnail size-thumbnail\" alt=\"\" \/><\/a>\n\t\t\t<\/dt><\/dl><dl class='gallery-item'>\n\t\t\t<dt class='gallery-icon landscape'>\n\t\t\t\t<a href='https:\/\/zskarlino.pl\/wp-content\/uploads\/2017\/11\/DSC02901.jpg' data-full='https:\/\/zskarlino.pl\/wp-content\/uploads\/2017\/11\/DSC02901.jpg' rel=\"lightbox[9597]\"><img loading=\"lazy\" decoding=\"async\" width=\"150\" height=\"150\" src=\"https:\/\/zskarlino.pl\/wp-content\/uploads\/2017\/11\/DSC02901-150x150.jpg\" class=\"attachment-thumbnail size-thumbnail\" alt=\"\" \/><\/a>\n\t\t\t<\/dt><\/dl><dl class='gallery-item'>\n\t\t\t<dt class='gallery-icon landscape'>\n\t\t\t\t<a href='https:\/\/zskarlino.pl\/wp-content\/uploads\/2017\/11\/DSC02829.jpg' data-full='https:\/\/zskarlino.pl\/wp-content\/uploads\/2017\/11\/DSC02829.jpg' rel=\"lightbox[9597]\"><img loading=\"lazy\" decoding=\"async\" width=\"150\" height=\"150\" src=\"https:\/\/zskarlino.pl\/wp-content\/uploads\/2017\/11\/DSC02829-150x150.jpg\" class=\"attachment-thumbnail size-thumbnail\" alt=\"\" \/><\/a>\n\t\t\t<\/dt><\/dl><dl class='gallery-item'>\n\t\t\t<dt class='gallery-icon landscape'>\n\t\t\t\t<a href='https:\/\/zskarlino.pl\/wp-content\/uploads\/2017\/11\/DSC02827.jpg' data-full='https:\/\/zskarlino.pl\/wp-content\/uploads\/2017\/11\/DSC02827.jpg' rel=\"lightbox[9597]\"><img loading=\"lazy\" decoding=\"async\" width=\"150\" height=\"150\" src=\"https:\/\/zskarlino.pl\/wp-content\/uploads\/2017\/11\/DSC02827-150x150.jpg\" class=\"attachment-thumbnail size-thumbnail\" alt=\"\" \/><\/a>\n\t\t\t<\/dt><\/dl><dl class='gallery-item'>\n\t\t\t<dt class='gallery-icon landscape'>\n\t\t\t\t<a href='https:\/\/zskarlino.pl\/wp-content\/uploads\/2017\/11\/DSC02917.jpg' data-full='https:\/\/zskarlino.pl\/wp-content\/uploads\/2017\/11\/DSC02917.jpg' rel=\"lightbox[9597]\"><img loading=\"lazy\" decoding=\"async\" width=\"150\" height=\"150\" src=\"https:\/\/zskarlino.pl\/wp-content\/uploads\/2017\/11\/DSC02917-150x150.jpg\" class=\"attachment-thumbnail size-thumbnail\" alt=\"\" \/><\/a>\n\t\t\t<\/dt><\/dl>\n\t\t<\/div>\n<\/div>\n<p style=\"text-align: justify;\">Co roku klasy pierwsze musz\u0105 przej\u015b\u0107 tradycyjne otrz\u0119siny. Aby tradycji sta\u0142o si\u0119 zado\u015b\u0107, i w tym roku w czwartek 9 listopada \u201eKoty\u201c z pierwszych klas zgromadzi\u0142y si\u0119 w\u00a0auli. Uroczysto\u015b\u0107 przygotowa\u0142y klasy trzecie LO i ZSZ.<\/p>\n<p style=\"text-align: justify;\">Uczniowie z klasy I technikum i bran\u017cowej szko\u0142y stan\u0119li przed konieczno\u015bci\u0105 sprostania wielu konkurencjom. Musieli m. in. zaprezentowa\u0107 atrakcyjne przebranie i wiersz lub piosenk\u0119 w\u0142asnego autorstwa. Wy\u015bcig w workach oraz przeci\u0105ganie liny sprawdzi\u0142y sprawno\u015b\u0107 fizyczn\u0105 naszych pierwszaczk\u00f3w. Picie wody z butelki na czas, to zadanie, z kt\u00f3rym doskonale sobie poradzili, chocia\u017c smoczek na butelce, nie u\u0142atwia\u0142 zadania. Zdrowe z\u0119by reprezentantom klas te\u017c si\u0119 przyda\u0142y, kiedy nale\u017ca\u0142o wyci\u0105gn\u0105\u0107 z pojemnika p\u0142ywaj\u0105ce jab\u0142ka oraz cukierki z miski pe\u0142nej m\u0105ki.<\/p>\n<p style=\"text-align: justify;\">Ca\u0142a uroczysto\u015b\u0107 przebiega\u0142a w pogodnej atmosferze, bo taka panowa\u0142a w\u015br\u00f3d uczni\u00f3w.<\/p>\n<p style=\"text-align: right;\"><em>Emilia Marunowska<\/em><\/p>\n","protected":false},"excerpt":{"rendered":"<p>Co roku klasy pierwsze musz\u0105 przej\u015b\u0107 tradycyjne otrz\u0119siny. Aby tradycji sta\u0142o si\u0119 zado\u015b\u0107, i w tym roku w czwartek 9 listopada \u201eKoty\u201c z pierwszych klas zgromadzi\u0142y si\u0119 w\u00a0auli. Uroczysto\u015b\u0107 przygotowa\u0142y klasy trzecie LO i ZSZ. Uczniowie z klasy I technikum i bran\u017cowej szko\u0142y stan\u0119li przed konieczno\u015bci\u0105 sprostania wielu konkurencjom. Musieli m. in. zaprezentowa\u0107 atrakcyjne przebranie &hellip; <\/p>\n<p><a class=\"more-link btn\" href=\"https:\/\/zskarlino.pl\/?p=9597\">Czytaj dalej<\/a><\/p>\n","protected":false},"author":6,"featured_media":0,"comment_status":"closed","ping_status":"closed","sticky":false,"template":"","format":"standard","meta":{"footnotes":""},"categories":[3],"tags":[],"class_list":["post-9597","post","type-post","status-publish","format-standard","hentry","category-wydarzenia","item-wrap"],"_links":{"self":[{"href":"https:\/\/zskarlino.pl\/index.php?rest_route=\/wp\/v2\/posts\/9597","targetHints":{"allow":["GET"]}}],"collection":[{"href":"https:\/\/zskarlino.pl\/index.php?rest_route=\/wp\/v2\/posts"}],"about":[{"href":"https:\/\/zskarlino.pl\/index.php?rest_route=\/wp\/v2\/types\/post"}],"author":[{"embeddable":true,"href":"https:\/\/zskarlino.pl\/index.php?rest_route=\/wp\/v2\/users\/6"}],"replies":[{"embeddable":true,"href":"https:\/\/zskarlino.pl\/index.php?rest_route=%2Fwp%2Fv2%2Fcomments&post=9597"}],"version-history":[{"count":1,"href":"https:\/\/zskarlino.pl\/index.php?rest_route=\/wp\/v2\/posts\/9597\/revisions"}],"predecessor-version":[{"id":9607,"href":"https:\/\/zskarlino.pl\/index.php?rest_route=\/wp\/v2\/posts\/9597\/revisions\/9607"}],"wp:attachment":[{"href":"https:\/\/zskarlino.pl\/index.php?rest_route=%2Fwp%2Fv2%2Fmedia&parent=9597"}],"wp:term":[{"taxonomy":"category","embeddable":true,"href":"https:\/\/zskarlino.pl\/index.php?rest_route=%2Fwp%2Fv2%2Fcategories&post=9597"},{"taxonomy":"post_tag","embeddable":true,"href":"https:\/\/zskarlino.pl\/index.php?rest_route=%2Fwp%2Fv2%2Ftags&post=9597"}],"curies":[{"name":"wp","href":"https:\/\/api.w.org\/{rel}","templated":true}]}}