{"id":9592,"date":"2017-11-11T17:20:31","date_gmt":"2017-11-11T16:20:31","guid":{"rendered":"http:\/\/zskarlino.pl\/?p=9592"},"modified":"2017-11-13T20:49:22","modified_gmt":"2017-11-13T19:49:22","slug":"nasza-droga-ku-wolnosci-szkolne-obchody-dnia-niepodleglosci","status":"publish","type":"post","link":"https:\/\/zskarlino.pl\/?p=9592","title":{"rendered":"\u201eNasza droga ku wolno\u015bci\u201d \u2013 szkolne obchody Dnia Niepodleg\u0142o\u015bci"},"content":{"rendered":"<p><img loading=\"lazy\" decoding=\"async\" class=\"aligncenter size-full wp-image-9593\" src=\"http:\/\/zskarlino.pl\/wp-content\/uploads\/2017\/11\/11-listopada.jpg\" alt=\"11 listopada\" width=\"960\" height=\"580\" srcset=\"https:\/\/zskarlino.pl\/wp-content\/uploads\/2017\/11\/11-listopada.jpg 960w, https:\/\/zskarlino.pl\/wp-content\/uploads\/2017\/11\/11-listopada-300x181.jpg 300w\" sizes=\"auto, (max-width: 960px) 100vw, 960px\" \/><\/p>\n<p style=\"text-align: justify;\">Dnia 10 listopada odby\u0142a si\u0119 w naszej szkole uroczysto\u015b\u0107 po\u015bwi\u0119cona 99. rocznicy odzyskania przez Polsk\u0119 niepodleg\u0142o\u015bci. Uczniowie klasy III a oraz III b przygotowali monta\u017c s\u0142owno-muzyczny zatytu\u0142owany \u201eNasza droga ku wolno\u015bci\u201d, kt\u00f3rego celem by\u0142o ukazanie dziej\u00f3w narodu polskiego, wype\u0142nionych walk\u0105 o wyzwolenie spod jarzma zabor\u00f3w. Uczniowie u\u015bwietnili pami\u0119\u0107 minionych dni wierszami, filmami i pie\u015bniami o tematyce patriotycznej, dzi\u0119ki kt\u00f3rym mo\u017cna by\u0142o prze\u015bledzi\u0107 \u0142a\u0144cuch wielu pokole\u0144 Polak\u00f3w, tragiczne losy powsta\u0144c\u00f3w, skutki rusyfikacji i germanizacji, walk\u0119 w czasie I wojny \u015bwiatowej i odzyskanie upragnionej wolno\u015bci. Ide\u0105 apelu by\u0142o r\u00f3wnie\u017c przypomnienie zar\u00f3wno tych znanych jak i tych bezimiennych bohater\u00f3w, u\u015bwiadomienie wszystkim uczniom, jak wa\u017cna jest i powinna by\u0107 &#8211; dla nas &#8211; nasza Ojczyzna; wyja\u015bnienie, co znaczy s\u0142owo \u201ewolno\u015b\u0107\u201d. oraz przypomnienie, i\u017c wolno\u015b\u0107 raz zdobyta i\u00a0niepodleg\u0142o\u015b\u0107 raz osi\u0105gni\u0119ta nie jest czym\u015b trwa\u0142ym, tylko czym\u015b danym, co powinni\u015bmy piel\u0119gnowa\u0107.<\/p>\n<p style=\"text-align: right;\"><em>Renata Piszak<\/em><\/p>\n","protected":false},"excerpt":{"rendered":"<p>Dnia 10 listopada odby\u0142a si\u0119 w naszej szkole uroczysto\u015b\u0107 po\u015bwi\u0119cona 99. rocznicy odzyskania przez Polsk\u0119 niepodleg\u0142o\u015bci. Uczniowie klasy III a oraz III b przygotowali monta\u017c s\u0142owno-muzyczny zatytu\u0142owany \u201eNasza droga ku wolno\u015bci\u201d, kt\u00f3rego celem by\u0142o ukazanie dziej\u00f3w narodu polskiego, wype\u0142nionych walk\u0105 o wyzwolenie spod jarzma zabor\u00f3w. Uczniowie u\u015bwietnili pami\u0119\u0107 minionych dni wierszami, filmami i pie\u015bniami o &hellip; <\/p>\n<p><a class=\"more-link btn\" href=\"https:\/\/zskarlino.pl\/?p=9592\">Czytaj dalej<\/a><\/p>\n","protected":false},"author":6,"featured_media":0,"comment_status":"closed","ping_status":"closed","sticky":false,"template":"","format":"standard","meta":{"footnotes":""},"categories":[3],"tags":[],"class_list":["post-9592","post","type-post","status-publish","format-standard","hentry","category-wydarzenia","item-wrap"],"_links":{"self":[{"href":"https:\/\/zskarlino.pl\/index.php?rest_route=\/wp\/v2\/posts\/9592","targetHints":{"allow":["GET"]}}],"collection":[{"href":"https:\/\/zskarlino.pl\/index.php?rest_route=\/wp\/v2\/posts"}],"about":[{"href":"https:\/\/zskarlino.pl\/index.php?rest_route=\/wp\/v2\/types\/post"}],"author":[{"embeddable":true,"href":"https:\/\/zskarlino.pl\/index.php?rest_route=\/wp\/v2\/users\/6"}],"replies":[{"embeddable":true,"href":"https:\/\/zskarlino.pl\/index.php?rest_route=%2Fwp%2Fv2%2Fcomments&post=9592"}],"version-history":[{"count":2,"href":"https:\/\/zskarlino.pl\/index.php?rest_route=\/wp\/v2\/posts\/9592\/revisions"}],"predecessor-version":[{"id":9596,"href":"https:\/\/zskarlino.pl\/index.php?rest_route=\/wp\/v2\/posts\/9592\/revisions\/9596"}],"wp:attachment":[{"href":"https:\/\/zskarlino.pl\/index.php?rest_route=%2Fwp%2Fv2%2Fmedia&parent=9592"}],"wp:term":[{"taxonomy":"category","embeddable":true,"href":"https:\/\/zskarlino.pl\/index.php?rest_route=%2Fwp%2Fv2%2Fcategories&post=9592"},{"taxonomy":"post_tag","embeddable":true,"href":"https:\/\/zskarlino.pl\/index.php?rest_route=%2Fwp%2Fv2%2Ftags&post=9592"}],"curies":[{"name":"wp","href":"https:\/\/api.w.org\/{rel}","templated":true}]}}