{"id":9578,"date":"2017-11-03T17:07:19","date_gmt":"2017-11-03T16:07:19","guid":{"rendered":"http:\/\/zskarlino.pl\/?p=9578"},"modified":"2017-11-13T17:20:04","modified_gmt":"2017-11-13T16:20:04","slug":"9578","status":"publish","type":"post","link":"https:\/\/zskarlino.pl\/?p=9578","title":{"rendered":"Sprz\u0105tanie brzeg\u00f3w Pars\u0119ty"},"content":{"rendered":"<div class='fotorama--wp' data-link='file'data-size='large'data-ids='9579,9580,9581,9582,9583,9584,9585,9586,9587,9588'data-itemtag='dl'data-icontag='dt'data-captiontag='dd'data-columns='0'data-width='338'data-auto='false'data-max-width='100%'data-ratio='0.56333333333333'>\n\t\t<style type=\"text\/css\">\n\t\t\t#gallery-1 {\n\t\t\t\tmargin: auto;\n\t\t\t}\n\t\t\t#gallery-1 .gallery-item {\n\t\t\t\tfloat: left;\n\t\t\t\tmargin-top: 10px;\n\t\t\t\ttext-align: center;\n\t\t\t\twidth: 100%;\n\t\t\t}\n\t\t\t#gallery-1 img {\n\t\t\t\tborder: 2px solid #cfcfcf;\n\t\t\t}\n\t\t\t#gallery-1 .gallery-caption {\n\t\t\t\tmargin-left: 0;\n\t\t\t}\n\t\t\t\/* see gallery_shortcode() in wp-includes\/media.php *\/\n\t\t<\/style>\n\t\t<div id='gallery-1' class='gallery galleryid-9578 gallery-columns-0 gallery-size-thumbnail'><dl class='gallery-item'>\n\t\t\t<dt class='gallery-icon portrait'>\n\t\t\t\t<a href='https:\/\/zskarlino.pl\/wp-content\/uploads\/2017\/11\/23131042_1731235213553194_7560072300446586155_n.jpg' data-full='https:\/\/zskarlino.pl\/wp-content\/uploads\/2017\/11\/23131042_1731235213553194_7560072300446586155_n.jpg' rel=\"lightbox[9578]\"><img loading=\"lazy\" decoding=\"async\" width=\"150\" height=\"150\" src=\"https:\/\/zskarlino.pl\/wp-content\/uploads\/2017\/11\/23131042_1731235213553194_7560072300446586155_n-150x150.jpg\" class=\"attachment-thumbnail size-thumbnail\" alt=\"\" \/><\/a>\n\t\t\t<\/dt><\/dl><dl class='gallery-item'>\n\t\t\t<dt class='gallery-icon portrait'>\n\t\t\t\t<a href='https:\/\/zskarlino.pl\/wp-content\/uploads\/2017\/11\/23130530_1731235183553197_3937019091333603784_n.jpg' data-full='https:\/\/zskarlino.pl\/wp-content\/uploads\/2017\/11\/23130530_1731235183553197_3937019091333603784_n.jpg' rel=\"lightbox[9578]\"><img loading=\"lazy\" decoding=\"async\" width=\"150\" height=\"150\" src=\"https:\/\/zskarlino.pl\/wp-content\/uploads\/2017\/11\/23130530_1731235183553197_3937019091333603784_n-150x150.jpg\" class=\"attachment-thumbnail size-thumbnail\" alt=\"\" \/><\/a>\n\t\t\t<\/dt><\/dl><dl class='gallery-item'>\n\t\t\t<dt class='gallery-icon portrait'>\n\t\t\t\t<a href='https:\/\/zskarlino.pl\/wp-content\/uploads\/2017\/11\/23231422_1731235100219872_5154846886578019987_n.jpg' data-full='https:\/\/zskarlino.pl\/wp-content\/uploads\/2017\/11\/23231422_1731235100219872_5154846886578019987_n.jpg' rel=\"lightbox[9578]\"><img loading=\"lazy\" decoding=\"async\" width=\"150\" height=\"150\" src=\"https:\/\/zskarlino.pl\/wp-content\/uploads\/2017\/11\/23231422_1731235100219872_5154846886578019987_n-150x150.jpg\" class=\"attachment-thumbnail size-thumbnail\" alt=\"\" \/><\/a>\n\t\t\t<\/dt><\/dl><dl class='gallery-item'>\n\t\t\t<dt class='gallery-icon portrait'>\n\t\t\t\t<a href='https:\/\/zskarlino.pl\/wp-content\/uploads\/2017\/11\/23031638_1731235073553208_6400873374052184997_n.jpg' data-full='https:\/\/zskarlino.pl\/wp-content\/uploads\/2017\/11\/23031638_1731235073553208_6400873374052184997_n.jpg' rel=\"lightbox[9578]\"><img loading=\"lazy\" decoding=\"async\" width=\"150\" height=\"150\" src=\"https:\/\/zskarlino.pl\/wp-content\/uploads\/2017\/11\/23031638_1731235073553208_6400873374052184997_n-150x150.jpg\" class=\"attachment-thumbnail size-thumbnail\" alt=\"\" \/><\/a>\n\t\t\t<\/dt><\/dl><dl class='gallery-item'>\n\t\t\t<dt class='gallery-icon portrait'>\n\t\t\t\t<a href='https:\/\/zskarlino.pl\/wp-content\/uploads\/2017\/11\/23172720_1731235020219880_8304657134369252897_n.jpg' data-full='https:\/\/zskarlino.pl\/wp-content\/uploads\/2017\/11\/23172720_1731235020219880_8304657134369252897_n.jpg' rel=\"lightbox[9578]\"><img loading=\"lazy\" decoding=\"async\" width=\"150\" height=\"150\" src=\"https:\/\/zskarlino.pl\/wp-content\/uploads\/2017\/11\/23172720_1731235020219880_8304657134369252897_n-150x150.jpg\" class=\"attachment-thumbnail size-thumbnail\" alt=\"\" \/><\/a>\n\t\t\t<\/dt><\/dl><dl class='gallery-item'>\n\t\t\t<dt class='gallery-icon landscape'>\n\t\t\t\t<a href='https:\/\/zskarlino.pl\/wp-content\/uploads\/2017\/11\/23167542_1731234976886551_124939707720219917_n.jpg' data-full='https:\/\/zskarlino.pl\/wp-content\/uploads\/2017\/11\/23167542_1731234976886551_124939707720219917_n.jpg' rel=\"lightbox[9578]\"><img loading=\"lazy\" decoding=\"async\" width=\"150\" height=\"150\" src=\"https:\/\/zskarlino.pl\/wp-content\/uploads\/2017\/11\/23167542_1731234976886551_124939707720219917_n-150x150.jpg\" class=\"attachment-thumbnail size-thumbnail\" alt=\"\" \/><\/a>\n\t\t\t<\/dt><\/dl><dl class='gallery-item'>\n\t\t\t<dt class='gallery-icon portrait'>\n\t\t\t\t<a href='https:\/\/zskarlino.pl\/wp-content\/uploads\/2017\/11\/23031359_1731234943553221_5768689307186709546_n.jpg' data-full='https:\/\/zskarlino.pl\/wp-content\/uploads\/2017\/11\/23031359_1731234943553221_5768689307186709546_n.jpg' rel=\"lightbox[9578]\"><img loading=\"lazy\" decoding=\"async\" width=\"150\" height=\"150\" src=\"https:\/\/zskarlino.pl\/wp-content\/uploads\/2017\/11\/23031359_1731234943553221_5768689307186709546_n-150x150.jpg\" class=\"attachment-thumbnail size-thumbnail\" alt=\"\" \/><\/a>\n\t\t\t<\/dt><\/dl><dl class='gallery-item'>\n\t\t\t<dt class='gallery-icon landscape'>\n\t\t\t\t<a href='https:\/\/zskarlino.pl\/wp-content\/uploads\/2017\/11\/23130521_1731234893553226_7319452733095540297_n.jpg' data-full='https:\/\/zskarlino.pl\/wp-content\/uploads\/2017\/11\/23130521_1731234893553226_7319452733095540297_n.jpg' rel=\"lightbox[9578]\"><img loading=\"lazy\" decoding=\"async\" width=\"150\" height=\"150\" src=\"https:\/\/zskarlino.pl\/wp-content\/uploads\/2017\/11\/23130521_1731234893553226_7319452733095540297_n-150x150.jpg\" class=\"attachment-thumbnail size-thumbnail\" alt=\"\" \/><\/a>\n\t\t\t<\/dt><\/dl><dl class='gallery-item'>\n\t\t\t<dt class='gallery-icon landscape'>\n\t\t\t\t<a href='https:\/\/zskarlino.pl\/wp-content\/uploads\/2017\/11\/23244285_1731234836886565_1508845264242772152_n.jpg' data-full='https:\/\/zskarlino.pl\/wp-content\/uploads\/2017\/11\/23244285_1731234836886565_1508845264242772152_n.jpg' rel=\"lightbox[9578]\"><img loading=\"lazy\" decoding=\"async\" width=\"150\" height=\"150\" src=\"https:\/\/zskarlino.pl\/wp-content\/uploads\/2017\/11\/23244285_1731234836886565_1508845264242772152_n-150x150.jpg\" class=\"attachment-thumbnail size-thumbnail\" alt=\"\" \/><\/a>\n\t\t\t<\/dt><\/dl><dl class='gallery-item'>\n\t\t\t<dt class='gallery-icon landscape'>\n\t\t\t\t<a href='https:\/\/zskarlino.pl\/wp-content\/uploads\/2017\/11\/23032854_1731234766886572_252761321924871236_n.jpg' data-full='https:\/\/zskarlino.pl\/wp-content\/uploads\/2017\/11\/23032854_1731234766886572_252761321924871236_n.jpg' rel=\"lightbox[9578]\"><img loading=\"lazy\" decoding=\"async\" width=\"150\" height=\"150\" src=\"https:\/\/zskarlino.pl\/wp-content\/uploads\/2017\/11\/23032854_1731234766886572_252761321924871236_n-150x150.jpg\" class=\"attachment-thumbnail size-thumbnail\" alt=\"\" \/><\/a>\n\t\t\t<\/dt><\/dl>\n\t\t<\/div>\n<\/div>\n<p style=\"text-align: justify;\">Dbajmy o per\u0142\u0119 regionu &#8211; Pars\u0119ta w Karlinie posprz\u0105tana.<br \/>\nUczniowie klasy II b gimnazjum w Karlinie, pod opiek\u0105 M. Czarnas, wzi\u0119li udzia\u0142 w akcji sprz\u0105tania brzegu rzeki Pars\u0119ty. M\u0142odzie\u017c bardzo zaanga\u017cowa\u0142a si\u0119 i zgromadzi\u0142a kilka work\u00f3w \u015bmieci.<br \/>\nAkcja by\u0142a przeprowadzona w porozumieniu z Ko\u0142em W\u0119dkarskim w Karlinie.<\/p>\n<p style=\"text-align: right;\"><em>Marzena Czarnas<\/em><\/p>\n","protected":false},"excerpt":{"rendered":"<p>Dbajmy o per\u0142\u0119 regionu &#8211; Pars\u0119ta w Karlinie posprz\u0105tana. Uczniowie klasy II b gimnazjum w Karlinie, pod opiek\u0105 M. Czarnas, wzi\u0119li udzia\u0142 w akcji sprz\u0105tania brzegu rzeki Pars\u0119ty. M\u0142odzie\u017c bardzo zaanga\u017cowa\u0142a si\u0119 i zgromadzi\u0142a kilka work\u00f3w \u015bmieci. Akcja by\u0142a przeprowadzona w porozumieniu z Ko\u0142em W\u0119dkarskim w Karlinie. Marzena Czarnas<\/p>\n","protected":false},"author":6,"featured_media":0,"comment_status":"closed","ping_status":"closed","sticky":false,"template":"","format":"standard","meta":{"footnotes":""},"categories":[3],"tags":[],"class_list":["post-9578","post","type-post","status-publish","format-standard","hentry","category-wydarzenia","item-wrap"],"_links":{"self":[{"href":"https:\/\/zskarlino.pl\/index.php?rest_route=\/wp\/v2\/posts\/9578","targetHints":{"allow":["GET"]}}],"collection":[{"href":"https:\/\/zskarlino.pl\/index.php?rest_route=\/wp\/v2\/posts"}],"about":[{"href":"https:\/\/zskarlino.pl\/index.php?rest_route=\/wp\/v2\/types\/post"}],"author":[{"embeddable":true,"href":"https:\/\/zskarlino.pl\/index.php?rest_route=\/wp\/v2\/users\/6"}],"replies":[{"embeddable":true,"href":"https:\/\/zskarlino.pl\/index.php?rest_route=%2Fwp%2Fv2%2Fcomments&post=9578"}],"version-history":[{"count":3,"href":"https:\/\/zskarlino.pl\/index.php?rest_route=\/wp\/v2\/posts\/9578\/revisions"}],"predecessor-version":[{"id":9591,"href":"https:\/\/zskarlino.pl\/index.php?rest_route=\/wp\/v2\/posts\/9578\/revisions\/9591"}],"wp:attachment":[{"href":"https:\/\/zskarlino.pl\/index.php?rest_route=%2Fwp%2Fv2%2Fmedia&parent=9578"}],"wp:term":[{"taxonomy":"category","embeddable":true,"href":"https:\/\/zskarlino.pl\/index.php?rest_route=%2Fwp%2Fv2%2Fcategories&post=9578"},{"taxonomy":"post_tag","embeddable":true,"href":"https:\/\/zskarlino.pl\/index.php?rest_route=%2Fwp%2Fv2%2Ftags&post=9578"}],"curies":[{"name":"wp","href":"https:\/\/api.w.org\/{rel}","templated":true}]}}