{"id":9569,"date":"2017-11-03T17:03:03","date_gmt":"2017-11-03T16:03:03","guid":{"rendered":"http:\/\/zskarlino.pl\/?p=9569"},"modified":"2017-11-13T17:06:38","modified_gmt":"2017-11-13T16:06:38","slug":"razem-w-zawodowa-przyszlosc-uczniowie-technikum-na-politechnice-koszalinskiej","status":"publish","type":"post","link":"https:\/\/zskarlino.pl\/?p=9569","title":{"rendered":"\u201eRazem w zawodow\u0105 przysz\u0142o\u015b\u0107\u201c &#8211; uczniowie technikum na Politechnice Koszali\u0144skiej"},"content":{"rendered":"<div class='fotorama--wp' data-size='large'data-link='file'data-ids='9570,9571,9572,9573,9574,9575,9576'data-itemtag='dl'data-icontag='dt'data-captiontag='dd'data-columns='0'data-width='450'data-auto='false'data-max-width='100%'data-ratio='0.75'>\n\t\t<style type=\"text\/css\">\n\t\t\t#gallery-1 {\n\t\t\t\tmargin: auto;\n\t\t\t}\n\t\t\t#gallery-1 .gallery-item {\n\t\t\t\tfloat: left;\n\t\t\t\tmargin-top: 10px;\n\t\t\t\ttext-align: center;\n\t\t\t\twidth: 100%;\n\t\t\t}\n\t\t\t#gallery-1 img {\n\t\t\t\tborder: 2px solid #cfcfcf;\n\t\t\t}\n\t\t\t#gallery-1 .gallery-caption {\n\t\t\t\tmargin-left: 0;\n\t\t\t}\n\t\t\t\/* see gallery_shortcode() in wp-includes\/media.php *\/\n\t\t<\/style>\n\t\t<div id='gallery-1' class='gallery galleryid-9569 gallery-columns-0 gallery-size-thumbnail'><dl class='gallery-item'>\n\t\t\t<dt class='gallery-icon portrait'>\n\t\t\t\t<a href='https:\/\/zskarlino.pl\/wp-content\/uploads\/2017\/11\/23154996_1731297610213621_8734454424636504855_o.jpg' data-full='https:\/\/zskarlino.pl\/wp-content\/uploads\/2017\/11\/23154996_1731297610213621_8734454424636504855_o.jpg' rel=\"lightbox[9569]\"><img loading=\"lazy\" decoding=\"async\" width=\"150\" height=\"150\" src=\"https:\/\/zskarlino.pl\/wp-content\/uploads\/2017\/11\/23154996_1731297610213621_8734454424636504855_o-150x150.jpg\" class=\"attachment-thumbnail size-thumbnail\" alt=\"\" \/><\/a>\n\t\t\t<\/dt><\/dl><dl class='gallery-item'>\n\t\t\t<dt class='gallery-icon landscape'>\n\t\t\t\t<a href='https:\/\/zskarlino.pl\/wp-content\/uploads\/2017\/11\/23157311_1731297606880288_7246501096051316990_o.jpg' data-full='https:\/\/zskarlino.pl\/wp-content\/uploads\/2017\/11\/23157311_1731297606880288_7246501096051316990_o.jpg' rel=\"lightbox[9569]\"><img loading=\"lazy\" decoding=\"async\" width=\"150\" height=\"150\" src=\"https:\/\/zskarlino.pl\/wp-content\/uploads\/2017\/11\/23157311_1731297606880288_7246501096051316990_o-150x150.jpg\" class=\"attachment-thumbnail size-thumbnail\" alt=\"\" \/><\/a>\n\t\t\t<\/dt><\/dl><dl class='gallery-item'>\n\t\t\t<dt class='gallery-icon landscape'>\n\t\t\t\t<a href='https:\/\/zskarlino.pl\/wp-content\/uploads\/2017\/11\/23154914_1731296656880383_1812394911491931813_o.jpg' data-full='https:\/\/zskarlino.pl\/wp-content\/uploads\/2017\/11\/23154914_1731296656880383_1812394911491931813_o.jpg' rel=\"lightbox[9569]\"><img loading=\"lazy\" decoding=\"async\" width=\"150\" height=\"150\" src=\"https:\/\/zskarlino.pl\/wp-content\/uploads\/2017\/11\/23154914_1731296656880383_1812394911491931813_o-150x150.jpg\" class=\"attachment-thumbnail size-thumbnail\" alt=\"\" \/><\/a>\n\t\t\t<\/dt><\/dl><dl class='gallery-item'>\n\t\t\t<dt class='gallery-icon portrait'>\n\t\t\t\t<a href='https:\/\/zskarlino.pl\/wp-content\/uploads\/2017\/11\/23270189_1731295670213815_6929264904154396423_o.jpg' data-full='https:\/\/zskarlino.pl\/wp-content\/uploads\/2017\/11\/23270189_1731295670213815_6929264904154396423_o.jpg' rel=\"lightbox[9569]\"><img loading=\"lazy\" decoding=\"async\" width=\"150\" height=\"150\" src=\"https:\/\/zskarlino.pl\/wp-content\/uploads\/2017\/11\/23270189_1731295670213815_6929264904154396423_o-150x150.jpg\" class=\"attachment-thumbnail size-thumbnail\" alt=\"\" \/><\/a>\n\t\t\t<\/dt><\/dl><dl class='gallery-item'>\n\t\t\t<dt class='gallery-icon portrait'>\n\t\t\t\t<a href='https:\/\/zskarlino.pl\/wp-content\/uploads\/2017\/11\/23213046_1731295583547157_7916957077536633578_o.jpg' data-full='https:\/\/zskarlino.pl\/wp-content\/uploads\/2017\/11\/23213046_1731295583547157_7916957077536633578_o.jpg' rel=\"lightbox[9569]\"><img loading=\"lazy\" decoding=\"async\" width=\"150\" height=\"150\" src=\"https:\/\/zskarlino.pl\/wp-content\/uploads\/2017\/11\/23213046_1731295583547157_7916957077536633578_o-150x150.jpg\" class=\"attachment-thumbnail size-thumbnail\" alt=\"\" \/><\/a>\n\t\t\t<\/dt><\/dl><dl class='gallery-item'>\n\t\t\t<dt class='gallery-icon portrait'>\n\t\t\t\t<a href='https:\/\/zskarlino.pl\/wp-content\/uploads\/2017\/11\/23154842_1731295556880493_4595386393525457841_o.jpg' data-full='https:\/\/zskarlino.pl\/wp-content\/uploads\/2017\/11\/23154842_1731295556880493_4595386393525457841_o.jpg' rel=\"lightbox[9569]\"><img loading=\"lazy\" decoding=\"async\" width=\"150\" height=\"150\" src=\"https:\/\/zskarlino.pl\/wp-content\/uploads\/2017\/11\/23154842_1731295556880493_4595386393525457841_o-150x150.jpg\" class=\"attachment-thumbnail size-thumbnail\" alt=\"\" \/><\/a>\n\t\t\t<\/dt><\/dl><dl class='gallery-item'>\n\t\t\t<dt class='gallery-icon landscape'>\n\t\t\t\t<a href='https:\/\/zskarlino.pl\/wp-content\/uploads\/2017\/11\/23157158_1731295550213827_348549810052994849_o.jpg' data-full='https:\/\/zskarlino.pl\/wp-content\/uploads\/2017\/11\/23157158_1731295550213827_348549810052994849_o.jpg' rel=\"lightbox[9569]\"><img loading=\"lazy\" decoding=\"async\" width=\"150\" height=\"150\" src=\"https:\/\/zskarlino.pl\/wp-content\/uploads\/2017\/11\/23157158_1731295550213827_348549810052994849_o-150x150.jpg\" class=\"attachment-thumbnail size-thumbnail\" alt=\"\" \/><\/a>\n\t\t\t<\/dt><\/dl>\n\t\t<\/div>\n<\/div>\n<p>Realizujemy projekt \u201eRazem w Zawodow\u0105 Przysz\u0142o\u015b\u0107.\u201d Jednym z element\u00f3w projektu s\u0105 cykliczne zaj\u0119cia laboratoryjne na Politechnice Koszali\u0144skiej, w kt\u00f3rych m\u0142odzie\u017c naszego Technikum uczestniczy. Zapraszamy do fotorelacji z pobytu w dniu 3 listopada 2017. Na zdj\u0119ciach nasi uczniowie z pracownikami PK oraz prowadz\u0105cym zaj\u0119cia &#8211; panem dr. Markiem Pop\u0142awskim.<\/p>\n","protected":false},"excerpt":{"rendered":"<p>Realizujemy projekt \u201eRazem w Zawodow\u0105 Przysz\u0142o\u015b\u0107.\u201d Jednym z element\u00f3w projektu s\u0105 cykliczne zaj\u0119cia laboratoryjne na Politechnice Koszali\u0144skiej, w kt\u00f3rych m\u0142odzie\u017c naszego Technikum uczestniczy. Zapraszamy do fotorelacji z pobytu w dniu 3 listopada 2017. Na zdj\u0119ciach nasi uczniowie z pracownikami PK oraz prowadz\u0105cym zaj\u0119cia &#8211; panem dr. Markiem Pop\u0142awskim.<\/p>\n","protected":false},"author":6,"featured_media":0,"comment_status":"closed","ping_status":"closed","sticky":false,"template":"","format":"standard","meta":{"footnotes":""},"categories":[3],"tags":[],"class_list":["post-9569","post","type-post","status-publish","format-standard","hentry","category-wydarzenia","item-wrap"],"_links":{"self":[{"href":"https:\/\/zskarlino.pl\/index.php?rest_route=\/wp\/v2\/posts\/9569","targetHints":{"allow":["GET"]}}],"collection":[{"href":"https:\/\/zskarlino.pl\/index.php?rest_route=\/wp\/v2\/posts"}],"about":[{"href":"https:\/\/zskarlino.pl\/index.php?rest_route=\/wp\/v2\/types\/post"}],"author":[{"embeddable":true,"href":"https:\/\/zskarlino.pl\/index.php?rest_route=\/wp\/v2\/users\/6"}],"replies":[{"embeddable":true,"href":"https:\/\/zskarlino.pl\/index.php?rest_route=%2Fwp%2Fv2%2Fcomments&post=9569"}],"version-history":[{"count":1,"href":"https:\/\/zskarlino.pl\/index.php?rest_route=\/wp\/v2\/posts\/9569\/revisions"}],"predecessor-version":[{"id":9577,"href":"https:\/\/zskarlino.pl\/index.php?rest_route=\/wp\/v2\/posts\/9569\/revisions\/9577"}],"wp:attachment":[{"href":"https:\/\/zskarlino.pl\/index.php?rest_route=%2Fwp%2Fv2%2Fmedia&parent=9569"}],"wp:term":[{"taxonomy":"category","embeddable":true,"href":"https:\/\/zskarlino.pl\/index.php?rest_route=%2Fwp%2Fv2%2Fcategories&post=9569"},{"taxonomy":"post_tag","embeddable":true,"href":"https:\/\/zskarlino.pl\/index.php?rest_route=%2Fwp%2Fv2%2Ftags&post=9569"}],"curies":[{"name":"wp","href":"https:\/\/api.w.org\/{rel}","templated":true}]}}