{"id":9560,"date":"2017-11-04T16:53:50","date_gmt":"2017-11-04T15:53:50","guid":{"rendered":"http:\/\/zskarlino.pl\/?p=9560"},"modified":"2017-11-13T17:02:55","modified_gmt":"2017-11-13T16:02:55","slug":"sobota-z-wysilkiem-intelektualnym-nowoczesna-szkola-nowoczesna-edukacja","status":"publish","type":"post","link":"https:\/\/zskarlino.pl\/?p=9560","title":{"rendered":"Sobota z wysi\u0142kiem intelektualnym &#8211; \u201eNowoczesna szko\u0142a, nowoczesna edukacja\u201c"},"content":{"rendered":"<div class='fotorama--wp' data-size='large'data-link='file'data-ids='9561,9562,9563,9564,9565,9566'data-itemtag='dl'data-icontag='dt'data-captiontag='dd'data-columns='0'data-width='750'data-auto='false'data-max-width='100%'data-ratio='1.5090543259557'>\n\t\t<style type=\"text\/css\">\n\t\t\t#gallery-1 {\n\t\t\t\tmargin: auto;\n\t\t\t}\n\t\t\t#gallery-1 .gallery-item {\n\t\t\t\tfloat: left;\n\t\t\t\tmargin-top: 10px;\n\t\t\t\ttext-align: center;\n\t\t\t\twidth: 100%;\n\t\t\t}\n\t\t\t#gallery-1 img {\n\t\t\t\tborder: 2px solid #cfcfcf;\n\t\t\t}\n\t\t\t#gallery-1 .gallery-caption {\n\t\t\t\tmargin-left: 0;\n\t\t\t}\n\t\t\t\/* see gallery_shortcode() in wp-includes\/media.php *\/\n\t\t<\/style>\n\t\t<div id='gallery-1' class='gallery galleryid-9560 gallery-columns-0 gallery-size-thumbnail'><dl class='gallery-item'>\n\t\t\t<dt class='gallery-icon landscape'>\n\t\t\t\t<a href='https:\/\/zskarlino.pl\/wp-content\/uploads\/2017\/11\/23157355_1732476640095718_1068534836109328639_o.jpg' data-full='https:\/\/zskarlino.pl\/wp-content\/uploads\/2017\/11\/23157355_1732476640095718_1068534836109328639_o.jpg' rel=\"lightbox[9560]\"><img loading=\"lazy\" decoding=\"async\" width=\"150\" height=\"150\" src=\"https:\/\/zskarlino.pl\/wp-content\/uploads\/2017\/11\/23157355_1732476640095718_1068534836109328639_o-150x150.jpg\" class=\"attachment-thumbnail size-thumbnail\" alt=\"\" \/><\/a>\n\t\t\t<\/dt><\/dl><dl class='gallery-item'>\n\t\t\t<dt class='gallery-icon landscape'>\n\t\t\t\t<a href='https:\/\/zskarlino.pl\/wp-content\/uploads\/2017\/11\/23215763_1732472356762813_3904050692523926200_o.jpg' data-full='https:\/\/zskarlino.pl\/wp-content\/uploads\/2017\/11\/23215763_1732472356762813_3904050692523926200_o.jpg' rel=\"lightbox[9560]\"><img loading=\"lazy\" decoding=\"async\" width=\"150\" height=\"150\" src=\"https:\/\/zskarlino.pl\/wp-content\/uploads\/2017\/11\/23215763_1732472356762813_3904050692523926200_o-150x150.jpg\" class=\"attachment-thumbnail size-thumbnail\" alt=\"\" \/><\/a>\n\t\t\t<\/dt><\/dl><dl class='gallery-item'>\n\t\t\t<dt class='gallery-icon landscape'>\n\t\t\t\t<a href='https:\/\/zskarlino.pl\/wp-content\/uploads\/2017\/11\/23120262_1732476140095768_5319412105670738328_o.jpg' data-full='https:\/\/zskarlino.pl\/wp-content\/uploads\/2017\/11\/23120262_1732476140095768_5319412105670738328_o.jpg' rel=\"lightbox[9560]\"><img loading=\"lazy\" decoding=\"async\" width=\"150\" height=\"150\" src=\"https:\/\/zskarlino.pl\/wp-content\/uploads\/2017\/11\/23120262_1732476140095768_5319412105670738328_o-150x150.jpg\" class=\"attachment-thumbnail size-thumbnail\" alt=\"\" \/><\/a>\n\t\t\t<\/dt><\/dl><dl class='gallery-item'>\n\t\t\t<dt class='gallery-icon landscape'>\n\t\t\t\t<a href='https:\/\/zskarlino.pl\/wp-content\/uploads\/2017\/11\/23155037_1732470483429667_3014760394142620900_o.jpg' data-full='https:\/\/zskarlino.pl\/wp-content\/uploads\/2017\/11\/23155037_1732470483429667_3014760394142620900_o.jpg' rel=\"lightbox[9560]\"><img loading=\"lazy\" decoding=\"async\" width=\"150\" height=\"150\" src=\"https:\/\/zskarlino.pl\/wp-content\/uploads\/2017\/11\/23155037_1732470483429667_3014760394142620900_o-150x150.jpg\" class=\"attachment-thumbnail size-thumbnail\" alt=\"\" \/><\/a>\n\t\t\t<\/dt><\/dl><dl class='gallery-item'>\n\t\t\t<dt class='gallery-icon landscape'>\n\t\t\t\t<a href='https:\/\/zskarlino.pl\/wp-content\/uploads\/2017\/11\/23120141_1732470143429701_8682437057275574728_o.jpg' data-full='https:\/\/zskarlino.pl\/wp-content\/uploads\/2017\/11\/23120141_1732470143429701_8682437057275574728_o.jpg' rel=\"lightbox[9560]\"><img loading=\"lazy\" decoding=\"async\" width=\"150\" height=\"150\" src=\"https:\/\/zskarlino.pl\/wp-content\/uploads\/2017\/11\/23120141_1732470143429701_8682437057275574728_o-150x150.jpg\" class=\"attachment-thumbnail size-thumbnail\" alt=\"\" \/><\/a>\n\t\t\t<\/dt><\/dl><dl class='gallery-item'>\n\t\t\t<dt class='gallery-icon landscape'>\n\t\t\t\t<a href='https:\/\/zskarlino.pl\/wp-content\/uploads\/2017\/11\/23154813_1732471873429528_6948941344870797363_o.jpg' data-full='https:\/\/zskarlino.pl\/wp-content\/uploads\/2017\/11\/23154813_1732471873429528_6948941344870797363_o.jpg' rel=\"lightbox[9560]\"><img loading=\"lazy\" decoding=\"async\" width=\"150\" height=\"150\" src=\"https:\/\/zskarlino.pl\/wp-content\/uploads\/2017\/11\/23154813_1732471873429528_6948941344870797363_o-150x150.jpg\" class=\"attachment-thumbnail size-thumbnail\" alt=\"\" \/><\/a>\n\t\t\t<\/dt><\/dl>\n\t\t<\/div>\n<\/div>\n<p style=\"text-align: justify;\">Sobota kojarzy si\u0119 wszystkim z odpoczynkiem, ale nie uczniom ZS w Karlinie. Przedpo\u0142udnie 4 listopada 2017 r. cz\u0119\u015b\u0107 z nich sp\u0119dzi\u0142a w szkole, bawi\u0105c si\u0119 nauk\u0105. Dru\u017cyny reprezentuj\u0105ce ka\u017cd\u0105 klas\u0119 wzi\u0119\u0142y udzia\u0142 w konkursie wiedzowym zorganizowanym w ramach projektu &#8222;Nowoczesna szko\u0142a, nowoczesna edukacja&#8221;.<br \/>\nTym razem zmagania dotyczy\u0142y przedmiot\u00f3w \u015bcis\u0142ych, czyli chemii, fizyki, biologii, geografii oraz \u201ekochanej&#8221; przez wielu matematyki.<br \/>\nZadania o r\u00f3\u017cnym stopniu trudno\u015bci uk\u0142adali nauczy<span class=\"text_exposed_show\">ciele tych przedmiot\u00f3w. Nagrodami by\u0142a satysfakcja wysokiego poziomu swojej wiedzy oraz najwy\u017csze oceny z wybranych przedmiot\u00f3w.<br \/>\nTeraz czekamy na wyniki.<br \/>\nWiosn\u0105 spotkamy si\u0119 ponownie, ale tym razem b\u0119dziemy walczy\u0107 z zakresem humanistyczno &#8211; j\u0119zykowym. B\u0119dzie si\u0119 dzia\u0142o.<\/span><\/p>\n<p style=\"text-align: justify;\">Pe\u0142na relacja fotograficzna na naszej stronie na Facebooku:\u00a0<a href=\"https:\/\/www.facebook.com\/media\/set\/?set=a.1732469663429749.1073741873.449393925070669&amp;type=1&amp;l=e44d612862\" target=\"_blank\" rel=\"noopener\">GALERIA<\/a><\/p>\n<p style=\"text-align: right;\"><em>Marzena Czarnas<\/em><\/p>\n","protected":false},"excerpt":{"rendered":"<p>Sobota kojarzy si\u0119 wszystkim z odpoczynkiem, ale nie uczniom ZS w Karlinie. Przedpo\u0142udnie 4 listopada 2017 r. cz\u0119\u015b\u0107 z nich sp\u0119dzi\u0142a w szkole, bawi\u0105c si\u0119 nauk\u0105. Dru\u017cyny reprezentuj\u0105ce ka\u017cd\u0105 klas\u0119 wzi\u0119\u0142y udzia\u0142 w konkursie wiedzowym zorganizowanym w ramach projektu &#8222;Nowoczesna szko\u0142a, nowoczesna edukacja&#8221;. Tym razem zmagania dotyczy\u0142y przedmiot\u00f3w \u015bcis\u0142ych, czyli chemii, fizyki, biologii, geografii oraz &hellip; <\/p>\n<p><a class=\"more-link btn\" href=\"https:\/\/zskarlino.pl\/?p=9560\">Czytaj dalej<\/a><\/p>\n","protected":false},"author":6,"featured_media":0,"comment_status":"closed","ping_status":"closed","sticky":false,"template":"","format":"standard","meta":{"footnotes":""},"categories":[3],"tags":[],"class_list":["post-9560","post","type-post","status-publish","format-standard","hentry","category-wydarzenia","item-wrap"],"_links":{"self":[{"href":"https:\/\/zskarlino.pl\/index.php?rest_route=\/wp\/v2\/posts\/9560","targetHints":{"allow":["GET"]}}],"collection":[{"href":"https:\/\/zskarlino.pl\/index.php?rest_route=\/wp\/v2\/posts"}],"about":[{"href":"https:\/\/zskarlino.pl\/index.php?rest_route=\/wp\/v2\/types\/post"}],"author":[{"embeddable":true,"href":"https:\/\/zskarlino.pl\/index.php?rest_route=\/wp\/v2\/users\/6"}],"replies":[{"embeddable":true,"href":"https:\/\/zskarlino.pl\/index.php?rest_route=%2Fwp%2Fv2%2Fcomments&post=9560"}],"version-history":[{"count":2,"href":"https:\/\/zskarlino.pl\/index.php?rest_route=\/wp\/v2\/posts\/9560\/revisions"}],"predecessor-version":[{"id":9568,"href":"https:\/\/zskarlino.pl\/index.php?rest_route=\/wp\/v2\/posts\/9560\/revisions\/9568"}],"wp:attachment":[{"href":"https:\/\/zskarlino.pl\/index.php?rest_route=%2Fwp%2Fv2%2Fmedia&parent=9560"}],"wp:term":[{"taxonomy":"category","embeddable":true,"href":"https:\/\/zskarlino.pl\/index.php?rest_route=%2Fwp%2Fv2%2Fcategories&post=9560"},{"taxonomy":"post_tag","embeddable":true,"href":"https:\/\/zskarlino.pl\/index.php?rest_route=%2Fwp%2Fv2%2Ftags&post=9560"}],"curies":[{"name":"wp","href":"https:\/\/api.w.org\/{rel}","templated":true}]}}