{"id":9547,"date":"2017-11-09T16:39:29","date_gmt":"2017-11-09T15:39:29","guid":{"rendered":"http:\/\/zskarlino.pl\/?p=9547"},"modified":"2017-11-13T17:24:21","modified_gmt":"2017-11-13T16:24:21","slug":"pierwsze-posiedzenie-mlodziezowej-rady-miejskiej-w-karlinie-iii-kadencji","status":"publish","type":"post","link":"https:\/\/zskarlino.pl\/?p=9547","title":{"rendered":"Pierwsze posiedzenie M\u0142odzie\u017cowej Rady Miejskiej w Karlinie III Kadencji"},"content":{"rendered":"<div class='fotorama--wp' data-size='large'data-link='file'data-ids='9548,9549,9550,9551,9552'data-itemtag='dl'data-icontag='dt'data-captiontag='dd'data-columns='0'data-width='750'data-auto='false'data-max-width='100%'data-ratio='1.3321492007105'>\n\t\t<style type=\"text\/css\">\n\t\t\t#gallery-1 {\n\t\t\t\tmargin: auto;\n\t\t\t}\n\t\t\t#gallery-1 .gallery-item {\n\t\t\t\tfloat: left;\n\t\t\t\tmargin-top: 10px;\n\t\t\t\ttext-align: center;\n\t\t\t\twidth: 100%;\n\t\t\t}\n\t\t\t#gallery-1 img {\n\t\t\t\tborder: 2px solid #cfcfcf;\n\t\t\t}\n\t\t\t#gallery-1 .gallery-caption {\n\t\t\t\tmargin-left: 0;\n\t\t\t}\n\t\t\t\/* see gallery_shortcode() in wp-includes\/media.php *\/\n\t\t<\/style>\n\t\t<div id='gallery-1' class='gallery galleryid-9547 gallery-columns-0 gallery-size-thumbnail'><dl class='gallery-item'>\n\t\t\t<dt class='gallery-icon landscape'>\n\t\t\t\t<a href='https:\/\/zskarlino.pl\/wp-content\/uploads\/2017\/11\/23244158_1736948746315174_1786096170892113767_n.jpg' data-full='https:\/\/zskarlino.pl\/wp-content\/uploads\/2017\/11\/23244158_1736948746315174_1786096170892113767_n.jpg' rel=\"lightbox[9547]\"><img loading=\"lazy\" decoding=\"async\" width=\"150\" height=\"150\" src=\"https:\/\/zskarlino.pl\/wp-content\/uploads\/2017\/11\/23244158_1736948746315174_1786096170892113767_n-150x150.jpg\" class=\"attachment-thumbnail size-thumbnail\" alt=\"\" \/><\/a>\n\t\t\t<\/dt><\/dl><dl class='gallery-item'>\n\t\t\t<dt class='gallery-icon landscape'>\n\t\t\t\t<a href='https:\/\/zskarlino.pl\/wp-content\/uploads\/2017\/11\/23376494_1736948636315185_7421235684861968368_n.jpg' data-full='https:\/\/zskarlino.pl\/wp-content\/uploads\/2017\/11\/23376494_1736948636315185_7421235684861968368_n.jpg' rel=\"lightbox[9547]\"><img loading=\"lazy\" decoding=\"async\" width=\"150\" height=\"150\" src=\"https:\/\/zskarlino.pl\/wp-content\/uploads\/2017\/11\/23376494_1736948636315185_7421235684861968368_n-150x150.jpg\" class=\"attachment-thumbnail size-thumbnail\" alt=\"\" \/><\/a>\n\t\t\t<\/dt><\/dl><dl class='gallery-item'>\n\t\t\t<dt class='gallery-icon landscape'>\n\t\t\t\t<a href='https:\/\/zskarlino.pl\/wp-content\/uploads\/2017\/11\/23380135_1736948632981852_1016377158989099764_n.jpg' data-full='https:\/\/zskarlino.pl\/wp-content\/uploads\/2017\/11\/23380135_1736948632981852_1016377158989099764_n.jpg' rel=\"lightbox[9547]\"><img loading=\"lazy\" decoding=\"async\" width=\"150\" height=\"150\" src=\"https:\/\/zskarlino.pl\/wp-content\/uploads\/2017\/11\/23380135_1736948632981852_1016377158989099764_n-150x150.jpg\" class=\"attachment-thumbnail size-thumbnail\" alt=\"\" \/><\/a>\n\t\t\t<\/dt><\/dl><dl class='gallery-item'>\n\t\t\t<dt class='gallery-icon landscape'>\n\t\t\t\t<a href='https:\/\/zskarlino.pl\/wp-content\/uploads\/2017\/11\/23435046_1736948629648519_6713788013743350539_n.jpg' data-full='https:\/\/zskarlino.pl\/wp-content\/uploads\/2017\/11\/23435046_1736948629648519_6713788013743350539_n.jpg' rel=\"lightbox[9547]\"><img loading=\"lazy\" decoding=\"async\" width=\"150\" height=\"150\" src=\"https:\/\/zskarlino.pl\/wp-content\/uploads\/2017\/11\/23435046_1736948629648519_6713788013743350539_n-150x150.jpg\" class=\"attachment-thumbnail size-thumbnail\" alt=\"\" \/><\/a>\n\t\t\t<\/dt><\/dl><dl class='gallery-item'>\n\t\t\t<dt class='gallery-icon landscape'>\n\t\t\t\t<a href='https:\/\/zskarlino.pl\/wp-content\/uploads\/2017\/11\/23435191_1736948626315186_6734088633851197361_n.jpg' data-full='https:\/\/zskarlino.pl\/wp-content\/uploads\/2017\/11\/23435191_1736948626315186_6734088633851197361_n.jpg' rel=\"lightbox[9547]\"><img loading=\"lazy\" decoding=\"async\" width=\"150\" height=\"150\" src=\"https:\/\/zskarlino.pl\/wp-content\/uploads\/2017\/11\/23435191_1736948626315186_6734088633851197361_n-150x150.jpg\" class=\"attachment-thumbnail size-thumbnail\" alt=\"\" \/><\/a>\n\t\t\t<\/dt><\/dl>\n\t\t<\/div>\n<\/div>\n<p style=\"text-align: justify;\">9 listopada 2017 roku odby\u0142o si\u0119 pierwsze posiedzenie M\u0142odzie\u017cowej Rady Miejskiej w Karlinie III Kadencji. Dzie\u0144 wcze\u015bniej\u00a0m\u0142odzi radni spotkali si\u0119 z opiekunem MRM, Panem Zbigniewem Pawlikiem, by wy\u0142oni\u0107 przewodnicz\u0105cego i jego zast\u0119pc\u0119. Podczas sesji natomiast otrzymali powierzenia z r\u0105k Burmistrza\u202c Karlina, Pana Waldemara Mi\u015bko i odbyli sesj\u0119 w obecno\u015bci publiczno\u015bci Zespo\u0142u Szk\u00f3\u0142 w Karlinie.<\/p>\n<p style=\"text-align: right;\"><em>Justyna Syga<\/em><\/p>\n","protected":false},"excerpt":{"rendered":"<p>9 listopada 2017 roku odby\u0142o si\u0119 pierwsze posiedzenie M\u0142odzie\u017cowej Rady Miejskiej w Karlinie III Kadencji. Dzie\u0144 wcze\u015bniej\u00a0m\u0142odzi radni spotkali si\u0119 z opiekunem MRM, Panem Zbigniewem Pawlikiem, by wy\u0142oni\u0107 przewodnicz\u0105cego i jego zast\u0119pc\u0119. Podczas sesji natomiast otrzymali powierzenia z r\u0105k Burmistrza\u202c Karlina, Pana Waldemara Mi\u015bko i odbyli sesj\u0119 w obecno\u015bci publiczno\u015bci Zespo\u0142u Szk\u00f3\u0142 w Karlinie. Justyna &hellip; <\/p>\n<p><a class=\"more-link btn\" href=\"https:\/\/zskarlino.pl\/?p=9547\">Czytaj dalej<\/a><\/p>\n","protected":false},"author":6,"featured_media":0,"comment_status":"closed","ping_status":"closed","sticky":false,"template":"","format":"standard","meta":{"footnotes":""},"categories":[3],"tags":[],"class_list":["post-9547","post","type-post","status-publish","format-standard","hentry","category-wydarzenia","item-wrap"],"_links":{"self":[{"href":"https:\/\/zskarlino.pl\/index.php?rest_route=\/wp\/v2\/posts\/9547","targetHints":{"allow":["GET"]}}],"collection":[{"href":"https:\/\/zskarlino.pl\/index.php?rest_route=\/wp\/v2\/posts"}],"about":[{"href":"https:\/\/zskarlino.pl\/index.php?rest_route=\/wp\/v2\/types\/post"}],"author":[{"embeddable":true,"href":"https:\/\/zskarlino.pl\/index.php?rest_route=\/wp\/v2\/users\/6"}],"replies":[{"embeddable":true,"href":"https:\/\/zskarlino.pl\/index.php?rest_route=%2Fwp%2Fv2%2Fcomments&post=9547"}],"version-history":[{"count":2,"href":"https:\/\/zskarlino.pl\/index.php?rest_route=\/wp\/v2\/posts\/9547\/revisions"}],"predecessor-version":[{"id":9595,"href":"https:\/\/zskarlino.pl\/index.php?rest_route=\/wp\/v2\/posts\/9547\/revisions\/9595"}],"wp:attachment":[{"href":"https:\/\/zskarlino.pl\/index.php?rest_route=%2Fwp%2Fv2%2Fmedia&parent=9547"}],"wp:term":[{"taxonomy":"category","embeddable":true,"href":"https:\/\/zskarlino.pl\/index.php?rest_route=%2Fwp%2Fv2%2Fcategories&post=9547"},{"taxonomy":"post_tag","embeddable":true,"href":"https:\/\/zskarlino.pl\/index.php?rest_route=%2Fwp%2Fv2%2Ftags&post=9547"}],"curies":[{"name":"wp","href":"https:\/\/api.w.org\/{rel}","templated":true}]}}