{"id":9517,"date":"2017-11-01T21:22:47","date_gmt":"2017-11-01T20:22:47","guid":{"rendered":"http:\/\/zskarlino.pl\/?p=9517"},"modified":"2017-11-01T21:22:47","modified_gmt":"2017-11-01T20:22:47","slug":"droga-do-kariery-spotkanie-z-absolwentem","status":"publish","type":"post","link":"https:\/\/zskarlino.pl\/?p=9517","title":{"rendered":"Droga do kariery &#8211; spotkanie z absolwentem"},"content":{"rendered":"<div class='fotorama--wp' data-size='large'data-link='file'data-ids='9518,9519,9520'data-itemtag='dl'data-icontag='dt'data-captiontag='dd'data-columns='0'data-width='750'data-auto='false'data-max-width='100%'data-ratio='0.75'>\n\t\t<style type=\"text\/css\">\n\t\t\t#gallery-1 {\n\t\t\t\tmargin: auto;\n\t\t\t}\n\t\t\t#gallery-1 .gallery-item {\n\t\t\t\tfloat: left;\n\t\t\t\tmargin-top: 10px;\n\t\t\t\ttext-align: center;\n\t\t\t\twidth: 100%;\n\t\t\t}\n\t\t\t#gallery-1 img {\n\t\t\t\tborder: 2px solid #cfcfcf;\n\t\t\t}\n\t\t\t#gallery-1 .gallery-caption {\n\t\t\t\tmargin-left: 0;\n\t\t\t}\n\t\t\t\/* see gallery_shortcode() in wp-includes\/media.php *\/\n\t\t<\/style>\n\t\t<div id='gallery-1' class='gallery galleryid-9517 gallery-columns-0 gallery-size-thumbnail'><dl class='gallery-item'>\n\t\t\t<dt class='gallery-icon portrait'>\n\t\t\t\t<a href='https:\/\/zskarlino.pl\/wp-content\/uploads\/2017\/11\/IMG_4240-768x1024.jpg' data-full='https:\/\/zskarlino.pl\/wp-content\/uploads\/2017\/11\/IMG_4240.jpg' rel=\"lightbox[9517]\"><img loading=\"lazy\" decoding=\"async\" width=\"150\" height=\"150\" src=\"https:\/\/zskarlino.pl\/wp-content\/uploads\/2017\/11\/IMG_4240-150x150.jpg\" class=\"attachment-thumbnail size-thumbnail\" alt=\"\" \/><\/a>\n\t\t\t<\/dt><\/dl><dl class='gallery-item'>\n\t\t\t<dt class='gallery-icon landscape'>\n\t\t\t\t<a href='https:\/\/zskarlino.pl\/wp-content\/uploads\/2017\/11\/IMG_4242.jpg' data-full='https:\/\/zskarlino.pl\/wp-content\/uploads\/2017\/11\/IMG_4242.jpg' rel=\"lightbox[9517]\"><img loading=\"lazy\" decoding=\"async\" width=\"150\" height=\"150\" src=\"https:\/\/zskarlino.pl\/wp-content\/uploads\/2017\/11\/IMG_4242-150x150.jpg\" class=\"attachment-thumbnail size-thumbnail\" alt=\"\" \/><\/a>\n\t\t\t<\/dt><\/dl><dl class='gallery-item'>\n\t\t\t<dt class='gallery-icon landscape'>\n\t\t\t\t<a href='https:\/\/zskarlino.pl\/wp-content\/uploads\/2017\/11\/IMG_4243.jpg' data-full='https:\/\/zskarlino.pl\/wp-content\/uploads\/2017\/11\/IMG_4243.jpg' rel=\"lightbox[9517]\"><img loading=\"lazy\" decoding=\"async\" width=\"150\" height=\"150\" src=\"https:\/\/zskarlino.pl\/wp-content\/uploads\/2017\/11\/IMG_4243-150x150.jpg\" class=\"attachment-thumbnail size-thumbnail\" alt=\"\" \/><\/a>\n\t\t\t<\/dt><\/dl>\n\t\t<\/div>\n<\/div>\n<p style=\"text-align: justify;\">31 pa\u017adziernika 2017 r. w ramach spotka\u0144 z naszymi absolwentami odwiedzi\u0142 nas absolwent naszej szko\u0142y, aktualnie student Uniwersytetu Wroc\u0142awskiego \u2013 Konrad Kleczkowski. Konrad studiuje Informatyk\u0119 na Wydziale Podstawowych Problem\u00f3w Techniki. Podzieli\u0142 si\u0119 swoimi wspomnieniami z pobytu w szkole oraz motywowa\u0142 uczni\u00f3w do wysi\u0142ku w zdobywaniu wiedzy i rozwijaniu swoich pasji, przedstawiaj\u0105c korzy\u015bci p\u0142yn\u0105ce z dalszego kszta\u0142cenia.<\/p>\n<p style=\"text-align: justify;\">\n<p style=\"text-align: right;\"><em>Justyna Syga<\/em><\/p>\n","protected":false},"excerpt":{"rendered":"<p>31 pa\u017adziernika 2017 r. w ramach spotka\u0144 z naszymi absolwentami odwiedzi\u0142 nas absolwent naszej szko\u0142y, aktualnie student Uniwersytetu Wroc\u0142awskiego \u2013 Konrad Kleczkowski. Konrad studiuje Informatyk\u0119 na Wydziale Podstawowych Problem\u00f3w Techniki. Podzieli\u0142 si\u0119 swoimi wspomnieniami z pobytu w szkole oraz motywowa\u0142 uczni\u00f3w do wysi\u0142ku w zdobywaniu wiedzy i rozwijaniu swoich pasji, przedstawiaj\u0105c korzy\u015bci p\u0142yn\u0105ce z dalszego &hellip; <\/p>\n<p><a class=\"more-link btn\" href=\"https:\/\/zskarlino.pl\/?p=9517\">Czytaj dalej<\/a><\/p>\n","protected":false},"author":6,"featured_media":0,"comment_status":"closed","ping_status":"closed","sticky":false,"template":"","format":"standard","meta":{"footnotes":""},"categories":[3],"tags":[],"class_list":["post-9517","post","type-post","status-publish","format-standard","hentry","category-wydarzenia","item-wrap"],"_links":{"self":[{"href":"https:\/\/zskarlino.pl\/index.php?rest_route=\/wp\/v2\/posts\/9517","targetHints":{"allow":["GET"]}}],"collection":[{"href":"https:\/\/zskarlino.pl\/index.php?rest_route=\/wp\/v2\/posts"}],"about":[{"href":"https:\/\/zskarlino.pl\/index.php?rest_route=\/wp\/v2\/types\/post"}],"author":[{"embeddable":true,"href":"https:\/\/zskarlino.pl\/index.php?rest_route=\/wp\/v2\/users\/6"}],"replies":[{"embeddable":true,"href":"https:\/\/zskarlino.pl\/index.php?rest_route=%2Fwp%2Fv2%2Fcomments&post=9517"}],"version-history":[{"count":1,"href":"https:\/\/zskarlino.pl\/index.php?rest_route=\/wp\/v2\/posts\/9517\/revisions"}],"predecessor-version":[{"id":9521,"href":"https:\/\/zskarlino.pl\/index.php?rest_route=\/wp\/v2\/posts\/9517\/revisions\/9521"}],"wp:attachment":[{"href":"https:\/\/zskarlino.pl\/index.php?rest_route=%2Fwp%2Fv2%2Fmedia&parent=9517"}],"wp:term":[{"taxonomy":"category","embeddable":true,"href":"https:\/\/zskarlino.pl\/index.php?rest_route=%2Fwp%2Fv2%2Fcategories&post=9517"},{"taxonomy":"post_tag","embeddable":true,"href":"https:\/\/zskarlino.pl\/index.php?rest_route=%2Fwp%2Fv2%2Ftags&post=9517"}],"curies":[{"name":"wp","href":"https:\/\/api.w.org\/{rel}","templated":true}]}}