{"id":9469,"date":"2017-10-19T17:55:14","date_gmt":"2017-10-19T15:55:14","guid":{"rendered":"http:\/\/zskarlino.pl\/?p=9469"},"modified":"2017-10-23T22:08:55","modified_gmt":"2017-10-23T20:08:55","slug":"tydzien-kariery","status":"publish","type":"post","link":"https:\/\/zskarlino.pl\/?p=9469","title":{"rendered":"Og\u00f3lnopolski Tydzie\u0144 Kariery &#8211; dzie\u0144 trzeci"},"content":{"rendered":"<div class='fotorama--wp' data-size='large'data-link='file'data-ids='9478,9479,9480,9481,9482'data-itemtag='dl'data-icontag='dt'data-captiontag='dd'data-columns='0'data-width='750'data-auto='false'data-max-width='100%'data-ratio='1.3321492007105'>\n\t\t<style type=\"text\/css\">\n\t\t\t#gallery-1 {\n\t\t\t\tmargin: auto;\n\t\t\t}\n\t\t\t#gallery-1 .gallery-item {\n\t\t\t\tfloat: left;\n\t\t\t\tmargin-top: 10px;\n\t\t\t\ttext-align: center;\n\t\t\t\twidth: 100%;\n\t\t\t}\n\t\t\t#gallery-1 img {\n\t\t\t\tborder: 2px solid #cfcfcf;\n\t\t\t}\n\t\t\t#gallery-1 .gallery-caption {\n\t\t\t\tmargin-left: 0;\n\t\t\t}\n\t\t\t\/* see gallery_shortcode() in wp-includes\/media.php *\/\n\t\t<\/style>\n\t\t<div id='gallery-1' class='gallery galleryid-9469 gallery-columns-0 gallery-size-thumbnail'><dl class='gallery-item'>\n\t\t\t<dt class='gallery-icon landscape'>\n\t\t\t\t<a href='https:\/\/zskarlino.pl\/wp-content\/uploads\/2017\/10\/P1100802.jpg' data-full='https:\/\/zskarlino.pl\/wp-content\/uploads\/2017\/10\/P1100802.jpg' rel=\"lightbox[9469]\"><img loading=\"lazy\" decoding=\"async\" width=\"150\" height=\"150\" src=\"https:\/\/zskarlino.pl\/wp-content\/uploads\/2017\/10\/P1100802-150x150.jpg\" class=\"attachment-thumbnail size-thumbnail\" alt=\"\" \/><\/a>\n\t\t\t<\/dt><\/dl><dl class='gallery-item'>\n\t\t\t<dt class='gallery-icon landscape'>\n\t\t\t\t<a href='https:\/\/zskarlino.pl\/wp-content\/uploads\/2017\/10\/P1100801.jpg' data-full='https:\/\/zskarlino.pl\/wp-content\/uploads\/2017\/10\/P1100801.jpg' rel=\"lightbox[9469]\"><img loading=\"lazy\" decoding=\"async\" width=\"150\" height=\"150\" src=\"https:\/\/zskarlino.pl\/wp-content\/uploads\/2017\/10\/P1100801-150x150.jpg\" class=\"attachment-thumbnail size-thumbnail\" alt=\"\" \/><\/a>\n\t\t\t<\/dt><\/dl><dl class='gallery-item'>\n\t\t\t<dt class='gallery-icon landscape'>\n\t\t\t\t<a href='https:\/\/zskarlino.pl\/wp-content\/uploads\/2017\/10\/P1100806.jpg' data-full='https:\/\/zskarlino.pl\/wp-content\/uploads\/2017\/10\/P1100806.jpg' rel=\"lightbox[9469]\"><img loading=\"lazy\" decoding=\"async\" width=\"150\" height=\"150\" src=\"https:\/\/zskarlino.pl\/wp-content\/uploads\/2017\/10\/P1100806-150x150.jpg\" class=\"attachment-thumbnail size-thumbnail\" alt=\"\" \/><\/a>\n\t\t\t<\/dt><\/dl><dl class='gallery-item'>\n\t\t\t<dt class='gallery-icon landscape'>\n\t\t\t\t<a href='https:\/\/zskarlino.pl\/wp-content\/uploads\/2017\/10\/P1100797.jpg' data-full='https:\/\/zskarlino.pl\/wp-content\/uploads\/2017\/10\/P1100797.jpg' rel=\"lightbox[9469]\"><img loading=\"lazy\" decoding=\"async\" width=\"150\" height=\"150\" src=\"https:\/\/zskarlino.pl\/wp-content\/uploads\/2017\/10\/P1100797-150x150.jpg\" class=\"attachment-thumbnail size-thumbnail\" alt=\"\" \/><\/a>\n\t\t\t<\/dt><\/dl><dl class='gallery-item'>\n\t\t\t<dt class='gallery-icon landscape'>\n\t\t\t\t<a href='https:\/\/zskarlino.pl\/wp-content\/uploads\/2017\/10\/P1100800.jpg' data-full='https:\/\/zskarlino.pl\/wp-content\/uploads\/2017\/10\/P1100800.jpg' rel=\"lightbox[9469]\"><img loading=\"lazy\" decoding=\"async\" width=\"150\" height=\"150\" src=\"https:\/\/zskarlino.pl\/wp-content\/uploads\/2017\/10\/P1100800-150x150.jpg\" class=\"attachment-thumbnail size-thumbnail\" alt=\"\" \/><\/a>\n\t\t\t<\/dt><\/dl>\n\t\t<\/div>\n<\/div>\n<p style=\"text-align: justify;\">Trzeci dzie\u0144 9. Og\u00f3lnopolskiego Tygodnia Kariery to spotkanie z przedstawicielem Stowarzyszenia Inicjatyw Spo\u0142eczno-Gospodarczych, panem Mariuszem Stolarczykiem. Uczniowie klas trzecich gimnazjum uzyskali wiele ciekawych informacji na temat roli SISG, lokalnego rynku pracy i mo\u017cliwo\u015bci zaplanowania i rozwoju kariery zawodowej.<\/p>\n<p style=\"text-align: right;\"><em>Beata Kad\u0142ubowska<\/em><\/p>\n","protected":false},"excerpt":{"rendered":"<p>Trzeci dzie\u0144 9. Og\u00f3lnopolskiego Tygodnia Kariery to spotkanie z przedstawicielem Stowarzyszenia Inicjatyw Spo\u0142eczno-Gospodarczych, panem Mariuszem Stolarczykiem. Uczniowie klas trzecich gimnazjum uzyskali wiele ciekawych informacji na temat roli SISG, lokalnego rynku pracy i mo\u017cliwo\u015bci zaplanowania i rozwoju kariery zawodowej. Beata Kad\u0142ubowska<\/p>\n","protected":false},"author":6,"featured_media":0,"comment_status":"closed","ping_status":"closed","sticky":false,"template":"","format":"standard","meta":{"footnotes":""},"categories":[3],"tags":[],"class_list":["post-9469","post","type-post","status-publish","format-standard","hentry","category-wydarzenia","item-wrap"],"_links":{"self":[{"href":"https:\/\/zskarlino.pl\/index.php?rest_route=\/wp\/v2\/posts\/9469","targetHints":{"allow":["GET"]}}],"collection":[{"href":"https:\/\/zskarlino.pl\/index.php?rest_route=\/wp\/v2\/posts"}],"about":[{"href":"https:\/\/zskarlino.pl\/index.php?rest_route=\/wp\/v2\/types\/post"}],"author":[{"embeddable":true,"href":"https:\/\/zskarlino.pl\/index.php?rest_route=\/wp\/v2\/users\/6"}],"replies":[{"embeddable":true,"href":"https:\/\/zskarlino.pl\/index.php?rest_route=%2Fwp%2Fv2%2Fcomments&post=9469"}],"version-history":[{"count":4,"href":"https:\/\/zskarlino.pl\/index.php?rest_route=\/wp\/v2\/posts\/9469\/revisions"}],"predecessor-version":[{"id":9512,"href":"https:\/\/zskarlino.pl\/index.php?rest_route=\/wp\/v2\/posts\/9469\/revisions\/9512"}],"wp:attachment":[{"href":"https:\/\/zskarlino.pl\/index.php?rest_route=%2Fwp%2Fv2%2Fmedia&parent=9469"}],"wp:term":[{"taxonomy":"category","embeddable":true,"href":"https:\/\/zskarlino.pl\/index.php?rest_route=%2Fwp%2Fv2%2Fcategories&post=9469"},{"taxonomy":"post_tag","embeddable":true,"href":"https:\/\/zskarlino.pl\/index.php?rest_route=%2Fwp%2Fv2%2Ftags&post=9469"}],"curies":[{"name":"wp","href":"https:\/\/api.w.org\/{rel}","templated":true}]}}