{"id":9461,"date":"2017-10-16T23:24:22","date_gmt":"2017-10-16T21:24:22","guid":{"rendered":"http:\/\/zskarlino.pl\/?p=9461"},"modified":"2017-10-19T21:03:43","modified_gmt":"2017-10-19T19:03:43","slug":"harmonogram-9-ogolnopolskiego-tygodnia-kariery-organizowanego-na-terenie-zespolu-szkol-w-karlinie","status":"publish","type":"post","link":"https:\/\/zskarlino.pl\/?p=9461","title":{"rendered":"Harmonogram 9. Og\u00f3lnopolskiego Tygodnia Kariery organizowanego na terenie Zespo\u0142u Szk\u00f3\u0142 w Karlinie"},"content":{"rendered":"<table style=\"height: 449px;\" width=\"574\">\n<tbody>\n<tr>\n<td width=\"68\">\n<p style=\"text-align: center;\"><strong><em>data<\/em><\/strong><\/p>\n<\/td>\n<td width=\"414\">\n<p style=\"text-align: center;\"><strong><em>wydarzenie<\/em><\/strong><\/p>\n<\/td>\n<\/tr>\n<tr>\n<td width=\"68\">16.10.2017<\/td>\n<td width=\"414\">\n<p style=\"text-align: center;\">Warsztaty fryzjerskie dla uczennic klas 7 szko\u0142y podstawowej w Karlinie<\/p>\n<p style=\"text-align: center;\">Warsztaty zawodoznawcze dla uczni\u00f3w klas 7 szko\u0142y podstawowej w Karlinie<\/p>\n<p style=\"text-align: center;\">Og\u0142oszenie konkursu fotograficznego pt. \u201eZaw\u00f3d przysz\u0142o\u015bci w obiektywie\u201d<\/p>\n<p style=\"text-align: center;\">Og\u0142oszenie konkursu literackiego pt. \u201eM\u00f3j pomys\u0142 na moj\u0105 przysz\u0142o\u015b\u0107\u201c<\/p>\n<\/td>\n<\/tr>\n<tr>\n<td width=\"68\">17.10.2017<\/td>\n<td width=\"414\">\n<p style=\"text-align: center;\">\u201eDrogi zawodowe\u201d<\/p>\n<\/td>\n<\/tr>\n<tr>\n<td width=\"68\">18.10.2017<\/td>\n<td width=\"414\">\n<p style=\"text-align: center;\">Spotkanie z przedstawicielem Stowarzyszenia Inicjatyw Spo\u0142eczno-Gospodarczych<\/p>\n<\/td>\n<\/tr>\n<tr>\n<td width=\"68\">19.10.2017<\/td>\n<td width=\"414\">\n<p style=\"text-align: center;\">Lekcje wychowawcze: \u201eMoje mocne strony a m\u00f3j wymarzony zaw\u00f3d\u201d w klasach gimnazjalnych, \u201eProjektuj\u0119 swoj\u0105 przysz\u0142o\u015b\u0107 \u2013 m\u00f3j plan kariery\u201c w klasach ponadgimnazjalnych.<\/p>\n<p style=\"text-align: center;\">Dzie\u0144 zawod\u00f3w \u2013 konkurs na najlepsze przebranie pt. \u201eZgadnij jaki jest m\u00f3j zaw\u00f3d\u201d<\/p>\n<p style=\"text-align: center;\">Spotkanie z dyrektor Banku Sp\u00f3\u0142dzielczego<\/p>\n<\/td>\n<\/tr>\n<tr>\n<td width=\"68\">20.10.2017<\/td>\n<td width=\"414\">\n<p style=\"text-align: center;\">Rozstrzygni\u0119cie konkursu plastycznego pod has\u0142em \u201eMoje mocne strony a wymarzony zaw\u00f3d\u201d<\/p>\n<p style=\"text-align: center;\">\u201eZainteresowania i pasje\u201d \u2013 pogadanka uczni\u00f3w klasy III B i III D<\/p>\n<p style=\"text-align: center;\">Lekcja j\u0119zyka polskiego w klasie II D \u2013 \u201eCzerpa\u0107 z pracy satysfakcj\u0119\u2026\u201d<\/p>\n<p style=\"text-align: center;\">Lekcje j\u0119zyka polskiego w klasach III A, III C, III D \u2013 \u201ePodanie i list motywacyjny\u201d<\/p>\n<\/td>\n<\/tr>\n<tr>\n<td width=\"68\">26.10.2017<\/td>\n<td width=\"414\">\n<p style=\"text-align: center;\">Wycieczka do HOMANIT<\/p>\n<\/td>\n<\/tr>\n<\/tbody>\n<\/table>\n","protected":false},"excerpt":{"rendered":"<p>data wydarzenie 16.10.2017 Warsztaty fryzjerskie dla uczennic klas 7 szko\u0142y podstawowej w Karlinie Warsztaty zawodoznawcze dla uczni\u00f3w klas 7 szko\u0142y podstawowej w Karlinie Og\u0142oszenie konkursu fotograficznego pt. \u201eZaw\u00f3d przysz\u0142o\u015bci w obiektywie\u201d Og\u0142oszenie konkursu literackiego pt. \u201eM\u00f3j pomys\u0142 na moj\u0105 przysz\u0142o\u015b\u0107\u201c 17.10.2017 \u201eDrogi zawodowe\u201d 18.10.2017 Spotkanie z przedstawicielem Stowarzyszenia Inicjatyw Spo\u0142eczno-Gospodarczych 19.10.2017 Lekcje wychowawcze: \u201eMoje mocne &hellip; <\/p>\n<p><a class=\"more-link btn\" href=\"https:\/\/zskarlino.pl\/?p=9461\">Czytaj dalej<\/a><\/p>\n","protected":false},"author":6,"featured_media":0,"comment_status":"closed","ping_status":"closed","sticky":false,"template":"","format":"standard","meta":{"footnotes":""},"categories":[3],"tags":[],"class_list":["post-9461","post","type-post","status-publish","format-standard","hentry","category-wydarzenia","item-wrap"],"_links":{"self":[{"href":"https:\/\/zskarlino.pl\/index.php?rest_route=\/wp\/v2\/posts\/9461","targetHints":{"allow":["GET"]}}],"collection":[{"href":"https:\/\/zskarlino.pl\/index.php?rest_route=\/wp\/v2\/posts"}],"about":[{"href":"https:\/\/zskarlino.pl\/index.php?rest_route=\/wp\/v2\/types\/post"}],"author":[{"embeddable":true,"href":"https:\/\/zskarlino.pl\/index.php?rest_route=\/wp\/v2\/users\/6"}],"replies":[{"embeddable":true,"href":"https:\/\/zskarlino.pl\/index.php?rest_route=%2Fwp%2Fv2%2Fcomments&post=9461"}],"version-history":[{"count":6,"href":"https:\/\/zskarlino.pl\/index.php?rest_route=\/wp\/v2\/posts\/9461\/revisions"}],"predecessor-version":[{"id":9476,"href":"https:\/\/zskarlino.pl\/index.php?rest_route=\/wp\/v2\/posts\/9461\/revisions\/9476"}],"wp:attachment":[{"href":"https:\/\/zskarlino.pl\/index.php?rest_route=%2Fwp%2Fv2%2Fmedia&parent=9461"}],"wp:term":[{"taxonomy":"category","embeddable":true,"href":"https:\/\/zskarlino.pl\/index.php?rest_route=%2Fwp%2Fv2%2Fcategories&post=9461"},{"taxonomy":"post_tag","embeddable":true,"href":"https:\/\/zskarlino.pl\/index.php?rest_route=%2Fwp%2Fv2%2Ftags&post=9461"}],"curies":[{"name":"wp","href":"https:\/\/api.w.org\/{rel}","templated":true}]}}