{"id":9437,"date":"2017-10-01T11:09:49","date_gmt":"2017-10-01T09:09:49","guid":{"rendered":"http:\/\/zskarlino.pl\/?p=9437"},"modified":"2017-10-01T11:13:09","modified_gmt":"2017-10-01T09:13:09","slug":"czytamy-wesele","status":"publish","type":"post","link":"https:\/\/zskarlino.pl\/?p=9437","title":{"rendered":"Czytamy &#8222;Wesele&#8221;"},"content":{"rendered":"<p><a href=\"http:\/\/zskarlino.pl\/wp-content\/uploads\/2017\/10\/wesele.jpg\" rel=\"lightbox[9437]\"><img loading=\"lazy\" decoding=\"async\" class=\"aligncenter size-full wp-image-9438\" src=\"http:\/\/zskarlino.pl\/wp-content\/uploads\/2017\/10\/wesele.jpg\" alt=\"wesele\" width=\"960\" height=\"540\" srcset=\"https:\/\/zskarlino.pl\/wp-content\/uploads\/2017\/10\/wesele.jpg 960w, https:\/\/zskarlino.pl\/wp-content\/uploads\/2017\/10\/wesele-300x169.jpg 300w\" sizes=\"auto, (max-width: 960px) 100vw, 960px\" \/><\/a><\/p>\n<p style=\"text-align: justify;\">Dnia 2 wrze\u015bnia br., odby\u0142a si\u0119 w Warszawie inauguracja akcji \u201eNarodowego Czytania <em>Wesela<\/em>\u201d, kt\u00f3r\u0105 obj\u0105\u0142 swoim patronatem Prezydent Polski \u2013 Pan Andrzej Duda. Akcja, kt\u00f3ra rozprzestrzeni\u0142a si\u0119 na ca\u0142y kraj, dotar\u0142a r\u00f3wnie\u017c do naszych gimnazjalist\u00f3w, kt\u00f3rzy ochoczo przyst\u0105pili do czytania lektury.<\/p>\n<p><em>Renata Piszak<\/em><\/p>\n","protected":false},"excerpt":{"rendered":"<p>Dnia 2 wrze\u015bnia br., odby\u0142a si\u0119 w Warszawie inauguracja akcji \u201eNarodowego Czytania Wesela\u201d, kt\u00f3r\u0105 obj\u0105\u0142 swoim patronatem Prezydent Polski \u2013 Pan Andrzej Duda. Akcja, kt\u00f3ra rozprzestrzeni\u0142a si\u0119 na ca\u0142y kraj, dotar\u0142a r\u00f3wnie\u017c do naszych gimnazjalist\u00f3w, kt\u00f3rzy ochoczo przyst\u0105pili do czytania lektury. Renata Piszak<\/p>\n","protected":false},"author":6,"featured_media":0,"comment_status":"closed","ping_status":"closed","sticky":false,"template":"","format":"standard","meta":{"footnotes":""},"categories":[3],"tags":[],"class_list":["post-9437","post","type-post","status-publish","format-standard","hentry","category-wydarzenia","item-wrap"],"_links":{"self":[{"href":"https:\/\/zskarlino.pl\/index.php?rest_route=\/wp\/v2\/posts\/9437","targetHints":{"allow":["GET"]}}],"collection":[{"href":"https:\/\/zskarlino.pl\/index.php?rest_route=\/wp\/v2\/posts"}],"about":[{"href":"https:\/\/zskarlino.pl\/index.php?rest_route=\/wp\/v2\/types\/post"}],"author":[{"embeddable":true,"href":"https:\/\/zskarlino.pl\/index.php?rest_route=\/wp\/v2\/users\/6"}],"replies":[{"embeddable":true,"href":"https:\/\/zskarlino.pl\/index.php?rest_route=%2Fwp%2Fv2%2Fcomments&post=9437"}],"version-history":[{"count":2,"href":"https:\/\/zskarlino.pl\/index.php?rest_route=\/wp\/v2\/posts\/9437\/revisions"}],"predecessor-version":[{"id":9442,"href":"https:\/\/zskarlino.pl\/index.php?rest_route=\/wp\/v2\/posts\/9437\/revisions\/9442"}],"wp:attachment":[{"href":"https:\/\/zskarlino.pl\/index.php?rest_route=%2Fwp%2Fv2%2Fmedia&parent=9437"}],"wp:term":[{"taxonomy":"category","embeddable":true,"href":"https:\/\/zskarlino.pl\/index.php?rest_route=%2Fwp%2Fv2%2Fcategories&post=9437"},{"taxonomy":"post_tag","embeddable":true,"href":"https:\/\/zskarlino.pl\/index.php?rest_route=%2Fwp%2Fv2%2Ftags&post=9437"}],"curies":[{"name":"wp","href":"https:\/\/api.w.org\/{rel}","templated":true}]}}