{"id":9386,"date":"2017-09-20T17:45:18","date_gmt":"2017-09-20T15:45:18","guid":{"rendered":"http:\/\/zskarlino.pl\/?p=9386"},"modified":"2017-09-27T22:53:45","modified_gmt":"2017-09-27T20:53:45","slug":"sprzatanie-swiata-2017","status":"publish","type":"post","link":"https:\/\/zskarlino.pl\/?p=9386","title":{"rendered":"Sprz\u0105tanie \u015bwiata 2017"},"content":{"rendered":"<div class='fotorama--wp' data-size='large'data-link='file'data-ids='9389,9391,9392,9393,9394'data-itemtag='dl'data-icontag='dt'data-captiontag='dd'data-columns='0'data-width='720'data-auto='false'data-max-width='100%'data-ratio='0.75'>\n\t\t<style type=\"text\/css\">\n\t\t\t#gallery-1 {\n\t\t\t\tmargin: auto;\n\t\t\t}\n\t\t\t#gallery-1 .gallery-item {\n\t\t\t\tfloat: left;\n\t\t\t\tmargin-top: 10px;\n\t\t\t\ttext-align: center;\n\t\t\t\twidth: 100%;\n\t\t\t}\n\t\t\t#gallery-1 img {\n\t\t\t\tborder: 2px solid #cfcfcf;\n\t\t\t}\n\t\t\t#gallery-1 .gallery-caption {\n\t\t\t\tmargin-left: 0;\n\t\t\t}\n\t\t\t\/* see gallery_shortcode() in wp-includes\/media.php *\/\n\t\t<\/style>\n\t\t<div id='gallery-1' class='gallery galleryid-9386 gallery-columns-0 gallery-size-thumbnail'><dl class='gallery-item'>\n\t\t\t<dt class='gallery-icon portrait'>\n\t\t\t\t<a href='https:\/\/zskarlino.pl\/wp-content\/uploads\/2017\/09\/Resized_20170915_110857_3367.jpeg' data-full='https:\/\/zskarlino.pl\/wp-content\/uploads\/2017\/09\/Resized_20170915_110857_3367.jpeg' rel=\"lightbox[9386]\"><img loading=\"lazy\" decoding=\"async\" width=\"150\" height=\"150\" src=\"https:\/\/zskarlino.pl\/wp-content\/uploads\/2017\/09\/Resized_20170915_110857_3367-150x150.jpeg\" class=\"attachment-thumbnail size-thumbnail\" alt=\"\" \/><\/a>\n\t\t\t<\/dt><\/dl><dl class='gallery-item'>\n\t\t\t<dt class='gallery-icon portrait'>\n\t\t\t\t<a href='https:\/\/zskarlino.pl\/wp-content\/uploads\/2017\/09\/Resized_20170915_110905_2323.jpeg' data-full='https:\/\/zskarlino.pl\/wp-content\/uploads\/2017\/09\/Resized_20170915_110905_2323.jpeg' rel=\"lightbox[9386]\"><img loading=\"lazy\" decoding=\"async\" width=\"150\" height=\"150\" src=\"https:\/\/zskarlino.pl\/wp-content\/uploads\/2017\/09\/Resized_20170915_110905_2323-150x150.jpeg\" class=\"attachment-thumbnail size-thumbnail\" alt=\"\" \/><\/a>\n\t\t\t<\/dt><\/dl><dl class='gallery-item'>\n\t\t\t<dt class='gallery-icon landscape'>\n\t\t\t\t<a href='https:\/\/zskarlino.pl\/wp-content\/uploads\/2017\/09\/Resized_20170915_111732_5335.jpeg' data-full='https:\/\/zskarlino.pl\/wp-content\/uploads\/2017\/09\/Resized_20170915_111732_5335.jpeg' rel=\"lightbox[9386]\"><img loading=\"lazy\" decoding=\"async\" width=\"150\" height=\"150\" src=\"https:\/\/zskarlino.pl\/wp-content\/uploads\/2017\/09\/Resized_20170915_111732_5335-150x150.jpeg\" class=\"attachment-thumbnail size-thumbnail\" alt=\"\" \/><\/a>\n\t\t\t<\/dt><\/dl><dl class='gallery-item'>\n\t\t\t<dt class='gallery-icon portrait'>\n\t\t\t\t<a href='https:\/\/zskarlino.pl\/wp-content\/uploads\/2017\/09\/Resized_20170915_111745_4160.jpeg' data-full='https:\/\/zskarlino.pl\/wp-content\/uploads\/2017\/09\/Resized_20170915_111745_4160.jpeg' rel=\"lightbox[9386]\"><img loading=\"lazy\" decoding=\"async\" width=\"150\" height=\"150\" src=\"https:\/\/zskarlino.pl\/wp-content\/uploads\/2017\/09\/Resized_20170915_111745_4160-150x150.jpeg\" class=\"attachment-thumbnail size-thumbnail\" alt=\"\" \/><\/a>\n\t\t\t<\/dt><\/dl>\n\t\t<\/div>\n<\/div>\n<p style=\"text-align: justify;\">15 wrze\u015bnia 2017 r., pomimo kapry\u015bnej pogody, uczniowie Gimnazjum im. Ludzi Wielkiego Serca i Umys\u0142u w Karlinie pod opiek\u0105 Pani Doroty Muszy\u0144skiej i Magdaleny Mali\u0144skiej wzi\u0119li udzia\u0142 w ekologicznej akcji \u201eSprz\u0105tanie \u015awiata &#8211; 2017\u201d. Gimnazjali\u015bci walczyli z nieczysto\u015bciami w rejonach amfiteatru, ogrod\u00f3w dzia\u0142kowych, stadionu oraz parku przy ulicy Ks. Brz\u00f3ski. Uczniowie mieli za zadanie nie tylko uprz\u0105tni\u0119cie zanieczyszcze\u0144, ale tak\u017ce dokonanie prawid\u0142owej segregacji nieczysto\u015bci.\u00a0<span class=\"colour\">Dzi\u0119kujemy wszystkim za zaanga\u017cowanie.<\/span><\/p>\n","protected":false},"excerpt":{"rendered":"<p>15 wrze\u015bnia 2017 r., pomimo kapry\u015bnej pogody, uczniowie Gimnazjum im. Ludzi Wielkiego Serca i Umys\u0142u w Karlinie pod opiek\u0105 Pani Doroty Muszy\u0144skiej i Magdaleny Mali\u0144skiej wzi\u0119li udzia\u0142 w ekologicznej akcji \u201eSprz\u0105tanie \u015awiata &#8211; 2017\u201d. Gimnazjali\u015bci walczyli z nieczysto\u015bciami w rejonach amfiteatru, ogrod\u00f3w dzia\u0142kowych, stadionu oraz parku przy ulicy Ks. Brz\u00f3ski. Uczniowie mieli za zadanie nie &hellip; <\/p>\n<p><a class=\"more-link btn\" href=\"https:\/\/zskarlino.pl\/?p=9386\">Czytaj dalej<\/a><\/p>\n","protected":false},"author":6,"featured_media":0,"comment_status":"closed","ping_status":"closed","sticky":false,"template":"","format":"standard","meta":{"footnotes":""},"categories":[3],"tags":[],"class_list":["post-9386","post","type-post","status-publish","format-standard","hentry","category-wydarzenia","item-wrap"],"_links":{"self":[{"href":"https:\/\/zskarlino.pl\/index.php?rest_route=\/wp\/v2\/posts\/9386","targetHints":{"allow":["GET"]}}],"collection":[{"href":"https:\/\/zskarlino.pl\/index.php?rest_route=\/wp\/v2\/posts"}],"about":[{"href":"https:\/\/zskarlino.pl\/index.php?rest_route=\/wp\/v2\/types\/post"}],"author":[{"embeddable":true,"href":"https:\/\/zskarlino.pl\/index.php?rest_route=\/wp\/v2\/users\/6"}],"replies":[{"embeddable":true,"href":"https:\/\/zskarlino.pl\/index.php?rest_route=%2Fwp%2Fv2%2Fcomments&post=9386"}],"version-history":[{"count":2,"href":"https:\/\/zskarlino.pl\/index.php?rest_route=\/wp\/v2\/posts\/9386\/revisions"}],"predecessor-version":[{"id":9424,"href":"https:\/\/zskarlino.pl\/index.php?rest_route=\/wp\/v2\/posts\/9386\/revisions\/9424"}],"wp:attachment":[{"href":"https:\/\/zskarlino.pl\/index.php?rest_route=%2Fwp%2Fv2%2Fmedia&parent=9386"}],"wp:term":[{"taxonomy":"category","embeddable":true,"href":"https:\/\/zskarlino.pl\/index.php?rest_route=%2Fwp%2Fv2%2Fcategories&post=9386"},{"taxonomy":"post_tag","embeddable":true,"href":"https:\/\/zskarlino.pl\/index.php?rest_route=%2Fwp%2Fv2%2Ftags&post=9386"}],"curies":[{"name":"wp","href":"https:\/\/api.w.org\/{rel}","templated":true}]}}