{"id":9190,"date":"2017-06-18T15:59:11","date_gmt":"2017-06-18T13:59:11","guid":{"rendered":"http:\/\/zskarlino.pl\/?p=9190"},"modified":"2017-06-18T17:04:11","modified_gmt":"2017-06-18T15:04:11","slug":"bal-absolwenta-za-nami","status":"publish","type":"post","link":"https:\/\/zskarlino.pl\/?p=9190","title":{"rendered":"Bal Absolwenta za nami&#8230;"},"content":{"rendered":"<p style=\"text-align: justify;\"><a href=\"http:\/\/zskarlino.pl\/wp-content\/uploads\/2017\/06\/bal-absolwenta.jpg\" rel=\"lightbox[9190]\"><img loading=\"lazy\" decoding=\"async\" class=\" wp-image-9191 alignright\" src=\"http:\/\/zskarlino.pl\/wp-content\/uploads\/2017\/06\/bal-absolwenta-300x169.jpg\" alt=\"bal absolwenta\" width=\"356\" height=\"201\" srcset=\"https:\/\/zskarlino.pl\/wp-content\/uploads\/2017\/06\/bal-absolwenta-300x169.jpg 300w, https:\/\/zskarlino.pl\/wp-content\/uploads\/2017\/06\/bal-absolwenta.jpg 480w\" sizes=\"auto, (max-width: 356px) 100vw, 356px\" \/><\/a>Dnia 9 czerwca br., uczniowie klas trzecich naszego gimnazjum \u00a0bawili si\u0119 na Balu Absolwenta 2017, kt\u00f3ry oficjalnie rozpocz\u0119ty zosta\u0142 przez Pana Dyrektora, oraz przedstawiciela Rady Rodzic\u00f3w. Po oficjalnych przem\u00f3wieniach, przyszed\u0142 czas na tradycyjnego Poloneza odta\u0144czonego przy aplauzie rodzic\u00f3w, rodze\u0144stwa, dziadk\u00f3w i nauczycieli. Pi\u0119knie zaprezentowany przez m\u0142odzie\u017c gimnazjaln\u0105 Polonez, by\u0142 nie tylko znakomitym widowiskiem, ale dostarczy\u0142 r\u00f3wnie\u017c wyj\u0105tkowych emocji, kt\u00f3re pozostan\u0105 w pami\u0119ci uczestnik\u00f3w balu na d\u0142ugie lata&#8230;Wjazd tortu zako\u0144czy\u0142 cz\u0119\u015b\u0107 oficjaln\u0105, kt\u00f3rej towarzyszy\u0142y wspomnienia o tym, jak szybko min\u0119\u0142y trzy lata nauki i pobytu w naszej szkole.<\/p>\n<p style=\"text-align: justify;\">Nam pozostaje \u017cyczy\u0107 im dobrego wyboru dalszej szko\u0142y oraz sukces\u00f3w w dalszej drodze \u017cyciowej.<\/p>\n<p style=\"text-align: right;\"><em>Renata Piszak<\/em><\/p>\n","protected":false},"excerpt":{"rendered":"<p>Dnia 9 czerwca br., uczniowie klas trzecich naszego gimnazjum \u00a0bawili si\u0119 na Balu Absolwenta 2017, kt\u00f3ry oficjalnie rozpocz\u0119ty zosta\u0142 przez Pana Dyrektora, oraz przedstawiciela Rady Rodzic\u00f3w. Po oficjalnych przem\u00f3wieniach, przyszed\u0142 czas na tradycyjnego Poloneza odta\u0144czonego przy aplauzie rodzic\u00f3w, rodze\u0144stwa, dziadk\u00f3w i nauczycieli. Pi\u0119knie zaprezentowany przez m\u0142odzie\u017c gimnazjaln\u0105 Polonez, by\u0142 nie tylko znakomitym widowiskiem, ale dostarczy\u0142 &hellip; <\/p>\n<p><a class=\"more-link btn\" href=\"https:\/\/zskarlino.pl\/?p=9190\">Czytaj dalej<\/a><\/p>\n","protected":false},"author":5,"featured_media":0,"comment_status":"closed","ping_status":"closed","sticky":false,"template":"","format":"standard","meta":{"footnotes":""},"categories":[3],"tags":[],"class_list":["post-9190","post","type-post","status-publish","format-standard","hentry","category-wydarzenia","item-wrap"],"_links":{"self":[{"href":"https:\/\/zskarlino.pl\/index.php?rest_route=\/wp\/v2\/posts\/9190","targetHints":{"allow":["GET"]}}],"collection":[{"href":"https:\/\/zskarlino.pl\/index.php?rest_route=\/wp\/v2\/posts"}],"about":[{"href":"https:\/\/zskarlino.pl\/index.php?rest_route=\/wp\/v2\/types\/post"}],"author":[{"embeddable":true,"href":"https:\/\/zskarlino.pl\/index.php?rest_route=\/wp\/v2\/users\/5"}],"replies":[{"embeddable":true,"href":"https:\/\/zskarlino.pl\/index.php?rest_route=%2Fwp%2Fv2%2Fcomments&post=9190"}],"version-history":[{"count":2,"href":"https:\/\/zskarlino.pl\/index.php?rest_route=\/wp\/v2\/posts\/9190\/revisions"}],"predecessor-version":[{"id":9198,"href":"https:\/\/zskarlino.pl\/index.php?rest_route=\/wp\/v2\/posts\/9190\/revisions\/9198"}],"wp:attachment":[{"href":"https:\/\/zskarlino.pl\/index.php?rest_route=%2Fwp%2Fv2%2Fmedia&parent=9190"}],"wp:term":[{"taxonomy":"category","embeddable":true,"href":"https:\/\/zskarlino.pl\/index.php?rest_route=%2Fwp%2Fv2%2Fcategories&post=9190"},{"taxonomy":"post_tag","embeddable":true,"href":"https:\/\/zskarlino.pl\/index.php?rest_route=%2Fwp%2Fv2%2Ftags&post=9190"}],"curies":[{"name":"wp","href":"https:\/\/api.w.org\/{rel}","templated":true}]}}