{"id":9185,"date":"2017-06-18T16:32:51","date_gmt":"2017-06-18T14:32:51","guid":{"rendered":"http:\/\/zskarlino.pl\/?p=9185"},"modified":"2017-06-18T17:03:11","modified_gmt":"2017-06-18T15:03:11","slug":"kilka-slow-podsumowania","status":"publish","type":"post","link":"https:\/\/zskarlino.pl\/?p=9185","title":{"rendered":"Kilka s\u0142\u00f3w podsumowania.."},"content":{"rendered":"<p style=\"text-align: justify;\"><a href=\"http:\/\/zskarlino.pl\/wp-content\/uploads\/2017\/06\/S\u0141ONECZKO.jpg\" rel=\"lightbox[9185]\"><img loading=\"lazy\" decoding=\"async\" class=\" wp-image-9193 alignleft\" src=\"http:\/\/zskarlino.pl\/wp-content\/uploads\/2017\/06\/S\u0141ONECZKO.jpg\" alt=\"S\u0141ONECZKO\" width=\"140\" height=\"126\" \/><\/a>I tak ma\u0142ymi kroczkami dotarli\u015bmy do kolejnego ko\u0144ca roku szkolnego. I jak przy kolejnych semestrach, tak i teraz, wypada\u0142oby podsumowa\u0107 nasz\u0105 wsp\u00f3ln\u0105 prac\u0119. A jest co podsumowywa\u0107 :D, gdy\u017c poza bieganiem i zdobywaniem dobrych ocen, biegali\u015bmy r\u00f3wnie\u017c na r\u00f3\u017cnego rodzaju spotkania, warsztaty, festiwale, apele i inne tego rodzaju uroczysto\u015bci. Promowali\u015bmy nasz\u0105 szko\u0142\u0119 nie tylko wsp\u00f3lnymi przedsi\u0119wzi\u0119ciami, ale i wynikami na poszczeg\u00f3lnych etapach r\u00f3\u017cnego rodzaju konkurs\u00f3w, festiwal\u00f3w i turniej\u00f3w.<\/p>\n<p style=\"text-align: justify;\">\nCzy nam si\u0119 uda\u0142o? Zobaczcie sami.<\/p>\n<h1 style=\"text-align: right;\"><span style=\"text-decoration: underline; color: #0000ff;\"><strong><a style=\"color: #0000ff; text-decoration: underline;\" href=\"http:\/\/zskarlino.pl\/wp-content\/uploads\/2017\/06\/PREZENTACJA-II-SEMESTRU-2016_17.pdf\">PREZENTACJA II SEMESTRU 2016_17<\/a><\/strong><\/span><\/h1>\n<p style=\"text-align: right;\"><em>Renata Piszak<\/em><\/p>\n","protected":false},"excerpt":{"rendered":"<p>I tak ma\u0142ymi kroczkami dotarli\u015bmy do kolejnego ko\u0144ca roku szkolnego. I jak przy kolejnych semestrach, tak i teraz, wypada\u0142oby podsumowa\u0107 nasz\u0105 wsp\u00f3ln\u0105 prac\u0119. A jest co podsumowywa\u0107 :D, gdy\u017c poza bieganiem i zdobywaniem dobrych ocen, biegali\u015bmy r\u00f3wnie\u017c na r\u00f3\u017cnego rodzaju spotkania, warsztaty, festiwale, apele i inne tego rodzaju uroczysto\u015bci. Promowali\u015bmy nasz\u0105 szko\u0142\u0119 nie tylko wsp\u00f3lnymi &hellip; <\/p>\n<p><a class=\"more-link btn\" href=\"https:\/\/zskarlino.pl\/?p=9185\">Czytaj dalej<\/a><\/p>\n","protected":false},"author":5,"featured_media":0,"comment_status":"closed","ping_status":"closed","sticky":false,"template":"","format":"standard","meta":{"footnotes":""},"categories":[3],"tags":[],"class_list":["post-9185","post","type-post","status-publish","format-standard","hentry","category-wydarzenia","item-wrap"],"_links":{"self":[{"href":"https:\/\/zskarlino.pl\/index.php?rest_route=\/wp\/v2\/posts\/9185","targetHints":{"allow":["GET"]}}],"collection":[{"href":"https:\/\/zskarlino.pl\/index.php?rest_route=\/wp\/v2\/posts"}],"about":[{"href":"https:\/\/zskarlino.pl\/index.php?rest_route=\/wp\/v2\/types\/post"}],"author":[{"embeddable":true,"href":"https:\/\/zskarlino.pl\/index.php?rest_route=\/wp\/v2\/users\/5"}],"replies":[{"embeddable":true,"href":"https:\/\/zskarlino.pl\/index.php?rest_route=%2Fwp%2Fv2%2Fcomments&post=9185"}],"version-history":[{"count":6,"href":"https:\/\/zskarlino.pl\/index.php?rest_route=\/wp\/v2\/posts\/9185\/revisions"}],"predecessor-version":[{"id":9197,"href":"https:\/\/zskarlino.pl\/index.php?rest_route=\/wp\/v2\/posts\/9185\/revisions\/9197"}],"wp:attachment":[{"href":"https:\/\/zskarlino.pl\/index.php?rest_route=%2Fwp%2Fv2%2Fmedia&parent=9185"}],"wp:term":[{"taxonomy":"category","embeddable":true,"href":"https:\/\/zskarlino.pl\/index.php?rest_route=%2Fwp%2Fv2%2Fcategories&post=9185"},{"taxonomy":"post_tag","embeddable":true,"href":"https:\/\/zskarlino.pl\/index.php?rest_route=%2Fwp%2Fv2%2Ftags&post=9185"}],"curies":[{"name":"wp","href":"https:\/\/api.w.org\/{rel}","templated":true}]}}