{"id":9101,"date":"2017-05-21T00:11:58","date_gmt":"2017-05-20T22:11:58","guid":{"rendered":"http:\/\/zskarlino.pl\/?p=9101"},"modified":"2017-05-22T00:14:32","modified_gmt":"2017-05-21T22:14:32","slug":"ogromny-kolejny-sukces-julii","status":"publish","type":"post","link":"https:\/\/zskarlino.pl\/?p=9101","title":{"rendered":"Ogromny (kolejny) sukces Julii!"},"content":{"rendered":"<p><img loading=\"lazy\" decoding=\"async\" class=\"aligncenter size-full wp-image-9102\" src=\"http:\/\/zskarlino.pl\/wp-content\/uploads\/2017\/05\/18517979_1557139514296099_5244166029037254023_o.jpg\" alt=\"18517979_1557139514296099_5244166029037254023_o\" width=\"800\" height=\"600\" \/><\/p>\n<p>VII Metropolitalny Konkurs Papieski z wielkim sukcesem Julii Iskrzyckiej.<br \/>\nZ pierwszego miejsca w diecezji koszali\u0144sko-ko\u0142obrzeskiej Julia b\u0119dzie nas reprezentowa\u0107 w trzecim etapie metropolitalnym w Szczecinie.<br \/>\nKonkurs ten odb\u0119dzie si\u0119 7 czerwca 2017. Trzymajcie kciuki!<br \/>\nWielkie gratulacje dla Laureatki.<span class=\"text_exposed_show\"><br \/>\nDzi\u0119kuj\u0119 r\u00f3wnie\u017c Oli Gw\u00f3\u017ad\u017a za ch\u0119ci, udzia\u0142 i zapa\u0142.<\/span><\/p>\n<p>&nbsp;<\/p>\n<div class=\"text_exposed_show\">\n<p style=\"text-align: right;\"><em>Marzena Czarnas<\/em><\/p>\n<\/div>\n","protected":false},"excerpt":{"rendered":"<p>VII Metropolitalny Konkurs Papieski z wielkim sukcesem Julii Iskrzyckiej. Z pierwszego miejsca w diecezji koszali\u0144sko-ko\u0142obrzeskiej Julia b\u0119dzie nas reprezentowa\u0107 w trzecim etapie metropolitalnym w Szczecinie. Konkurs ten odb\u0119dzie si\u0119 7 czerwca 2017. Trzymajcie kciuki! Wielkie gratulacje dla Laureatki. Dzi\u0119kuj\u0119 r\u00f3wnie\u017c Oli Gw\u00f3\u017ad\u017a za ch\u0119ci, udzia\u0142 i zapa\u0142. &nbsp; Marzena Czarnas<\/p>\n","protected":false},"author":6,"featured_media":0,"comment_status":"closed","ping_status":"closed","sticky":false,"template":"","format":"standard","meta":{"footnotes":""},"categories":[3],"tags":[],"class_list":["post-9101","post","type-post","status-publish","format-standard","hentry","category-wydarzenia","item-wrap"],"_links":{"self":[{"href":"https:\/\/zskarlino.pl\/index.php?rest_route=\/wp\/v2\/posts\/9101","targetHints":{"allow":["GET"]}}],"collection":[{"href":"https:\/\/zskarlino.pl\/index.php?rest_route=\/wp\/v2\/posts"}],"about":[{"href":"https:\/\/zskarlino.pl\/index.php?rest_route=\/wp\/v2\/types\/post"}],"author":[{"embeddable":true,"href":"https:\/\/zskarlino.pl\/index.php?rest_route=\/wp\/v2\/users\/6"}],"replies":[{"embeddable":true,"href":"https:\/\/zskarlino.pl\/index.php?rest_route=%2Fwp%2Fv2%2Fcomments&post=9101"}],"version-history":[{"count":1,"href":"https:\/\/zskarlino.pl\/index.php?rest_route=\/wp\/v2\/posts\/9101\/revisions"}],"predecessor-version":[{"id":9103,"href":"https:\/\/zskarlino.pl\/index.php?rest_route=\/wp\/v2\/posts\/9101\/revisions\/9103"}],"wp:attachment":[{"href":"https:\/\/zskarlino.pl\/index.php?rest_route=%2Fwp%2Fv2%2Fmedia&parent=9101"}],"wp:term":[{"taxonomy":"category","embeddable":true,"href":"https:\/\/zskarlino.pl\/index.php?rest_route=%2Fwp%2Fv2%2Fcategories&post=9101"},{"taxonomy":"post_tag","embeddable":true,"href":"https:\/\/zskarlino.pl\/index.php?rest_route=%2Fwp%2Fv2%2Ftags&post=9101"}],"curies":[{"name":"wp","href":"https:\/\/api.w.org\/{rel}","templated":true}]}}