{"id":9078,"date":"2017-05-17T00:10:32","date_gmt":"2017-05-16T22:10:32","guid":{"rendered":"http:\/\/zskarlino.pl\/?p=9078"},"modified":"2017-05-17T00:11:19","modified_gmt":"2017-05-16T22:11:19","slug":"eliminacje-powiatowe-do-49-regionalnego-turnieju-recytatorskiego-ptaki-ptaszki-i-ptaszeta-polne","status":"publish","type":"post","link":"https:\/\/zskarlino.pl\/?p=9078","title":{"rendered":"Eliminacje powiatowe do 49. Regionalnego Turnieju Recytatorskiego &#8222;Ptaki, ptaszki i ptasz\u0119ta polne&#8221;"},"content":{"rendered":"<p style=\"text-align: justify;\"><img loading=\"lazy\" decoding=\"async\" class=\"aligncenter size-full wp-image-9082\" src=\"http:\/\/zskarlino.pl\/wp-content\/uploads\/2017\/05\/IMG_2087.jpg\" alt=\"IMG_2087\" width=\"800\" height=\"600\" srcset=\"https:\/\/zskarlino.pl\/wp-content\/uploads\/2017\/05\/IMG_2087.jpg 800w, https:\/\/zskarlino.pl\/wp-content\/uploads\/2017\/05\/IMG_2087-300x225.jpg 300w\" sizes=\"auto, (max-width: 800px) 100vw, 800px\" \/><\/p>\n<p style=\"text-align: justify;\">Dnia 16 maja 2017 r. w Miejskiej i Gminnej Bibliotece Publicznej im. Zofii Na\u0142kowskiej \u00a0odby\u0142y si\u0119 eliminacje powiatowe do 49. Regionalnego Turnieju Recytatorskiego &#8222;Ptaki, ptaszki i ptasz\u0119ta polne&#8221;. Gmin\u0119 Karlino reprezentowa\u0142o dwoje uczni\u00f3w Zespo\u0142u Szk\u00f3\u0142 w Karlinie &#8211; Mateusz So\u0142tysiak i Wiktoria G\u00f3ralczyk. Organizatorem eliminacji by\u0142a Bia\u0142ogardzka Biblioteka Publiczna. W kategorii &#8222;ptaki&#8221; zaprezentowa\u0142o si\u0119 sze\u015bcioro uczni\u00f3w, jednak niezwykle milo jest nam poinformowa\u0107, \u017ce powiat bia\u0142ogardzki podczas koszali\u0144skiego fina\u0142u relrezentowa\u0107 b\u0119dzie wla\u015bnie dwoje uczniow z Zespo\u0142u Szk\u00f3l w Karlinie:<\/p>\n<ul>\n<li>Mateusz So\u0142tysiak z wierszem Wis\u0142awy Szymborskiej pt. &#8222;Identyfikacja&#8221;<\/li>\n<li>Wiktoria G\u00f3ralczyk z wierszem Juliana Tuwima pt. &#8222;Czyhanie na Boga&#8221;.<\/li>\n<\/ul>\n<p style=\"text-align: justify;\">Trzymamy kciuki za t\u0119 wspania\u0142\u0105 utalentowan\u0105 dw\u00f3jk\u0119 i \u017cyczymy powodzenia w Koszalinie 12 czerwca 2017 r. o godzinie 10:00.<\/p>\n","protected":false},"excerpt":{"rendered":"<p>Dnia 16 maja 2017 r. w Miejskiej i Gminnej Bibliotece Publicznej im. Zofii Na\u0142kowskiej \u00a0odby\u0142y si\u0119 eliminacje powiatowe do 49. Regionalnego Turnieju Recytatorskiego &#8222;Ptaki, ptaszki i ptasz\u0119ta polne&#8221;. Gmin\u0119 Karlino reprezentowa\u0142o dwoje uczni\u00f3w Zespo\u0142u Szk\u00f3\u0142 w Karlinie &#8211; Mateusz So\u0142tysiak i Wiktoria G\u00f3ralczyk. Organizatorem eliminacji by\u0142a Bia\u0142ogardzka Biblioteka Publiczna. W kategorii &#8222;ptaki&#8221; zaprezentowa\u0142o si\u0119 sze\u015bcioro &hellip; <\/p>\n<p><a class=\"more-link btn\" href=\"https:\/\/zskarlino.pl\/?p=9078\">Czytaj dalej<\/a><\/p>\n","protected":false},"author":6,"featured_media":0,"comment_status":"closed","ping_status":"closed","sticky":false,"template":"","format":"standard","meta":{"footnotes":""},"categories":[3],"tags":[],"class_list":["post-9078","post","type-post","status-publish","format-standard","hentry","category-wydarzenia","item-wrap"],"_links":{"self":[{"href":"https:\/\/zskarlino.pl\/index.php?rest_route=\/wp\/v2\/posts\/9078","targetHints":{"allow":["GET"]}}],"collection":[{"href":"https:\/\/zskarlino.pl\/index.php?rest_route=\/wp\/v2\/posts"}],"about":[{"href":"https:\/\/zskarlino.pl\/index.php?rest_route=\/wp\/v2\/types\/post"}],"author":[{"embeddable":true,"href":"https:\/\/zskarlino.pl\/index.php?rest_route=\/wp\/v2\/users\/6"}],"replies":[{"embeddable":true,"href":"https:\/\/zskarlino.pl\/index.php?rest_route=%2Fwp%2Fv2%2Fcomments&post=9078"}],"version-history":[{"count":6,"href":"https:\/\/zskarlino.pl\/index.php?rest_route=\/wp\/v2\/posts\/9078\/revisions"}],"predecessor-version":[{"id":9085,"href":"https:\/\/zskarlino.pl\/index.php?rest_route=\/wp\/v2\/posts\/9078\/revisions\/9085"}],"wp:attachment":[{"href":"https:\/\/zskarlino.pl\/index.php?rest_route=%2Fwp%2Fv2%2Fmedia&parent=9078"}],"wp:term":[{"taxonomy":"category","embeddable":true,"href":"https:\/\/zskarlino.pl\/index.php?rest_route=%2Fwp%2Fv2%2Fcategories&post=9078"},{"taxonomy":"post_tag","embeddable":true,"href":"https:\/\/zskarlino.pl\/index.php?rest_route=%2Fwp%2Fv2%2Ftags&post=9078"}],"curies":[{"name":"wp","href":"https:\/\/api.w.org\/{rel}","templated":true}]}}