{"id":9009,"date":"2019-04-30T14:20:59","date_gmt":"2019-04-30T12:20:59","guid":{"rendered":"http:\/\/zskarlino.pl\/?p=9009"},"modified":"2019-09-13T10:19:09","modified_gmt":"2019-09-13T08:19:09","slug":"nabor-na-rok-szkolny-20172018","status":"publish","type":"post","link":"https:\/\/zskarlino.pl\/?p=9009","title":{"rendered":"Nab\u00f3r na rok szkolny 2019\/2020"},"content":{"rendered":"<h5 style=\"text-align: justify;\"><strong>Uwaga!!<\/strong><\/h5>\n<h5 style=\"text-align: justify;\">Ju\u017c <strong>09 maja 2019 r.<\/strong> rusza nab\u00f3r do Zespo\u0142u Szk\u00f3\u0142 w Karlinie. W roku szkolnym <strong>2019\/2020<\/strong>&nbsp;zapraszamy do:<\/h5>\n<ul>\n<li style=\"text-align: justify;\">\n<h4><strong><span style=\"color: #000080;\">Technikum <\/span>&#8211; <span style=\"color: #000000;\">w zawodach;<\/span><\/strong><\/h4>\n<h4><strong><span style=\"color: #000000;\">&nbsp; <\/span><\/strong><span style=\"color: #000000;\"><span style=\"color: #ff0000;\">&#8211;<\/span><\/span><strong><span style=\"color: #000000;\">&nbsp;<span style=\"color: #ff0000;\">technik mechatronik <\/span><\/span><\/strong>&nbsp;<strong><span style=\"color: #ff0000;\">&nbsp;<\/span><\/strong><span style=\"text-decoration: underline;\"><span style=\"color: #000000;\"><em><a style=\"color: #000000; text-decoration: underline;\" href=\"http:\/\/zskarlino.pl\/wp-content\/uploads\/2019\/04\/TECHNIK-MECHATRONIK-311410.pdf\" target=\"_blank\" rel=\"noopener noreferrer\">(opis zawodu)<\/a><\/em><\/span><\/span><\/h4>\n<\/li>\n<\/ul>\n<h4>&nbsp; &nbsp; &nbsp; &nbsp; &nbsp; &nbsp;<span style=\"color: #ff0000;\">&#8211;&nbsp;<strong>technik&nbsp;ekonomista <\/strong><span style=\"text-decoration: underline;\"><span style=\"color: #000000;\"><em><a style=\"color: #000000; text-decoration: underline;\" href=\"http:\/\/zskarlino.pl\/wp-content\/uploads\/2019\/04\/TECHNIK-EKONOMISTA.pdf\" target=\"_blank\" rel=\"noopener noreferrer\">(opis zawodu)<\/a><\/em><\/span><\/span><\/span><\/h4>\n<h4><span style=\"color: #ff0000;\">&nbsp; &nbsp; &nbsp; &nbsp; &nbsp; &nbsp;&#8211;&nbsp;<strong>technik&nbsp;informatyk&nbsp;<\/strong><span style=\"color: #000000;\"><em><a style=\"color: #000000;\" href=\"http:\/\/zskarlino.pl\/wp-content\/uploads\/2019\/04\/TECHNIK-INFORMATYK.pdf\" target=\"_blank\" rel=\"noopener noreferrer\">(<span style=\"text-decoration: underline;\">opis zawodu)<\/span><\/a><\/em><\/span><\/span><\/h4>\n<h4><span style=\"color: #ff0000;\">&nbsp; &nbsp; &nbsp; &nbsp; &nbsp; &nbsp;&#8211;&nbsp;<strong>technik&nbsp;grafiki i poligrafii cyfrowej&nbsp;<\/strong><span style=\"color: #000000;\"><em><a style=\"color: #000000;\" href=\"http:\/\/zskarlino.pl\/wp-content\/uploads\/2019\/04\/TECHNIK-GRAFIKI-I-POLIGRAFII-CYFROWEJ.pdf\" target=\"_blank\" rel=\"noopener noreferrer\">(<span style=\"text-decoration: underline;\">opis zawodu)<\/span><\/a><\/em><\/span><\/span><\/h4>\n<h5>&nbsp; &nbsp;<span style=\"color: #3366ff;\">&nbsp;<em><strong>&#8211; dla absolwent\u00f3w gimnazjum (4 &#8211; letnie)<br \/>\n<\/strong><\/em><\/span><em><strong>&nbsp; &nbsp;&nbsp;<span style=\"color: #3366ff;\">&#8211; dla absolwent\u00f3w&nbsp;szko\u0142y podstawowej&nbsp;(5 &#8211; letnie)<\/span><\/strong><\/em><\/h5>\n<p><strong>&nbsp; &nbsp; ~<\/strong> j\u0119zyki obce: j. angielski, j. niemiecki;<\/p>\n<p><strong>&nbsp; &nbsp; ~<\/strong> zaj\u0119cia z przedmiot\u00f3w zawodowych odbywaj\u0105 si\u0119 na &nbsp;<strong>Politechnice&nbsp; Koszali\u0144skiej<\/strong>;<\/p>\n<p><strong>&nbsp; &nbsp; ~<\/strong> praktyki w nowoczesnych zak\u0142adach pracy;<\/p>\n<p><strong>&nbsp; &nbsp; ~<\/strong> k\u00f3\u0142ka zainteresowa\u0144: j\u0119zykowe, programowania i projektowania graficznego;<\/p>\n<p><strong>&nbsp; &nbsp; ~<\/strong> stypendia;<\/p>\n<p><strong>&nbsp; &nbsp; ~<\/strong> bezp\u0142atne zaj\u0119cia sportowe&nbsp;(si\u0142ownia, squash, kr\u0119gielnia);<\/p>\n<p><strong>&nbsp; &nbsp; ~<\/strong> bezp\u0142atny kurs <strong>Prawa Jazdy.&nbsp;<\/strong><\/p>\n<ul>\n<li style=\"text-align: justify;\">\n<h4><span style=\"color: #ff0000;\"><strong>Liceum Og\u00f3lnokszta\u0142c\u0105cego<\/strong> <\/span>&nbsp;&#8211;<strong> klasa&nbsp;administracyjno &#8211; prawna&nbsp;<\/strong><\/h4>\n<\/li>\n<\/ul>\n<h5>&nbsp; &nbsp; &nbsp;<span style=\"color: #3366ff;\"> &nbsp; &nbsp;<em><strong>&#8211; dla absolwent\u00f3w gimnazjum (3 &#8211; letnie):<\/strong><\/em><\/span><\/h5>\n<p><strong>&nbsp; &nbsp; &nbsp; &nbsp; &nbsp; &nbsp; przedmioty rozszerzone<\/strong><strong>:<\/strong> polski, matematyka oraz 1 lub 2 przedmioty wybierane po klasie pierwszej;<\/p>\n<h5><em><strong>&nbsp; &nbsp; &nbsp; &nbsp; <span style=\"color: #3366ff;\">&nbsp; &#8211; dla absolwent\u00f3w&nbsp;szko\u0142y podstawowej&nbsp;(4 &#8211; letnie):<\/span><\/strong><\/em><\/h5>\n<p><strong>&nbsp; &nbsp; &nbsp; &nbsp; &nbsp; &nbsp; przedmioty rozszerzone<\/strong><strong>:<\/strong>&nbsp;wiedza o spo\u0142ecze\u0144stwie, j. angielski oraz matematyka;<\/p>\n<p>&nbsp;<\/p>\n<p><strong>&nbsp; &nbsp; &nbsp; &nbsp;<\/strong><strong>~ <\/strong>j\u0119zyki obce: j. angielski, j. niemiecki;<\/p>\n<p><strong>&nbsp; &nbsp; &nbsp; &nbsp;~<\/strong> wymiana zagraniczna ze szko\u0142\u0105 w Szwecji;<\/p>\n<p><strong>&nbsp; &nbsp; &nbsp; &nbsp;~<\/strong> stypendia za bardzo dobre wyniki w nauce.<\/p>\n<ul>\n<li style=\"text-align: justify;\">\n<h4><span style=\"color: #008000;\"><strong>Bran\u017cowej Szko\u0142y I stopnia<\/strong> <\/span>&#8211; <strong>klasa wielozawodowa <\/strong><span style=\"color: #000000;\"><em>(<span style=\"text-decoration: underline;\"><a style=\"color: #000000; text-decoration: underline;\" href=\"http:\/\/zskarlino.pl\/wp-content\/uploads\/2019\/04\/Wykaz-zawod\u00f3w-w-Bran\u017cowej-Szkole-I-stopnia.pdf\" target=\"_blank\" rel=\"noopener noreferrer\">Wykaz zawod\u00f3w<\/a>)<\/span><\/em><\/span><\/h4>\n<\/li>\n<\/ul>\n<h5><em><strong>&nbsp; &nbsp;<span style=\"color: #3366ff;\"> &nbsp; &nbsp; &nbsp;&#8211; dla absolwent\u00f3w gimnazjum&nbsp; oraz szko\u0142y podstawowej (3 &#8211; letnia):<\/span><\/strong><\/em><\/h5>\n<ul>\n<li style=\"text-align: justify;\">\n<ul>\n<li>wymagane \u015bwiadectwo gimnazjum, za\u015bwiadczenie lekarskie oraz umowa z pracodawc\u0105;<\/li>\n<li>pomagamy w znalezieniu praktyki zawodowej w renomowanych zak\u0142adach m.in<em>. <strong>HOMANIT, KOSPEL;<\/strong><\/em><\/li>\n<li>kszta\u0142cenie w zawodach zgodnie z klasyfikacj\u0105 zawod\u00f3w szkolnictwa zawodowego m.in.:<br \/>\n<em>fryzjer, kucharz, sprzedawca, mechanik pojazd\u00f3w samochodowych, mechanik-monter maszyn i urz\u0105dze\u0144, automatyk, mechanik-operator maszyn do produkcji drzewnej, murarz-tynkarz, monter zabudowy i rob\u00f3t wyko\u0144czeniowych w budownictwie<\/em>;<\/li>\n<li>m\u0142odzie\u017c zdobywa kwalifikacje w zak\u0142adach pracy oraz na 4-tygodniowych kursach dokszta\u0142caj\u0105cych;<\/li>\n<\/ul>\n<\/li>\n<li style=\"text-align: justify;\">\n<h4><span style=\"color: #800000;\"><strong>Liceum Og\u00f3lnokszta\u0142c\u0105cego &nbsp;dla Doros\u0142ych<\/strong><\/span><\/h4>\n<\/li>\n<li>\n<ul>\n<li style=\"text-align: justify;\">absolwenci Gimnazjum \u2013 <strong>3<\/strong> lata;<\/li>\n<li style=\"text-align: justify;\">absolwenci 8-letniej Szko\u0142y Podstawowej \u2013 <b>4<\/b>&nbsp;lata;<\/li>\n<li style=\"text-align: justify;\">absolwent\u00f3w Zasadniczej Szko\u0142y Zawodowej mo\u017cna przyj\u0105\u0107 do klasy drugiej;<\/li>\n<li style=\"text-align: justify;\">o przyj\u0119cie do szko\u0142y mog\u0105 ubiega\u0107 si\u0119 kandydaci, kt\u00f3rzy uko\u0144czyli 18 lat lub uko\u0144cz\u0105 do ko\u0144ca 2019 r.;<\/li>\n<li style=\"text-align: justify;\">zaj\u0119cia odbywaj\u0105 si\u0119 w pi\u0105tki po po\u0142udniu i soboty;<\/li>\n<li style=\"text-align: justify;\"><strong>NAUKA JEST BEZP\u0141ATNA !!!<\/strong><\/li>\n<\/ul>\n<\/li>\n<\/ul>\n<h3 style=\"text-align: center;\"><span style=\"text-decoration: underline;\"><span style=\"color: #ff0000; text-decoration: underline;\"><strong><a style=\"color: #ff0000; text-decoration: underline;\" href=\"http:\/\/zskarlino.pl\/?page_id=8277\" target=\"_blank\" rel=\"noopener noreferrer\">Zapewniamy bardzo dobre warunki w bezp\u0142atnym internacie.<\/a>&nbsp; <a href=\"http:\/\/zskarlino.pl\/?page_id=8277\" target=\"_blank\" rel=\"noopener noreferrer\">(kliknij)<\/a><\/strong><\/span><\/span><\/h3>\n<p>&nbsp;<\/p>\n<p>&nbsp;<\/p>\n<p><span style=\"color: #ff0000;\"><strong><u>Wa\u017cne terminy :<\/u><\/strong><\/span><\/p>\n<p><strong>Sk\u0142adanie poda\u0144:&nbsp;&nbsp;&nbsp;&nbsp;&nbsp;&nbsp;&nbsp;&nbsp;&nbsp;&nbsp;&nbsp;&nbsp;&nbsp;&nbsp;&nbsp;&nbsp;&nbsp;<\/strong><span style=\"color: #000080;\"><strong>09.05 \u2013 18.06.2019 r.<\/strong><\/span><\/p>\n<p><strong>Sk\u0142adanie dokument\u00f3w:&nbsp;&nbsp;&nbsp;&nbsp;&nbsp;&nbsp; <\/strong><strong><span style=\"color: #000080;\">21.06 \u2013 25.06.2019 r.&nbsp;<\/span><\/strong><\/p>\n<p><strong>Og\u0142oszenie wynik\u00f3w rekrutacji :&nbsp; &nbsp;<span style=\"color: #000080;\">05<\/span><\/strong><span style=\"color: #000080;\"><strong>&nbsp;lipca 2019 r.<\/strong><\/span><\/p>\n<h3>Zasady rekrutacji oraz wniosek o przyj\u0119cie do szko\u0142y:&nbsp;<span style=\"text-decoration: underline;\"><a href=\"http:\/\/zskarlino.pl\/?page_id=382\" target=\"_blank\" rel=\"noopener noreferrer\">do pobrania tutaj :-)<\/a><\/span><\/h3>\n<p>&nbsp;<\/p>\n<p><a href=\"http:\/\/zskarlino.pl\/wp-content\/uploads\/2018\/04\/zapraszamy.png\" rel=\"lightbox[9009]\"><img loading=\"lazy\" decoding=\"async\" class=\"aligncenter wp-image-10000\" src=\"http:\/\/zskarlino.pl\/wp-content\/uploads\/2018\/04\/zapraszamy.png\" alt=\"zapraszamy\" width=\"280\" height=\"91\" srcset=\"https:\/\/zskarlino.pl\/wp-content\/uploads\/2018\/04\/zapraszamy.png 450w, https:\/\/zskarlino.pl\/wp-content\/uploads\/2018\/04\/zapraszamy-300x97.png 300w\" sizes=\"auto, (max-width: 280px) 100vw, 280px\" \/><\/a><\/p>\n<p>&nbsp;<\/p>\n<p>&nbsp;<\/p>\n<p>&nbsp;<\/p>\n","protected":false},"excerpt":{"rendered":"<p>Uwaga!! Ju\u017c 09 maja 2019 r. rusza nab\u00f3r do Zespo\u0142u Szk\u00f3\u0142 w Karlinie. W roku szkolnym 2019\/2020&nbsp;zapraszamy do: Technikum &#8211; w zawodach; &nbsp; &#8211;&nbsp;technik mechatronik &nbsp;&nbsp;(opis zawodu) &nbsp; &nbsp; &nbsp; &nbsp; &nbsp; &nbsp;&#8211;&nbsp;technik&nbsp;ekonomista (opis zawodu) &nbsp; &nbsp; &nbsp; &nbsp; &nbsp; &nbsp;&#8211;&nbsp;technik&nbsp;informatyk&nbsp;(opis zawodu) &nbsp; &nbsp; &nbsp; &nbsp; &nbsp; &nbsp;&#8211;&nbsp;technik&nbsp;grafiki i poligrafii cyfrowej&nbsp;(opis zawodu) &nbsp; &nbsp;&nbsp;&#8211; dla &hellip; <\/p>\n<p><a class=\"more-link btn\" href=\"https:\/\/zskarlino.pl\/?p=9009\">Czytaj dalej<\/a><\/p>\n","protected":false},"author":3,"featured_media":0,"comment_status":"closed","ping_status":"closed","sticky":false,"template":"","format":"standard","meta":{"footnotes":""},"categories":[4,5,2],"tags":[],"class_list":["post-9009","post","type-post","status-publish","format-standard","hentry","category-dla-rodzicow","category-dla-uczniow","category-ogloszenia","item-wrap"],"_links":{"self":[{"href":"https:\/\/zskarlino.pl\/index.php?rest_route=\/wp\/v2\/posts\/9009","targetHints":{"allow":["GET"]}}],"collection":[{"href":"https:\/\/zskarlino.pl\/index.php?rest_route=\/wp\/v2\/posts"}],"about":[{"href":"https:\/\/zskarlino.pl\/index.php?rest_route=\/wp\/v2\/types\/post"}],"author":[{"embeddable":true,"href":"https:\/\/zskarlino.pl\/index.php?rest_route=\/wp\/v2\/users\/3"}],"replies":[{"embeddable":true,"href":"https:\/\/zskarlino.pl\/index.php?rest_route=%2Fwp%2Fv2%2Fcomments&post=9009"}],"version-history":[{"count":31,"href":"https:\/\/zskarlino.pl\/index.php?rest_route=\/wp\/v2\/posts\/9009\/revisions"}],"predecessor-version":[{"id":11180,"href":"https:\/\/zskarlino.pl\/index.php?rest_route=\/wp\/v2\/posts\/9009\/revisions\/11180"}],"wp:attachment":[{"href":"https:\/\/zskarlino.pl\/index.php?rest_route=%2Fwp%2Fv2%2Fmedia&parent=9009"}],"wp:term":[{"taxonomy":"category","embeddable":true,"href":"https:\/\/zskarlino.pl\/index.php?rest_route=%2Fwp%2Fv2%2Fcategories&post=9009"},{"taxonomy":"post_tag","embeddable":true,"href":"https:\/\/zskarlino.pl\/index.php?rest_route=%2Fwp%2Fv2%2Ftags&post=9009"}],"curies":[{"name":"wp","href":"https:\/\/api.w.org\/{rel}","templated":true}]}}