{"id":4156,"date":"2014-12-15T20:28:21","date_gmt":"2014-12-15T19:28:21","guid":{"rendered":"http:\/\/zskarlino.pl\/?p=4156"},"modified":"2014-12-16T06:36:59","modified_gmt":"2014-12-16T05:36:59","slug":"akcja-paczka-2014-rozpoczeta","status":"publish","type":"post","link":"https:\/\/zskarlino.pl\/?p=4156","title":{"rendered":"Akcja &#8222;Paczka 2014&#8221; rozpocz\u0119ta !"},"content":{"rendered":"<p style=\"text-indent: 5%; text-align: justify;\">Mi\u0142o nam poinformowa\u0107, i\u017c w bie\u017c\u0105cym roku szkolnym \u2013 nasza szko\u0142a wzi\u0119\u0142a po raz pierwszy udzia\u0142 w akcji <strong>\u201ePaczka 2014\u201d<\/strong>. Przez dwa tygodnie pod czujnym okiem naszego ucznia i zast\u0119powego w ZHR &#8211; Szymona Wi\u0119cka &#8211; zbierali\u015bmy produkty, kt\u00f3re nasi karli\u0144scy harcerze zawie\u017ali na Bia\u0142oru\u015b. Dnia 13 grudnia dotarli do przepi\u0119knej miejscowo\u015bci Grodno, gdzie przekazali 150 paczek dla polskich rodzin mieszkaj\u0105cych na tamtym terenie. Serdeczne podzi\u0119kowania kierujemy w stron\u0119 wszystkich, kt\u00f3rzy wsparli nasz\u0105 akcj\u0119 i do\u0142o\u017cyli troszk\u0119 serca aby pom\u00f3c potrzebuj\u0105cym w potrzebie.<\/p>\n<div class='fotorama--wp' data-ids='4072,4074,4073,4161,4162,4163,4164,4165,4167,4168'data-link='file'data-itemtag='dl'data-icontag='dt'data-captiontag='dd'data-columns='0'data-size='large'data-width='200'data-auto='false'data-max-width='100%'data-ratio='1.4084507042254'>\n\t\t<style type=\"text\/css\">\n\t\t\t#gallery-1 {\n\t\t\t\tmargin: auto;\n\t\t\t}\n\t\t\t#gallery-1 .gallery-item {\n\t\t\t\tfloat: left;\n\t\t\t\tmargin-top: 10px;\n\t\t\t\ttext-align: center;\n\t\t\t\twidth: 100%;\n\t\t\t}\n\t\t\t#gallery-1 img {\n\t\t\t\tborder: 2px solid #cfcfcf;\n\t\t\t}\n\t\t\t#gallery-1 .gallery-caption {\n\t\t\t\tmargin-left: 0;\n\t\t\t}\n\t\t\t\/* see gallery_shortcode() in wp-includes\/media.php *\/\n\t\t<\/style>\n\t\t<div id='gallery-1' class='gallery galleryid-4156 gallery-columns-0 gallery-size-thumbnail'><dl class='gallery-item'>\n\t\t\t<dt class='gallery-icon landscape'>\n\t\t\t\t<a href='https:\/\/zskarlino.pl\/wp-content\/uploads\/2014\/11\/109_n-e1418476294887.jpg' data-full='https:\/\/zskarlino.pl\/wp-content\/uploads\/2014\/11\/109_n-e1418476294887.jpg' rel=\"lightbox[4156]\"><img loading=\"lazy\" decoding=\"async\" width=\"150\" height=\"150\" src=\"https:\/\/zskarlino.pl\/wp-content\/uploads\/2014\/11\/109_n-150x150.jpg\" class=\"attachment-thumbnail size-thumbnail\" alt=\"\" \/><\/a>\n\t\t\t<\/dt><\/dl><dl class='gallery-item'>\n\t\t\t<dt class='gallery-icon portrait'>\n\t\t\t\t<a href='https:\/\/zskarlino.pl\/wp-content\/uploads\/2014\/11\/108_n-e1418476348249.jpg' data-full='https:\/\/zskarlino.pl\/wp-content\/uploads\/2014\/11\/108_n-e1418476348249.jpg' rel=\"lightbox[4156]\"><img loading=\"lazy\" decoding=\"async\" width=\"150\" height=\"150\" src=\"https:\/\/zskarlino.pl\/wp-content\/uploads\/2014\/11\/108_n-150x150.jpg\" class=\"attachment-thumbnail size-thumbnail\" alt=\"\" \/><\/a>\n\t\t\t<\/dt><\/dl><dl class='gallery-item'>\n\t\t\t<dt class='gallery-icon portrait'>\n\t\t\t\t<a href='https:\/\/zskarlino.pl\/wp-content\/uploads\/2014\/11\/12_n-e1418476323259.jpg' data-full='https:\/\/zskarlino.pl\/wp-content\/uploads\/2014\/11\/12_n-e1418476323259.jpg' rel=\"lightbox[4156]\"><img loading=\"lazy\" decoding=\"async\" width=\"150\" height=\"150\" src=\"https:\/\/zskarlino.pl\/wp-content\/uploads\/2014\/11\/12_n-150x150.jpg\" class=\"attachment-thumbnail size-thumbnail\" alt=\"\" \/><\/a>\n\t\t\t<\/dt><\/dl><dl class='gallery-item'>\n\t\t\t<dt class='gallery-icon portrait'>\n\t\t\t\t<a href='https:\/\/zskarlino.pl\/wp-content\/uploads\/2014\/12\/960107_319982501525355_6127643134587819409_n-e1418707648145.jpg' data-full='https:\/\/zskarlino.pl\/wp-content\/uploads\/2014\/12\/960107_319982501525355_6127643134587819409_n-e1418707648145.jpg' rel=\"lightbox[4156]\"><img loading=\"lazy\" decoding=\"async\" width=\"150\" height=\"150\" src=\"https:\/\/zskarlino.pl\/wp-content\/uploads\/2014\/12\/960107_319982501525355_6127643134587819409_n-150x150.jpg\" class=\"attachment-thumbnail size-thumbnail\" alt=\"\" \/><\/a>\n\t\t\t<\/dt><\/dl><dl class='gallery-item'>\n\t\t\t<dt class='gallery-icon portrait'>\n\t\t\t\t<a href='https:\/\/zskarlino.pl\/wp-content\/uploads\/2014\/12\/10847944_319982754858663_1043507201784427384_n-e1418707682473.jpg' data-full='https:\/\/zskarlino.pl\/wp-content\/uploads\/2014\/12\/10847944_319982754858663_1043507201784427384_n-e1418707682473.jpg' rel=\"lightbox[4156]\"><img loading=\"lazy\" decoding=\"async\" width=\"150\" height=\"150\" src=\"https:\/\/zskarlino.pl\/wp-content\/uploads\/2014\/12\/10847944_319982754858663_1043507201784427384_n-150x150.jpg\" class=\"attachment-thumbnail size-thumbnail\" alt=\"\" \/><\/a>\n\t\t\t<\/dt><\/dl><dl class='gallery-item'>\n\t\t\t<dt class='gallery-icon portrait'>\n\t\t\t\t<a href='https:\/\/zskarlino.pl\/wp-content\/uploads\/2014\/12\/10848001_319985114858427_6482287568082004654_n-e1418707718618.jpg' data-full='https:\/\/zskarlino.pl\/wp-content\/uploads\/2014\/12\/10848001_319985114858427_6482287568082004654_n-e1418707718618.jpg' rel=\"lightbox[4156]\"><img loading=\"lazy\" decoding=\"async\" width=\"150\" height=\"150\" src=\"https:\/\/zskarlino.pl\/wp-content\/uploads\/2014\/12\/10848001_319985114858427_6482287568082004654_n-150x150.jpg\" class=\"attachment-thumbnail size-thumbnail\" alt=\"\" \/><\/a>\n\t\t\t<\/dt><\/dl><dl class='gallery-item'>\n\t\t\t<dt class='gallery-icon landscape'>\n\t\t\t\t<a href='https:\/\/zskarlino.pl\/wp-content\/uploads\/2014\/12\/10401511_319985238191748_7058736792681357511_n-e1418707750195.jpg' data-full='https:\/\/zskarlino.pl\/wp-content\/uploads\/2014\/12\/10401511_319985238191748_7058736792681357511_n-e1418707750195.jpg' rel=\"lightbox[4156]\"><img loading=\"lazy\" decoding=\"async\" width=\"150\" height=\"150\" src=\"https:\/\/zskarlino.pl\/wp-content\/uploads\/2014\/12\/10401511_319985238191748_7058736792681357511_n-150x150.jpg\" class=\"attachment-thumbnail size-thumbnail\" alt=\"\" \/><\/a>\n\t\t\t<\/dt><\/dl><dl class='gallery-item'>\n\t\t\t<dt class='gallery-icon portrait'>\n\t\t\t\t<a href='https:\/\/zskarlino.pl\/wp-content\/uploads\/2014\/12\/10428090_319982848191987_2242599967114543904_n-e1418708182232.jpg' data-full='https:\/\/zskarlino.pl\/wp-content\/uploads\/2014\/12\/10428090_319982848191987_2242599967114543904_n-e1418708182232.jpg' rel=\"lightbox[4156]\"><img loading=\"lazy\" decoding=\"async\" width=\"150\" height=\"150\" src=\"https:\/\/zskarlino.pl\/wp-content\/uploads\/2014\/12\/10428090_319982848191987_2242599967114543904_n-150x150.jpg\" class=\"attachment-thumbnail size-thumbnail\" alt=\"\" \/><\/a>\n\t\t\t<\/dt><\/dl>\n\t\t<\/div>\n<\/div>\n<p style=\"text-align: right;\">\u00a0 Renata Piszak<\/p>\n","protected":false},"excerpt":{"rendered":"<p>Mi\u0142o nam poinformowa\u0107, i\u017c w bie\u017c\u0105cym roku szkolnym \u2013 nasza szko\u0142a wzi\u0119\u0142a po raz pierwszy udzia\u0142 w akcji \u201ePaczka 2014\u201d. Przez dwa tygodnie pod czujnym okiem naszego ucznia i zast\u0119powego w ZHR &#8211; Szymona Wi\u0119cka &#8211; zbierali\u015bmy produkty, kt\u00f3re nasi karli\u0144scy harcerze zawie\u017ali na Bia\u0142oru\u015b. Dnia 13 grudnia dotarli do przepi\u0119knej miejscowo\u015bci Grodno, gdzie przekazali &hellip; <\/p>\n<p><a class=\"more-link btn\" href=\"https:\/\/zskarlino.pl\/?p=4156\">Czytaj dalej<\/a><\/p>\n","protected":false},"author":4,"featured_media":0,"comment_status":"closed","ping_status":"closed","sticky":false,"template":"","format":"standard","meta":{"footnotes":""},"categories":[3],"tags":[],"class_list":["post-4156","post","type-post","status-publish","format-standard","hentry","category-wydarzenia","item-wrap"],"_links":{"self":[{"href":"https:\/\/zskarlino.pl\/index.php?rest_route=\/wp\/v2\/posts\/4156","targetHints":{"allow":["GET"]}}],"collection":[{"href":"https:\/\/zskarlino.pl\/index.php?rest_route=\/wp\/v2\/posts"}],"about":[{"href":"https:\/\/zskarlino.pl\/index.php?rest_route=\/wp\/v2\/types\/post"}],"author":[{"embeddable":true,"href":"https:\/\/zskarlino.pl\/index.php?rest_route=\/wp\/v2\/users\/4"}],"replies":[{"embeddable":true,"href":"https:\/\/zskarlino.pl\/index.php?rest_route=%2Fwp%2Fv2%2Fcomments&post=4156"}],"version-history":[{"count":6,"href":"https:\/\/zskarlino.pl\/index.php?rest_route=\/wp\/v2\/posts\/4156\/revisions"}],"predecessor-version":[{"id":4169,"href":"https:\/\/zskarlino.pl\/index.php?rest_route=\/wp\/v2\/posts\/4156\/revisions\/4169"}],"wp:attachment":[{"href":"https:\/\/zskarlino.pl\/index.php?rest_route=%2Fwp%2Fv2%2Fmedia&parent=4156"}],"wp:term":[{"taxonomy":"category","embeddable":true,"href":"https:\/\/zskarlino.pl\/index.php?rest_route=%2Fwp%2Fv2%2Fcategories&post=4156"},{"taxonomy":"post_tag","embeddable":true,"href":"https:\/\/zskarlino.pl\/index.php?rest_route=%2Fwp%2Fv2%2Ftags&post=4156"}],"curies":[{"name":"wp","href":"https:\/\/api.w.org\/{rel}","templated":true}]}}