{"id":4039,"date":"2014-12-03T23:31:52","date_gmt":"2014-12-03T22:31:52","guid":{"rendered":"http:\/\/zskarlino.pl\/?p=4039"},"modified":"2014-12-15T06:40:09","modified_gmt":"2014-12-15T05:40:09","slug":"swiateczna-paczka-dla-niesamowitego-dzieciaczka","status":"publish","type":"post","link":"https:\/\/zskarlino.pl\/?p=4039","title":{"rendered":"\u015awi\u0105teczna paczka dla niesamowitego dzieciaczka"},"content":{"rendered":"<p style=\"text-align: justify;\">Wielkimi <img loading=\"lazy\" decoding=\"async\" class=\"alignleft wp-image-4040\" src=\"http:\/\/zskarlino.pl\/wp-content\/uploads\/2014\/12\/1-christmas_presents.jpg\" alt=\"1-christmas_presents\" width=\"210\" height=\"152\" \/>krokami zbli\u017ca si\u0119 okres \u015bwi\u0105teczny. To dla wi\u0119kszo\u015bci z nas czas rado\u015bci i szcz\u0119\u015bcia. Niestety nie wszyscy maj\u0105 mo\u017cliwo\u015b\u0107 pe\u0142nego odczuwania magii \u015bwi\u0105t. Z my\u015bl\u0105 o potrzebuj\u0105cych wsparcia, organizujemy na terenie naszej szko\u0142y akcj\u0119 pt.\u00a0 &#8222;&#8221; czyli Wielk\u0105 Zbi\u00f3rk\u0119 S\u0142odyczy.<\/p>\n<p style=\"text-align: justify;\">Dzi\u0119ki zbi\u00f3rce b\u0119dziemy mogli obdarowa\u0107 dzieci z rodzin ubogich.<\/p>\n<p style=\"text-align: justify;\">S\u0142odko\u015bci mo\u017cna przynosi\u0107 do pani Anety Tarnionek (sala nr 5) do 18 grudnia 2014r.<br \/>\nSerdeczne podzi\u0119kowania dla wszystkich, kt\u00f3rzy zechc\u0105 si\u0119 zaanga\u017cowa\u0107 w ten pi\u0119kny gest niesienia pomocy.<\/p>\n","protected":false},"excerpt":{"rendered":"<p>Wielkimi krokami zbli\u017ca si\u0119 okres \u015bwi\u0105teczny. To dla wi\u0119kszo\u015bci z nas czas rado\u015bci i szcz\u0119\u015bcia. Niestety nie wszyscy maj\u0105 mo\u017cliwo\u015b\u0107 pe\u0142nego odczuwania magii \u015bwi\u0105t. Z my\u015bl\u0105 o potrzebuj\u0105cych wsparcia, organizujemy na terenie naszej szko\u0142y akcj\u0119 pt.\u00a0 &#8222;&#8221; czyli Wielk\u0105 Zbi\u00f3rk\u0119 S\u0142odyczy. Dzi\u0119ki zbi\u00f3rce b\u0119dziemy mogli obdarowa\u0107 dzieci z rodzin ubogich. S\u0142odko\u015bci mo\u017cna przynosi\u0107 do pani &hellip; <\/p>\n<p><a class=\"more-link btn\" href=\"https:\/\/zskarlino.pl\/?p=4039\">Czytaj dalej<\/a><\/p>\n","protected":false},"author":6,"featured_media":0,"comment_status":"closed","ping_status":"closed","sticky":false,"template":"","format":"standard","meta":{"footnotes":""},"categories":[4,5,2],"tags":[],"class_list":["post-4039","post","type-post","status-publish","format-standard","hentry","category-dla-rodzicow","category-dla-uczniow","category-ogloszenia","item-wrap"],"_links":{"self":[{"href":"https:\/\/zskarlino.pl\/index.php?rest_route=\/wp\/v2\/posts\/4039","targetHints":{"allow":["GET"]}}],"collection":[{"href":"https:\/\/zskarlino.pl\/index.php?rest_route=\/wp\/v2\/posts"}],"about":[{"href":"https:\/\/zskarlino.pl\/index.php?rest_route=\/wp\/v2\/types\/post"}],"author":[{"embeddable":true,"href":"https:\/\/zskarlino.pl\/index.php?rest_route=\/wp\/v2\/users\/6"}],"replies":[{"embeddable":true,"href":"https:\/\/zskarlino.pl\/index.php?rest_route=%2Fwp%2Fv2%2Fcomments&post=4039"}],"version-history":[{"count":3,"href":"https:\/\/zskarlino.pl\/index.php?rest_route=\/wp\/v2\/posts\/4039\/revisions"}],"predecessor-version":[{"id":4139,"href":"https:\/\/zskarlino.pl\/index.php?rest_route=\/wp\/v2\/posts\/4039\/revisions\/4139"}],"wp:attachment":[{"href":"https:\/\/zskarlino.pl\/index.php?rest_route=%2Fwp%2Fv2%2Fmedia&parent=4039"}],"wp:term":[{"taxonomy":"category","embeddable":true,"href":"https:\/\/zskarlino.pl\/index.php?rest_route=%2Fwp%2Fv2%2Fcategories&post=4039"},{"taxonomy":"post_tag","embeddable":true,"href":"https:\/\/zskarlino.pl\/index.php?rest_route=%2Fwp%2Fv2%2Ftags&post=4039"}],"curies":[{"name":"wp","href":"https:\/\/api.w.org\/{rel}","templated":true}]}}