{"id":4032,"date":"2014-11-25T23:26:19","date_gmt":"2014-11-25T22:26:19","guid":{"rendered":"http:\/\/zskarlino.pl\/?p=4032"},"modified":"2014-12-03T23:27:21","modified_gmt":"2014-12-03T22:27:21","slug":"kilka-rad-o-tym-jak-czytac-poezje-lekcja-otwarta-jezyka-polskiego","status":"publish","type":"post","link":"https:\/\/zskarlino.pl\/?p=4032","title":{"rendered":"Kilka rad o tym, jak czyta\u0107 poezj\u0119 &#8211; lekcja otwarta j\u0119zyka polskiego"},"content":{"rendered":"<p style=\"text-align: justify;\">W miniony czwartek 25 listopada 2014 r. w Zespole Szk\u00f3\u0142 w Karlinie odby\u0142a si\u0119 lekcja otwarta dla uczni\u00f3w klas drugich gimnazjum. By\u0142a to lekcja j\u0119zyka polskiego, kt\u00f3r\u0105 poprowadzi\u0142a polonistka Renata Jagu\u015bcik. Lekcja ta, poza form\u0105 &#8211; odby\u0142a si\u0119 w auli dla du\u017cej grupy uczni\u00f3w &#8211; nie r\u00f3\u017cni\u0142a si\u0119 przekazywanymi tre\u015bciami od lekcji odbywaj\u0105cej si\u0119 w sali.<\/p>\n<p style=\"text-align: justify;\">Ca\u0142a lekcja podparta by\u0142a \u015brodkami multimedialnymi &#8211; r\u00f3\u017cnego rodzaju prezentacjami, co sprawi\u0142o, \u017ce cho\u0107 forma lekcji by\u0142a do\u015b\u0107 trudna &#8211; wyk\u0142ad podsumowany kr\u00f3tkim testem &#8211; uczniowie odnie\u015bli sukces, odpowiadaj\u0105c na pytania testowe. Warto tu pami\u0119ta\u0107, \u017ce temat lekcji nie nale\u017ca\u0142 do naj\u0142atwiejszych. Ca\u0142e zaj\u0119cia by\u0142y po\u015bwi\u0119cone niezwyk\u0142ej mowie &#8222;ja&#8221; lirycznego, co sprawia uczniom cz\u0119sto niema\u0142e trudno\u015bci. Zastosowane \u015brodki multimedialne spowodowa\u0142y, \u017ce uczniowie z uwag\u0105 i skupieniem wys\u0142uchali cz\u0119\u015bci wyk\u0142adowej, a do cz\u0119\u015bci testowej podeszli z wyra\u017anym entuzjazmem i zaanga\u017cowaniem.<\/p>\n<div class='fotorama--wp' data-ids='4033,4034,4035,4036'data-link='file'data-itemtag='dl'data-icontag='dt'data-captiontag='dd'data-columns='0'data-size='large'data-width='200'data-auto='false'data-max-width='100%'data-ratio='1.7699115044248'>\n\t\t<style type=\"text\/css\">\n\t\t\t#gallery-1 {\n\t\t\t\tmargin: auto;\n\t\t\t}\n\t\t\t#gallery-1 .gallery-item {\n\t\t\t\tfloat: left;\n\t\t\t\tmargin-top: 10px;\n\t\t\t\ttext-align: center;\n\t\t\t\twidth: 100%;\n\t\t\t}\n\t\t\t#gallery-1 img {\n\t\t\t\tborder: 2px solid #cfcfcf;\n\t\t\t}\n\t\t\t#gallery-1 .gallery-caption {\n\t\t\t\tmargin-left: 0;\n\t\t\t}\n\t\t\t\/* see gallery_shortcode() in wp-includes\/media.php *\/\n\t\t<\/style>\n\t\t<div id='gallery-1' class='gallery galleryid-4032 gallery-columns-0 gallery-size-thumbnail'><dl class='gallery-item'>\n\t\t\t<dt class='gallery-icon landscape'>\n\t\t\t\t<a href='https:\/\/zskarlino.pl\/wp-content\/uploads\/2014\/12\/1-eef-e1417675061488.jpg' data-full='https:\/\/zskarlino.pl\/wp-content\/uploads\/2014\/12\/1-eef-e1417675061488.jpg' rel=\"lightbox[4032]\"><img loading=\"lazy\" decoding=\"async\" width=\"150\" height=\"150\" src=\"https:\/\/zskarlino.pl\/wp-content\/uploads\/2014\/12\/1-eef-150x150.jpg\" class=\"attachment-thumbnail size-thumbnail\" alt=\"\" \/><\/a>\n\t\t\t<\/dt><\/dl>\n\t\t<\/div>\n<\/div>\n<p style=\"text-align: right;\">\u00a0<em>Renata Jagu\u015bcik<\/em><\/p>\n","protected":false},"excerpt":{"rendered":"<p>W miniony czwartek 25 listopada 2014 r. w Zespole Szk\u00f3\u0142 w Karlinie odby\u0142a si\u0119 lekcja otwarta dla uczni\u00f3w klas drugich gimnazjum. By\u0142a to lekcja j\u0119zyka polskiego, kt\u00f3r\u0105 poprowadzi\u0142a polonistka Renata Jagu\u015bcik. Lekcja ta, poza form\u0105 &#8211; odby\u0142a si\u0119 w auli dla du\u017cej grupy uczni\u00f3w &#8211; nie r\u00f3\u017cni\u0142a si\u0119 przekazywanymi tre\u015bciami od lekcji odbywaj\u0105cej si\u0119 w &hellip; <\/p>\n<p><a class=\"more-link btn\" href=\"https:\/\/zskarlino.pl\/?p=4032\">Czytaj dalej<\/a><\/p>\n","protected":false},"author":6,"featured_media":0,"comment_status":"closed","ping_status":"closed","sticky":false,"template":"","format":"standard","meta":{"footnotes":""},"categories":[3],"tags":[],"class_list":["post-4032","post","type-post","status-publish","format-standard","hentry","category-wydarzenia","item-wrap"],"_links":{"self":[{"href":"https:\/\/zskarlino.pl\/index.php?rest_route=\/wp\/v2\/posts\/4032","targetHints":{"allow":["GET"]}}],"collection":[{"href":"https:\/\/zskarlino.pl\/index.php?rest_route=\/wp\/v2\/posts"}],"about":[{"href":"https:\/\/zskarlino.pl\/index.php?rest_route=\/wp\/v2\/types\/post"}],"author":[{"embeddable":true,"href":"https:\/\/zskarlino.pl\/index.php?rest_route=\/wp\/v2\/users\/6"}],"replies":[{"embeddable":true,"href":"https:\/\/zskarlino.pl\/index.php?rest_route=%2Fwp%2Fv2%2Fcomments&post=4032"}],"version-history":[{"count":2,"href":"https:\/\/zskarlino.pl\/index.php?rest_route=\/wp\/v2\/posts\/4032\/revisions"}],"predecessor-version":[{"id":4038,"href":"https:\/\/zskarlino.pl\/index.php?rest_route=\/wp\/v2\/posts\/4032\/revisions\/4038"}],"wp:attachment":[{"href":"https:\/\/zskarlino.pl\/index.php?rest_route=%2Fwp%2Fv2%2Fmedia&parent=4032"}],"wp:term":[{"taxonomy":"category","embeddable":true,"href":"https:\/\/zskarlino.pl\/index.php?rest_route=%2Fwp%2Fv2%2Fcategories&post=4032"},{"taxonomy":"post_tag","embeddable":true,"href":"https:\/\/zskarlino.pl\/index.php?rest_route=%2Fwp%2Fv2%2Ftags&post=4032"}],"curies":[{"name":"wp","href":"https:\/\/api.w.org\/{rel}","templated":true}]}}