{"id":4025,"date":"2014-11-26T23:12:58","date_gmt":"2014-11-26T22:12:58","guid":{"rendered":"http:\/\/zskarlino.pl\/?p=4025"},"modified":"2014-12-03T23:13:45","modified_gmt":"2014-12-03T22:13:45","slug":"4025","status":"publish","type":"post","link":"https:\/\/zskarlino.pl\/?p=4025","title":{"rendered":"Kubu\u015b \u0141akomczuszek &#8211; przedstawienie dla przedszkolak\u00f3w"},"content":{"rendered":"<p style=\"text-align: justify;\">26 listopada 2014r. z okazji Dnia Pluszowego Misia\u00a0 w Auli Karli\u0144skiego O\u015brodka Kultury przedszkolaki z Przedszkola miejskiego im. Kubusia Puchatka zobaczy\u0142y\u00a0 przedstawienie pt. &#8222;Kubu\u015b \u0141akomczuszek&#8221; przygotowane przez uczni\u00f3w\u00a0 Gimnazjum im. Ludzi Wielkiego Serca i Umys\u0142u w Karlinie. Nasi uczniowie zaprezentowali spektakl, kt\u00f3ry opowiada\u0142 o nieposkromionym apetycie Kubusia i jego negatywnych konsekwencjach. Nasza inscenizacja najwyra\u017aniej przypad\u0142a do gustu ma\u0142ym widzom, poniewa\u017c bardzo \u017cywio\u0142owo reagowali na wszystko, co si\u0119 dzia\u0142o na scenie. Szczeg\u00f3lnie przypad\u0142a im do gustu piosenka o Nied\u017awiadku , kt\u00f3r\u0105 od\u015bpiewali i zata\u0144czyli z naszymi m\u0142odymi aktorami. W rol\u0119 KUBUSIA wcieli\u0142 si\u0119 Marcel Pietrzak, KRZYSIA zagra\u0142 Karol G\u00f3recki, K\u0141APOUCHEGO zagra\u0142a Kamila Polaczek, KANGURZYC\u0118 zagra\u0142a Katarzyna B\u0105czkowska, posta\u0107 SOWY przedstawi\u0142a Karolina Krupi\u0144ska, a PROSIACZKA zagra\u0142a Magdalena Biedro\u0144. Scenariusz i re\u017cyseria Norbert Potomski. W nast\u0119pnym semestrze planujemy kolejne przedstawienie dla naszych kochanych przedszkolak\u00f3w.<\/p>\n<div class='fotorama--wp' data-ids='4026,4027,4028,4029'data-link='file'data-itemtag='dl'data-icontag='dt'data-captiontag='dd'data-columns='0'data-size='large'data-width='200'data-auto='false'data-max-width='100%'data-ratio='1.3333333333333'>\n\t\t<style type=\"text\/css\">\n\t\t\t#gallery-1 {\n\t\t\t\tmargin: auto;\n\t\t\t}\n\t\t\t#gallery-1 .gallery-item {\n\t\t\t\tfloat: left;\n\t\t\t\tmargin-top: 10px;\n\t\t\t\ttext-align: center;\n\t\t\t\twidth: 100%;\n\t\t\t}\n\t\t\t#gallery-1 img {\n\t\t\t\tborder: 2px solid #cfcfcf;\n\t\t\t}\n\t\t\t#gallery-1 .gallery-caption {\n\t\t\t\tmargin-left: 0;\n\t\t\t}\n\t\t\t\/* see gallery_shortcode() in wp-includes\/media.php *\/\n\t\t<\/style>\n\t\t<div id='gallery-1' class='gallery galleryid-4025 gallery-columns-0 gallery-size-thumbnail'><dl class='gallery-item'>\n\t\t\t<dt class='gallery-icon landscape'>\n\t\t\t\t<a href='https:\/\/zskarlino.pl\/wp-content\/uploads\/2014\/12\/DSCN8073-e1417674988519.jpg' data-full='https:\/\/zskarlino.pl\/wp-content\/uploads\/2014\/12\/DSCN8073-e1417674988519.jpg' rel=\"lightbox[4025]\"><img loading=\"lazy\" decoding=\"async\" width=\"150\" height=\"150\" src=\"https:\/\/zskarlino.pl\/wp-content\/uploads\/2014\/12\/DSCN8073-150x150.jpg\" class=\"attachment-thumbnail size-thumbnail\" alt=\"\" \/><\/a>\n\t\t\t<\/dt><\/dl><dl class='gallery-item'>\n\t\t\t<dt class='gallery-icon landscape'>\n\t\t\t\t<a href='https:\/\/zskarlino.pl\/wp-content\/uploads\/2014\/12\/DSCN8075-e1449355539518.jpg' data-full='https:\/\/zskarlino.pl\/wp-content\/uploads\/2014\/12\/DSCN8075-e1449355539518.jpg' rel=\"lightbox[4025]\"><img loading=\"lazy\" decoding=\"async\" width=\"150\" height=\"150\" src=\"https:\/\/zskarlino.pl\/wp-content\/uploads\/2014\/12\/DSCN8075-150x150.jpg\" class=\"attachment-thumbnail size-thumbnail\" alt=\"\" \/><\/a>\n\t\t\t<\/dt><\/dl><dl class='gallery-item'>\n\t\t\t<dt class='gallery-icon landscape'>\n\t\t\t\t<a href='https:\/\/zskarlino.pl\/wp-content\/uploads\/2014\/12\/DSCN8080-e1417675011415.jpg' data-full='https:\/\/zskarlino.pl\/wp-content\/uploads\/2014\/12\/DSCN8080-e1417675011415.jpg' rel=\"lightbox[4025]\"><img loading=\"lazy\" decoding=\"async\" width=\"150\" height=\"150\" src=\"https:\/\/zskarlino.pl\/wp-content\/uploads\/2014\/12\/DSCN8080-150x150.jpg\" class=\"attachment-thumbnail size-thumbnail\" alt=\"\" \/><\/a>\n\t\t\t<\/dt><\/dl>\n\t\t<\/div>\n<\/div>\n<p style=\"text-align: right;\"><em>Norbert Potomski<\/em><\/p>\n","protected":false},"excerpt":{"rendered":"<p>26 listopada 2014r. z okazji Dnia Pluszowego Misia\u00a0 w Auli Karli\u0144skiego O\u015brodka Kultury przedszkolaki z Przedszkola miejskiego im. Kubusia Puchatka zobaczy\u0142y\u00a0 przedstawienie pt. &#8222;Kubu\u015b \u0141akomczuszek&#8221; przygotowane przez uczni\u00f3w\u00a0 Gimnazjum im. Ludzi Wielkiego Serca i Umys\u0142u w Karlinie. Nasi uczniowie zaprezentowali spektakl, kt\u00f3ry opowiada\u0142 o nieposkromionym apetycie Kubusia i jego negatywnych konsekwencjach. Nasza inscenizacja najwyra\u017aniej przypad\u0142a &hellip; <\/p>\n<p><a class=\"more-link btn\" href=\"https:\/\/zskarlino.pl\/?p=4025\">Czytaj dalej<\/a><\/p>\n","protected":false},"author":6,"featured_media":0,"comment_status":"closed","ping_status":"closed","sticky":false,"template":"","format":"standard","meta":{"footnotes":""},"categories":[3],"tags":[],"class_list":["post-4025","post","type-post","status-publish","format-standard","hentry","category-wydarzenia","item-wrap"],"_links":{"self":[{"href":"https:\/\/zskarlino.pl\/index.php?rest_route=\/wp\/v2\/posts\/4025","targetHints":{"allow":["GET"]}}],"collection":[{"href":"https:\/\/zskarlino.pl\/index.php?rest_route=\/wp\/v2\/posts"}],"about":[{"href":"https:\/\/zskarlino.pl\/index.php?rest_route=\/wp\/v2\/types\/post"}],"author":[{"embeddable":true,"href":"https:\/\/zskarlino.pl\/index.php?rest_route=\/wp\/v2\/users\/6"}],"replies":[{"embeddable":true,"href":"https:\/\/zskarlino.pl\/index.php?rest_route=%2Fwp%2Fv2%2Fcomments&post=4025"}],"version-history":[{"count":2,"href":"https:\/\/zskarlino.pl\/index.php?rest_route=\/wp\/v2\/posts\/4025\/revisions"}],"predecessor-version":[{"id":4031,"href":"https:\/\/zskarlino.pl\/index.php?rest_route=\/wp\/v2\/posts\/4025\/revisions\/4031"}],"wp:attachment":[{"href":"https:\/\/zskarlino.pl\/index.php?rest_route=%2Fwp%2Fv2%2Fmedia&parent=4025"}],"wp:term":[{"taxonomy":"category","embeddable":true,"href":"https:\/\/zskarlino.pl\/index.php?rest_route=%2Fwp%2Fv2%2Fcategories&post=4025"},{"taxonomy":"post_tag","embeddable":true,"href":"https:\/\/zskarlino.pl\/index.php?rest_route=%2Fwp%2Fv2%2Ftags&post=4025"}],"curies":[{"name":"wp","href":"https:\/\/api.w.org\/{rel}","templated":true}]}}