{"id":3836,"date":"2014-11-25T20:28:33","date_gmt":"2014-11-25T19:28:33","guid":{"rendered":"http:\/\/zskarlino.pl\/?p=3836"},"modified":"2014-12-03T20:23:13","modified_gmt":"2014-12-03T19:23:13","slug":"dzien-pluszowego-misia","status":"publish","type":"post","link":"https:\/\/zskarlino.pl\/?p=3836","title":{"rendered":"Dzie\u0144 Pluszowego Misia"},"content":{"rendered":"<p style=\"text-indent: 5%; text-align: justify;\"><a href=\"http:\/\/zskarlino.pl\/wp-content\/uploads\/2014\/11\/mis.jpg\" rel=\"lightbox[3836]\"><img loading=\"lazy\" decoding=\"async\" class=\" wp-image-3843 alignleft\" src=\"http:\/\/zskarlino.pl\/wp-content\/uploads\/2014\/11\/mis.jpg\" alt=\"mis\" width=\"157\" height=\"137\" \/><\/a>\u00a0 Mi\u0119kki, puchaty i taki z \u0142atk\u0105. <strong>25 listopada<\/strong> swoje \u015bwi\u0119to obchodzi najmilsza zabawka, najlepszy przyjaciel dzieci i niezast\u0105piona przytulanka przy zasypianiu \u2013 Pluszowy Mi\u015b. Mimo coraz nowocze\u015bniejszych i coraz bardziej atrakcyjnych zabawek, moda na misie nie przemija, bo &#8222;czy to jutro, czy to dzi\u015b, wszystkim jest potrzebny Mi\u015b&#8221; \u015awiatowy Dzie\u0144 Pluszowego Misia ustanowiono dok\u0142adnie w setn\u0105 rocznic\u0119 powstania maskotki \u2013 w 2002 roku. Wszystko zacz\u0119\u0142o si\u0119 jednak du\u017co wcze\u015bniej. W 1902 roku prezydent Stan\u00f3w Zjednoczonych Teodor Roosvelt, wybra\u0142 si\u0119 na polowanie. Po kilku godzinach bezskutecznych \u0142ow\u00f3w, jeden z towarzyszy prezydenta postrzeli\u0142 ma\u0142ego nied\u017awiadka i zaprowadzi\u0142 go do Roosvelta. Prezydent ujrzawszy przera\u017cone zwierz\u0105tko, kaza\u0142 je natychmiast uwolni\u0107. Jeden ze \u015bwiadk\u00f3w tego zdarzenia uwieczni\u0142 histori\u0119 nied\u017awiadka na rysunku w waszyngto\u0144skiej gazecie, kt\u00f3r\u0105 czyta\u0142 producent zabawek\u2026 Od tego momentu zacz\u0119to wykorzystywa\u0107 zdrobnia\u0142e imi\u0119 prezydenta i sprzedawa\u0107 maskotki pod nazw\u0105 Teddy Bear, kt\u00f3ra dzi\u015b w j\u0119zyku angielskim jest okre\u015bleniem wszystkich pluszowych misi\u00f3w. Trudno sobie wyobrazi\u0107 dzisiejszy \u015bwiat bez Pluszowego Misia. Jest towarzyszem dzieci i doros\u0142ych w \u015bwiecie beztroskiej zabawy oraz przyjacielem-powiernikiem najwi\u0119kszych sekret\u00f3w i tajemnic.<\/p>\n<p style=\"text-align: justify;\">Czy \u015bwi\u0119to Misia jest potrzebne? \u201eOczywi\u015bcie, \u017ce tak!\u201d &#8211; odpowiadaj\u0105 zgodnie dzieci i rodzice. Oto nasi uczniowie z tymi mniejszymi i wi\u0119kszymi pluszowymi misiami.<\/p>\n<div class='fotorama--wp' data-ids='3839,3840,3838'data-link='file'data-itemtag='dl'data-icontag='dt'data-captiontag='dd'data-columns='0'data-size='large'data-width='750'data-auto='false'data-max-width='100%'data-ratio='1.6666666666667'>\n\t\t<style type=\"text\/css\">\n\t\t\t#gallery-1 {\n\t\t\t\tmargin: auto;\n\t\t\t}\n\t\t\t#gallery-1 .gallery-item {\n\t\t\t\tfloat: left;\n\t\t\t\tmargin-top: 10px;\n\t\t\t\ttext-align: center;\n\t\t\t\twidth: 100%;\n\t\t\t}\n\t\t\t#gallery-1 img {\n\t\t\t\tborder: 2px solid #cfcfcf;\n\t\t\t}\n\t\t\t#gallery-1 .gallery-caption {\n\t\t\t\tmargin-left: 0;\n\t\t\t}\n\t\t\t\/* see gallery_shortcode() in wp-includes\/media.php *\/\n\t\t<\/style>\n\t\t<div id='gallery-1' class='gallery galleryid-3836 gallery-columns-0 gallery-size-thumbnail'><dl class='gallery-item'>\n\t\t\t<dt class='gallery-icon landscape'>\n\t\t\t\t<a href='https:\/\/zskarlino.pl\/wp-content\/uploads\/2014\/11\/20141125_122700-1024x614.jpg' data-full='https:\/\/zskarlino.pl\/wp-content\/uploads\/2014\/11\/20141125_122700-e1416986811215.jpg' rel=\"lightbox[3836]\"><img loading=\"lazy\" decoding=\"async\" width=\"150\" height=\"150\" src=\"https:\/\/zskarlino.pl\/wp-content\/uploads\/2014\/11\/20141125_122700-150x150.jpg\" class=\"attachment-thumbnail size-thumbnail\" alt=\"\" \/><\/a>\n\t\t\t<\/dt><\/dl><dl class='gallery-item'>\n\t\t\t<dt class='gallery-icon landscape'>\n\t\t\t\t<a href='https:\/\/zskarlino.pl\/wp-content\/uploads\/2014\/11\/20141125_112205-1024x614.jpg' data-full='https:\/\/zskarlino.pl\/wp-content\/uploads\/2014\/11\/20141125_112205-e1416986847104.jpg' rel=\"lightbox[3836]\"><img loading=\"lazy\" decoding=\"async\" width=\"150\" height=\"150\" src=\"https:\/\/zskarlino.pl\/wp-content\/uploads\/2014\/11\/20141125_112205-150x150.jpg\" class=\"attachment-thumbnail size-thumbnail\" alt=\"\" \/><\/a>\n\t\t\t<\/dt><\/dl>\n\t\t<\/div>\n<\/div>\n<p style=\"text-align: justify;\">\n","protected":false},"excerpt":{"rendered":"<p>\u00a0 Mi\u0119kki, puchaty i taki z \u0142atk\u0105. 25 listopada swoje \u015bwi\u0119to obchodzi najmilsza zabawka, najlepszy przyjaciel dzieci i niezast\u0105piona przytulanka przy zasypianiu \u2013 Pluszowy Mi\u015b. Mimo coraz nowocze\u015bniejszych i coraz bardziej atrakcyjnych zabawek, moda na misie nie przemija, bo &#8222;czy to jutro, czy to dzi\u015b, wszystkim jest potrzebny Mi\u015b&#8221; \u015awiatowy Dzie\u0144 Pluszowego Misia ustanowiono dok\u0142adnie &hellip; <\/p>\n<p><a class=\"more-link btn\" href=\"https:\/\/zskarlino.pl\/?p=3836\">Czytaj dalej<\/a><\/p>\n","protected":false},"author":4,"featured_media":0,"comment_status":"closed","ping_status":"closed","sticky":false,"template":"","format":"standard","meta":{"footnotes":""},"categories":[3],"tags":[],"class_list":["post-3836","post","type-post","status-publish","format-standard","hentry","category-wydarzenia","item-wrap"],"_links":{"self":[{"href":"https:\/\/zskarlino.pl\/index.php?rest_route=\/wp\/v2\/posts\/3836","targetHints":{"allow":["GET"]}}],"collection":[{"href":"https:\/\/zskarlino.pl\/index.php?rest_route=\/wp\/v2\/posts"}],"about":[{"href":"https:\/\/zskarlino.pl\/index.php?rest_route=\/wp\/v2\/types\/post"}],"author":[{"embeddable":true,"href":"https:\/\/zskarlino.pl\/index.php?rest_route=\/wp\/v2\/users\/4"}],"replies":[{"embeddable":true,"href":"https:\/\/zskarlino.pl\/index.php?rest_route=%2Fwp%2Fv2%2Fcomments&post=3836"}],"version-history":[{"count":7,"href":"https:\/\/zskarlino.pl\/index.php?rest_route=\/wp\/v2\/posts\/3836\/revisions"}],"predecessor-version":[{"id":4010,"href":"https:\/\/zskarlino.pl\/index.php?rest_route=\/wp\/v2\/posts\/3836\/revisions\/4010"}],"wp:attachment":[{"href":"https:\/\/zskarlino.pl\/index.php?rest_route=%2Fwp%2Fv2%2Fmedia&parent=3836"}],"wp:term":[{"taxonomy":"category","embeddable":true,"href":"https:\/\/zskarlino.pl\/index.php?rest_route=%2Fwp%2Fv2%2Fcategories&post=3836"},{"taxonomy":"post_tag","embeddable":true,"href":"https:\/\/zskarlino.pl\/index.php?rest_route=%2Fwp%2Fv2%2Ftags&post=3836"}],"curies":[{"name":"wp","href":"https:\/\/api.w.org\/{rel}","templated":true}]}}