{"id":3663,"date":"2014-11-21T06:04:03","date_gmt":"2014-11-21T05:04:03","guid":{"rendered":"http:\/\/zskarlino.pl\/?p=3663"},"modified":"2014-12-03T20:59:29","modified_gmt":"2014-12-03T19:59:29","slug":"spotkanie-z-dariuszem-rekoszem","status":"publish","type":"post","link":"https:\/\/zskarlino.pl\/?p=3663","title":{"rendered":"Spotkanie z Dariuszem Rekoszem"},"content":{"rendered":"<p style=\"text-indent: 5%; text-align: justify;\">Dariusz Rekosz, autor ksi\u0105\u017cek dla dzieci, m\u0142odzie\u017cy i doros\u0142ych, autor s\u0142uchowisk, animator kultury, honorowy ambasador literatury dla\u2026, laureat nagr\u00f3d \u2026, niew\u0105tpliwie sympatyczny, posiadaj\u0105cy dar czarowania s\u0142owem, pisarz. Dzisiaj, <strong>19 listopada<\/strong>, mieli\u015bmy (klasa III a i III b) okazj\u0119 spotka\u0107 si\u0119 z Dariuszem Rekoszem, a spotkanie odby\u0142o si\u0119 w Miejskiej Bibliotece Publicznej i przebiega\u0142o w niezwyk\u0142ej atmosferze pod has\u0142em przewodnim \u201eMagia s\u0142\u00f3w\u201d. Pisarz poprowadzi\u0142 nas przez labirynt pozornie niezwi\u0105zanych ze sob\u0105 tajemnic, zjawisk j\u0119zykowych, zagadek matematycznych i chemicznych. Dzi\u0119ki poprowadzonemu ze swad\u0105 i szczypt\u0105 humoru wyk\u0142adowi dowiedzieli\u015bmy si\u0119, co maj\u0105 ze sob\u0105 wsp\u00f3lnego papierosy, lotto, wulgaryzmy, cyfry rzymskie, arabskie (a mo\u017ce hinduskie?), imiona m\u0119skie zako\u0144czone na -a \u2026 i w ko\u0144cu ogonki i przecinki. Mieli\u015bmy okazj\u0119 pozna\u0107 do\u015b\u0107 poka\u017any dorobek pisarski autora, dowiedzie\u0107 si\u0119 , co Dariusz Rekosz ma wsp\u00f3lnego z Muzeum Hansa Klossa i z kim (znanym z telewizji, pierwszych stron gazet) spotyka si\u0119 podczas realizacji r\u00f3\u017cnych tw\u00f3rczych pomys\u0142\u00f3w. Wszystkich zainteresowanych zapraszamy na oficjaln\u0105 stron\u0119 pisarza <strong>www.rekosz.pl<\/strong><\/p>\n<p style=\"text-align: justify;\">ZACH\u0118CAMY DO CZYTANIA! Na pewno, niekt\u00f3re z pozycji przedstawionych na spotkaniu znajdziecie w Miejskiej Bibliotece. My mo\u017cemy pochwali\u0107 si\u0119 wsp\u00f3lnymi zdj\u0119ciami, a nawet dedykacj\u0105 autora. Na koniec proponujemy ciekaw\u0105 zagadk\u0119, kt\u00f3r\u0105 zada\u0142 nam pisarz. B\u0105d\u017acie detektywami i drog\u0105 dedukcji znajd\u017acie prawid\u0142ow\u0105 odpowied\u017a. Czy od 20 mo\u017cna odj\u0105\u0107 22 tak, by otrzyma\u0107 wynik 88?<\/p>\n<p style=\"text-align: right;\">Gra\u017cyna Chwieduk<\/p>\n<div class='fotorama--wp' data-ids='3675,3671,3674,3678,3668,3677,3669,3670,3679,3673,3667,3666,3665'data-link='file'data-itemtag='dl'data-icontag='dt'data-captiontag='dd'data-columns='0'data-size='large'data-width='750'data-auto='false'data-max-width='100%'data-ratio='1.5'>\n\t\t<style type=\"text\/css\">\n\t\t\t#gallery-1 {\n\t\t\t\tmargin: auto;\n\t\t\t}\n\t\t\t#gallery-1 .gallery-item {\n\t\t\t\tfloat: left;\n\t\t\t\tmargin-top: 10px;\n\t\t\t\ttext-align: center;\n\t\t\t\twidth: 100%;\n\t\t\t}\n\t\t\t#gallery-1 img {\n\t\t\t\tborder: 2px solid #cfcfcf;\n\t\t\t}\n\t\t\t#gallery-1 .gallery-caption {\n\t\t\t\tmargin-left: 0;\n\t\t\t}\n\t\t\t\/* see gallery_shortcode() in wp-includes\/media.php *\/\n\t\t<\/style>\n\t\t<div id='gallery-1' class='gallery galleryid-3663 gallery-columns-0 gallery-size-thumbnail'><dl class='gallery-item'>\n\t\t\t<dt class='gallery-icon landscape'>\n\t\t\t\t<a href='https:\/\/zskarlino.pl\/wp-content\/uploads\/2014\/11\/IMG_1224-1024x682.jpg' data-full='https:\/\/zskarlino.pl\/wp-content\/uploads\/2014\/11\/IMG_1224-e1416685486205.jpg' rel=\"lightbox[3663]\"><img loading=\"lazy\" decoding=\"async\" width=\"150\" height=\"150\" src=\"https:\/\/zskarlino.pl\/wp-content\/uploads\/2014\/11\/IMG_1224-150x150.jpg\" class=\"attachment-thumbnail size-thumbnail\" alt=\"\" \/><\/a>\n\t\t\t<\/dt><\/dl><dl class='gallery-item'>\n\t\t\t<dt class='gallery-icon landscape'>\n\t\t\t\t<a href='https:\/\/zskarlino.pl\/wp-content\/uploads\/2014\/11\/IMG_1362-1024x682.jpg' data-full='https:\/\/zskarlino.pl\/wp-content\/uploads\/2014\/11\/IMG_1362-e1416685437832.jpg' rel=\"lightbox[3663]\"><img loading=\"lazy\" decoding=\"async\" width=\"150\" height=\"150\" src=\"https:\/\/zskarlino.pl\/wp-content\/uploads\/2014\/11\/IMG_1362-150x150.jpg\" class=\"attachment-thumbnail size-thumbnail\" alt=\"\" \/><\/a>\n\t\t\t<\/dt><\/dl><dl class='gallery-item'>\n\t\t\t<dt class='gallery-icon landscape'>\n\t\t\t\t<a href='https:\/\/zskarlino.pl\/wp-content\/uploads\/2014\/11\/IMG_1217-1024x682.jpg' data-full='https:\/\/zskarlino.pl\/wp-content\/uploads\/2014\/11\/IMG_1217-e1416685472488.jpg' rel=\"lightbox[3663]\"><img loading=\"lazy\" decoding=\"async\" width=\"150\" height=\"150\" src=\"https:\/\/zskarlino.pl\/wp-content\/uploads\/2014\/11\/IMG_1217-150x150.jpg\" class=\"attachment-thumbnail size-thumbnail\" alt=\"\" \/><\/a>\n\t\t\t<\/dt><\/dl><dl class='gallery-item'>\n\t\t\t<dt class='gallery-icon landscape'>\n\t\t\t\t<a href='https:\/\/zskarlino.pl\/wp-content\/uploads\/2014\/11\/IMG_1250-1024x682.jpg' data-full='https:\/\/zskarlino.pl\/wp-content\/uploads\/2014\/11\/IMG_1250-e1416685541719.jpg' rel=\"lightbox[3663]\"><img loading=\"lazy\" decoding=\"async\" width=\"150\" height=\"150\" src=\"https:\/\/zskarlino.pl\/wp-content\/uploads\/2014\/11\/IMG_1250-150x150.jpg\" class=\"attachment-thumbnail size-thumbnail\" alt=\"\" \/><\/a>\n\t\t\t<\/dt><\/dl><dl class='gallery-item'>\n\t\t\t<dt class='gallery-icon landscape'>\n\t\t\t\t<a href='https:\/\/zskarlino.pl\/wp-content\/uploads\/2014\/11\/IMG_1323-1024x682.jpg' data-full='https:\/\/zskarlino.pl\/wp-content\/uploads\/2014\/11\/IMG_1323.jpg' rel=\"lightbox[3663]\"><img loading=\"lazy\" decoding=\"async\" width=\"150\" height=\"150\" src=\"https:\/\/zskarlino.pl\/wp-content\/uploads\/2014\/11\/IMG_1323-150x150.jpg\" class=\"attachment-thumbnail size-thumbnail\" alt=\"\" \/><\/a>\n\t\t\t<\/dt><\/dl><dl class='gallery-item'>\n\t\t\t<dt class='gallery-icon landscape'>\n\t\t\t\t<a href='https:\/\/zskarlino.pl\/wp-content\/uploads\/2014\/11\/IMG_1353-1024x682.jpg' data-full='https:\/\/zskarlino.pl\/wp-content\/uploads\/2014\/11\/IMG_1353-e1416685425548.jpg' rel=\"lightbox[3663]\"><img loading=\"lazy\" decoding=\"async\" width=\"150\" height=\"150\" src=\"https:\/\/zskarlino.pl\/wp-content\/uploads\/2014\/11\/IMG_1353-150x150.jpg\" class=\"attachment-thumbnail size-thumbnail\" alt=\"\" \/><\/a>\n\t\t\t<\/dt><\/dl><dl class='gallery-item'>\n\t\t\t<dt class='gallery-icon landscape'>\n\t\t\t\t<a href='https:\/\/zskarlino.pl\/wp-content\/uploads\/2014\/11\/IMG_1322-1024x682.jpg' data-full='https:\/\/zskarlino.pl\/wp-content\/uploads\/2014\/11\/IMG_1322.jpg' rel=\"lightbox[3663]\"><img loading=\"lazy\" decoding=\"async\" width=\"150\" height=\"150\" src=\"https:\/\/zskarlino.pl\/wp-content\/uploads\/2014\/11\/IMG_1322-150x150.jpg\" class=\"attachment-thumbnail size-thumbnail\" alt=\"\" \/><\/a>\n\t\t\t<\/dt><\/dl><dl class='gallery-item'>\n\t\t\t<dt class='gallery-icon landscape'>\n\t\t\t\t<a href='https:\/\/zskarlino.pl\/wp-content\/uploads\/2014\/11\/IMG_1319-1024x682.jpg' data-full='https:\/\/zskarlino.pl\/wp-content\/uploads\/2014\/11\/IMG_1319.jpg' rel=\"lightbox[3663]\"><img loading=\"lazy\" decoding=\"async\" width=\"150\" height=\"150\" src=\"https:\/\/zskarlino.pl\/wp-content\/uploads\/2014\/11\/IMG_1319-150x150.jpg\" class=\"attachment-thumbnail size-thumbnail\" alt=\"\" \/><\/a>\n\t\t\t<\/dt><\/dl>\n\t\t<\/div>\n<\/div>\n<p style=\"text-align: right;\">\n","protected":false},"excerpt":{"rendered":"<p>Dariusz Rekosz, autor ksi\u0105\u017cek dla dzieci, m\u0142odzie\u017cy i doros\u0142ych, autor s\u0142uchowisk, animator kultury, honorowy ambasador literatury dla\u2026, laureat nagr\u00f3d \u2026, niew\u0105tpliwie sympatyczny, posiadaj\u0105cy dar czarowania s\u0142owem, pisarz. Dzisiaj, 19 listopada, mieli\u015bmy (klasa III a i III b) okazj\u0119 spotka\u0107 si\u0119 z Dariuszem Rekoszem, a spotkanie odby\u0142o si\u0119 w Miejskiej Bibliotece Publicznej i przebiega\u0142o w niezwyk\u0142ej &hellip; <\/p>\n<p><a class=\"more-link btn\" href=\"https:\/\/zskarlino.pl\/?p=3663\">Czytaj dalej<\/a><\/p>\n","protected":false},"author":4,"featured_media":0,"comment_status":"closed","ping_status":"closed","sticky":false,"template":"","format":"standard","meta":{"footnotes":""},"categories":[3],"tags":[],"class_list":["post-3663","post","type-post","status-publish","format-standard","hentry","category-wydarzenia","item-wrap"],"_links":{"self":[{"href":"https:\/\/zskarlino.pl\/index.php?rest_route=\/wp\/v2\/posts\/3663","targetHints":{"allow":["GET"]}}],"collection":[{"href":"https:\/\/zskarlino.pl\/index.php?rest_route=\/wp\/v2\/posts"}],"about":[{"href":"https:\/\/zskarlino.pl\/index.php?rest_route=\/wp\/v2\/types\/post"}],"author":[{"embeddable":true,"href":"https:\/\/zskarlino.pl\/index.php?rest_route=\/wp\/v2\/users\/4"}],"replies":[{"embeddable":true,"href":"https:\/\/zskarlino.pl\/index.php?rest_route=%2Fwp%2Fv2%2Fcomments&post=3663"}],"version-history":[{"count":8,"href":"https:\/\/zskarlino.pl\/index.php?rest_route=\/wp\/v2\/posts\/3663\/revisions"}],"predecessor-version":[{"id":4012,"href":"https:\/\/zskarlino.pl\/index.php?rest_route=\/wp\/v2\/posts\/3663\/revisions\/4012"}],"wp:attachment":[{"href":"https:\/\/zskarlino.pl\/index.php?rest_route=%2Fwp%2Fv2%2Fmedia&parent=3663"}],"wp:term":[{"taxonomy":"category","embeddable":true,"href":"https:\/\/zskarlino.pl\/index.php?rest_route=%2Fwp%2Fv2%2Fcategories&post=3663"},{"taxonomy":"post_tag","embeddable":true,"href":"https:\/\/zskarlino.pl\/index.php?rest_route=%2Fwp%2Fv2%2Ftags&post=3663"}],"curies":[{"name":"wp","href":"https:\/\/api.w.org\/{rel}","templated":true}]}}