{"id":3583,"date":"2014-11-18T21:13:28","date_gmt":"2014-11-18T20:13:28","guid":{"rendered":"http:\/\/zskarlino.pl\/?p=3583"},"modified":"2014-12-01T13:23:59","modified_gmt":"2014-12-01T12:23:59","slug":"kolejny-wieczor-filmowy","status":"publish","type":"post","link":"https:\/\/zskarlino.pl\/?p=3583","title":{"rendered":"Kolejny wiecz\u00f3r filmowy"},"content":{"rendered":"<p style=\"text-align: justify;\"><a href=\"http:\/\/zskarlino.pl\/wp-content\/uploads\/2014\/10\/najlepsze-filmy-e1415480679245.jpg\" rel=\"lightbox[3583]\"><img loading=\"lazy\" decoding=\"async\" class=\" wp-image-3198 alignleft\" src=\"http:\/\/zskarlino.pl\/wp-content\/uploads\/2014\/10\/najlepsze-filmy-300x167.jpg\" alt=\"najlepsze-filmy\" width=\"261\" height=\"145\" \/><\/a><\/p>\n<p style=\"text-indent: 5%; text-align: justify;\"><strong>Dnia 14 listopada<\/strong> ponownie spotkali si\u0119 mi\u0142o\u015bnicy filmu. Grupa kolejny raz zmierzy\u0142a si\u0119 z polsk\u0105 klasyk\u0105. Tym razem opiekunki (G. Chwieduk, B. Kad\u0142ubowska i A. Rusiecka) zaproponowa\u0142y <strong>dzie\u0142o Janusza Nasfetera pt. \u201eAbel, tw\u00f3j brat\u201d<\/strong>. Niew\u0105tpliwie sta\u0142o si\u0119 ono pretekstem do dyskusji, refleksji oraz wzrusze\u0144. Przed projekcj\u0105 uczestnicy pokazu zostali wprowadzeni w problematyk\u0119 filmu.<\/p>\n<p style=\"text-indent: 5%; text-align: justify;\">Re\u017cyser, znany z wnikliwej obserwacji otaczaj\u0105cej go rzeczywisto\u015bci, ukazuje histori\u0119 dwunastolatka, Karola Matulaka (Filip \u0141obodzi\u0144ski), kt\u00f3ry bardzo pragnie odnale\u017a\u0107 si\u0119 w grupie r\u00f3wie\u015bniczej. Bohater jest jedynakiem, u\u0142o\u017conym, zadbanym \u201eopl\u0105tanym\u201d matczyn\u0105 troskliwo\u015bci\u0105 i \u2026 samotnym. Ch\u0142opcu nie wystarczy mi\u0142o\u015b\u0107 i nadmierne oczekiwania matki (Katarzyna \u0141aniewska). Nie wystarczy mit ojca, kt\u00f3rego nie pami\u0119ta. Karol chce znale\u017a\u0107 swoje miejsce w grupie, jednak dokonuje nieszcz\u0119\u015bliwego dla siebie wyboru, poniewa\u017c koledzy z klasy Balon, Zagrajek, B\u0105ca\u0142a i Pacuch (Henryk Go\u0142\u0119biewski, Wojciech Skut, Roman Mosior, Edward Dymek) w niczym nie przypominaj\u0105 wra\u017cliwego dwunastolatka.<\/p>\n<p style=\"text-indent: 5%; text-align: justify;\">\u201eAbel, tw\u00f3j brat\u201d mia\u0142 by\u0107 w intencji Nasfetera filmem o samotno\u015bci i bezbronno\u015bci cz\u0142owieka wobec agresji i z\u0142a. Re\u017cyser porusza tematy ponadczasowe i uniwersalne, miesza realia. Lokuje rozgrywaj\u0105ce si\u0119 wydarzenia w latach trzydziestych XX wieku i umieszcza je na tle osiedli z wielkiej p\u0142yty. Nasfeter nawi\u0105zuje do motyw\u00f3w biblijnych, kt\u00f3rych przeslanie jest jasne i czytelne.<\/p>\n<p style=\"text-indent: 5%; text-align: justify;\">\u201eNikt nie ma prawa krzywdzi\u0107 cz\u0142owieka, nikt. [&#8230;] Ka\u017cdy jest na tej ziemi samotny i bezbronny, wi\u0119c dlaczego krzywdzi?\u201d<\/p>\n<p style=\"text-align: right;\">G. Chwieduk<\/p>\n","protected":false},"excerpt":{"rendered":"<p>Dnia 14 listopada ponownie spotkali si\u0119 mi\u0142o\u015bnicy filmu. Grupa kolejny raz zmierzy\u0142a si\u0119 z polsk\u0105 klasyk\u0105. Tym razem opiekunki (G. Chwieduk, B. Kad\u0142ubowska i A. Rusiecka) zaproponowa\u0142y dzie\u0142o Janusza Nasfetera pt. \u201eAbel, tw\u00f3j brat\u201d. Niew\u0105tpliwie sta\u0142o si\u0119 ono pretekstem do dyskusji, refleksji oraz wzrusze\u0144. Przed projekcj\u0105 uczestnicy pokazu zostali wprowadzeni w problematyk\u0119 filmu. Re\u017cyser, znany &hellip; <\/p>\n<p><a class=\"more-link btn\" href=\"https:\/\/zskarlino.pl\/?p=3583\">Czytaj dalej<\/a><\/p>\n","protected":false},"author":4,"featured_media":0,"comment_status":"closed","ping_status":"closed","sticky":false,"template":"","format":"standard","meta":{"footnotes":""},"categories":[3],"tags":[],"class_list":["post-3583","post","type-post","status-publish","format-standard","hentry","category-wydarzenia","item-wrap"],"_links":{"self":[{"href":"https:\/\/zskarlino.pl\/index.php?rest_route=\/wp\/v2\/posts\/3583","targetHints":{"allow":["GET"]}}],"collection":[{"href":"https:\/\/zskarlino.pl\/index.php?rest_route=\/wp\/v2\/posts"}],"about":[{"href":"https:\/\/zskarlino.pl\/index.php?rest_route=\/wp\/v2\/types\/post"}],"author":[{"embeddable":true,"href":"https:\/\/zskarlino.pl\/index.php?rest_route=\/wp\/v2\/users\/4"}],"replies":[{"embeddable":true,"href":"https:\/\/zskarlino.pl\/index.php?rest_route=%2Fwp%2Fv2%2Fcomments&post=3583"}],"version-history":[{"count":8,"href":"https:\/\/zskarlino.pl\/index.php?rest_route=\/wp\/v2\/posts\/3583\/revisions"}],"predecessor-version":[{"id":3965,"href":"https:\/\/zskarlino.pl\/index.php?rest_route=\/wp\/v2\/posts\/3583\/revisions\/3965"}],"wp:attachment":[{"href":"https:\/\/zskarlino.pl\/index.php?rest_route=%2Fwp%2Fv2%2Fmedia&parent=3583"}],"wp:term":[{"taxonomy":"category","embeddable":true,"href":"https:\/\/zskarlino.pl\/index.php?rest_route=%2Fwp%2Fv2%2Fcategories&post=3583"},{"taxonomy":"post_tag","embeddable":true,"href":"https:\/\/zskarlino.pl\/index.php?rest_route=%2Fwp%2Fv2%2Ftags&post=3583"}],"curies":[{"name":"wp","href":"https:\/\/api.w.org\/{rel}","templated":true}]}}