{"id":3561,"date":"2014-11-17T21:24:24","date_gmt":"2014-11-17T20:24:24","guid":{"rendered":"http:\/\/zskarlino.pl\/?p=3561"},"modified":"2014-12-03T21:00:31","modified_gmt":"2014-12-03T20:00:31","slug":"gimnazjalisci-czytaja-dzieciom","status":"publish","type":"post","link":"https:\/\/zskarlino.pl\/?p=3561","title":{"rendered":"Gimnazjali\u015bci czytaj\u0105 dzieciom"},"content":{"rendered":"<p style=\"text-indent: 5%; text-align: justify;\">Gimnazjali\u015bci z naszej Szko\u0142y zorganizowali akcj\u0119 czytania bajek przedszkolakom oraz uczniom m\u0142odszych klas szko\u0142y podstawowej. Pierwsze spotkanie z dzie\u0107mi odby\u0142o si\u0119 <strong>14 listopada<\/strong> w Przedszkolu Miejskim im. Kubusia Puchatka w Karlinie. Pi\u0105tka naszych uczni\u00f3w przygotowa\u0142a ciekawe znane bajki min.: Trzy \u015awinki, Z\u0142otow\u0142osa i odczytali je przedszkolakom. Do ka\u017cdego czytanego tekstu przygotowali pytania oraz pokazywali ilustracje. Lektura w maluchach wzbudzi\u0142a du\u017co emocji i zainteresowania. Dzieci z olbrzymim zaanga\u017cowaniem \u015bledzi\u0142y losy bajkowych postaci i ogl\u0105da\u0142y ilustracje w ksi\u0105\u017cce. W ramach wdzi\u0119czno\u015bci przedszkolaki wr\u0119czy\u0142y swoim starszym kolegom podzi\u0119kowania w postaci dyplom\u00f3w. Uczniom bardzo spodoba\u0142a si\u0119 praca i zabawa z ma\u0142ymi dzie\u0107mi. Kontakt z m\u0142odszymi mo\u017ce ich wiele nauczy\u0107: rozwija odpowiedzialno\u015b\u0107 i cierpliwo\u015b\u0107, pomaga pokona\u0107 nie\u015bmia\u0142o\u015b\u0107, pozwala zdoby\u0107 do\u015bwiadczenie w pracy na rzecz innych. Przynosi du\u017co rado\u015bci, a jednocze\u015bnie kszta\u0142tuje nawyk czytania ksi\u0105\u017cek i promuje czytelnictwo, co dzisiaj szczeg\u00f3lnie cenne. Wychodz\u0105c z przedszkola, skomentowali, \u017ce by\u0142o fajnie, ciekawie i po\u017cytecznie. I ju\u017c szykuj\u0105 kolejne wiersze, bajki. Samorz\u0105d Uczniowski planuje tak akcj\u0119 czytania przeprowadza\u0107 w ka\u017cdym miesi\u0105cu przynajmniej jeden raz<\/p>\n<div class='fotorama--wp' data-ids='3564,3550,3552,3559,3558,3548'data-link='file'data-itemtag='dl'data-icontag='dt'data-captiontag='dd'data-columns='0'data-size='large'data-width='750'data-auto='false'data-max-width='100%'data-ratio='1.3321492007105'>\n\t\t<style type=\"text\/css\">\n\t\t\t#gallery-1 {\n\t\t\t\tmargin: auto;\n\t\t\t}\n\t\t\t#gallery-1 .gallery-item {\n\t\t\t\tfloat: left;\n\t\t\t\tmargin-top: 10px;\n\t\t\t\ttext-align: center;\n\t\t\t\twidth: 100%;\n\t\t\t}\n\t\t\t#gallery-1 img {\n\t\t\t\tborder: 2px solid #cfcfcf;\n\t\t\t}\n\t\t\t#gallery-1 .gallery-caption {\n\t\t\t\tmargin-left: 0;\n\t\t\t}\n\t\t\t\/* see gallery_shortcode() in wp-includes\/media.php *\/\n\t\t<\/style>\n\t\t<div id='gallery-1' class='gallery galleryid-3561 gallery-columns-0 gallery-size-thumbnail'><dl class='gallery-item'>\n\t\t\t<dt class='gallery-icon landscape'>\n\t\t\t\t<a href='https:\/\/zskarlino.pl\/wp-content\/uploads\/2014\/11\/SSL20141-1024x768.jpg' data-full='https:\/\/zskarlino.pl\/wp-content\/uploads\/2014\/11\/SSL20141-e1416333953452.jpg' rel=\"lightbox[3561]\"><img loading=\"lazy\" decoding=\"async\" width=\"150\" height=\"150\" src=\"https:\/\/zskarlino.pl\/wp-content\/uploads\/2014\/11\/SSL20141-150x150.jpg\" class=\"attachment-thumbnail size-thumbnail\" alt=\"\" \/><\/a>\n\t\t\t<\/dt><\/dl><dl class='gallery-item'>\n\t\t\t<dt class='gallery-icon landscape'>\n\t\t\t\t<a href='https:\/\/zskarlino.pl\/wp-content\/uploads\/2014\/11\/SSL20137-1024x768.jpg' data-full='https:\/\/zskarlino.pl\/wp-content\/uploads\/2014\/11\/SSL20137-e1416333973397.jpg' rel=\"lightbox[3561]\"><img loading=\"lazy\" decoding=\"async\" width=\"150\" height=\"150\" src=\"https:\/\/zskarlino.pl\/wp-content\/uploads\/2014\/11\/SSL20137-150x150.jpg\" class=\"attachment-thumbnail size-thumbnail\" alt=\"\" \/><\/a>\n\t\t\t<\/dt><\/dl><dl class='gallery-item'>\n\t\t\t<dt class='gallery-icon landscape'>\n\t\t\t\t<a href='https:\/\/zskarlino.pl\/wp-content\/uploads\/2014\/11\/SSL20145-1024x768.jpg' data-full='https:\/\/zskarlino.pl\/wp-content\/uploads\/2014\/11\/SSL20145-e1416333984204.jpg' rel=\"lightbox[3561]\"><img loading=\"lazy\" decoding=\"async\" width=\"150\" height=\"150\" src=\"https:\/\/zskarlino.pl\/wp-content\/uploads\/2014\/11\/SSL20145-150x150.jpg\" class=\"attachment-thumbnail size-thumbnail\" alt=\"\" \/><\/a>\n\t\t\t<\/dt><\/dl>\n\t\t<\/div>\n<\/div>\n","protected":false},"excerpt":{"rendered":"<p>Gimnazjali\u015bci z naszej Szko\u0142y zorganizowali akcj\u0119 czytania bajek przedszkolakom oraz uczniom m\u0142odszych klas szko\u0142y podstawowej. Pierwsze spotkanie z dzie\u0107mi odby\u0142o si\u0119 14 listopada w Przedszkolu Miejskim im. Kubusia Puchatka w Karlinie. Pi\u0105tka naszych uczni\u00f3w przygotowa\u0142a ciekawe znane bajki min.: Trzy \u015awinki, Z\u0142otow\u0142osa i odczytali je przedszkolakom. Do ka\u017cdego czytanego tekstu przygotowali pytania oraz pokazywali ilustracje. &hellip; <\/p>\n<p><a class=\"more-link btn\" href=\"https:\/\/zskarlino.pl\/?p=3561\">Czytaj dalej<\/a><\/p>\n","protected":false},"author":4,"featured_media":0,"comment_status":"closed","ping_status":"closed","sticky":false,"template":"","format":"standard","meta":{"footnotes":""},"categories":[3],"tags":[],"class_list":["post-3561","post","type-post","status-publish","format-standard","hentry","category-wydarzenia","item-wrap"],"_links":{"self":[{"href":"https:\/\/zskarlino.pl\/index.php?rest_route=\/wp\/v2\/posts\/3561","targetHints":{"allow":["GET"]}}],"collection":[{"href":"https:\/\/zskarlino.pl\/index.php?rest_route=\/wp\/v2\/posts"}],"about":[{"href":"https:\/\/zskarlino.pl\/index.php?rest_route=\/wp\/v2\/types\/post"}],"author":[{"embeddable":true,"href":"https:\/\/zskarlino.pl\/index.php?rest_route=\/wp\/v2\/users\/4"}],"replies":[{"embeddable":true,"href":"https:\/\/zskarlino.pl\/index.php?rest_route=%2Fwp%2Fv2%2Fcomments&post=3561"}],"version-history":[{"count":10,"href":"https:\/\/zskarlino.pl\/index.php?rest_route=\/wp\/v2\/posts\/3561\/revisions"}],"predecessor-version":[{"id":4013,"href":"https:\/\/zskarlino.pl\/index.php?rest_route=\/wp\/v2\/posts\/3561\/revisions\/4013"}],"wp:attachment":[{"href":"https:\/\/zskarlino.pl\/index.php?rest_route=%2Fwp%2Fv2%2Fmedia&parent=3561"}],"wp:term":[{"taxonomy":"category","embeddable":true,"href":"https:\/\/zskarlino.pl\/index.php?rest_route=%2Fwp%2Fv2%2Fcategories&post=3561"},{"taxonomy":"post_tag","embeddable":true,"href":"https:\/\/zskarlino.pl\/index.php?rest_route=%2Fwp%2Fv2%2Ftags&post=3561"}],"curies":[{"name":"wp","href":"https:\/\/api.w.org\/{rel}","templated":true}]}}