{"id":3503,"date":"2014-11-09T00:05:40","date_gmt":"2014-11-08T23:05:40","guid":{"rendered":"http:\/\/zskarlino.pl\/?p=3503"},"modified":"2015-01-31T14:16:09","modified_gmt":"2015-01-31T13:16:09","slug":"kolo-milosnikow-historii-w-bialogardzie","status":"publish","type":"post","link":"https:\/\/zskarlino.pl\/?p=3503","title":{"rendered":"Ko\u0142o mi\u0142o\u015bnik\u00f3w historii w Bia\u0142ogardzie"},"content":{"rendered":"<p style=\"text-align: justify;\">W pi\u0105tek 7 listopada grupa siedmiu uczni\u00f3w klasy II D naszego Gimnazjum wraz z opiekunem uda\u0142a si\u0119 do Bia\u0142ogardu w celu realizacji projektu. Zadanie polega\u0142o na dokonaniu pomiar\u00f3w i opisaniu mur\u00f3w miejskich jak r\u00f3wnie\u017c na zapoznaniu si\u0119 z pozosta\u0142ymi zabytkami miasta. Uczniowie dokonali pomiaru istniej\u0105cych fragment\u00f3w oraz zmierzyli d\u0142ugo\u015b\u0107 ca\u0142kowit\u0105 mur\u00f3w wed\u0142ug starych plan\u00f3w miasta. Pomiary zako\u0144czy\u0142y si\u0119 nast\u0119puj\u0105cymi wynikami:<\/p>\n<ol style=\"text-align: justify;\">\n<li>Wysoko\u015b\u0107 mur\u00f3w wynosi od 7 do 8 metr\u00f3w.<\/li>\n<li>Ca\u0142kowita d\u0142ugo\u015b\u0107 mur\u00f3w, kt\u00f3re w przesz\u0142o\u015bci otacza\u0142y centrum miasta to oko\u0142o 900 m. Do dzisiaj zachowa\u0142o si\u0119 niespe\u0142na 200 m. mur\u00f3w oraz jedna brama wjazdowa.<\/li>\n<li>Grubo\u015b\u0107 mur\u00f3w wynosi od 70 cm. do ponad 1 metra.<\/li>\n<li>Mury zbudowane s\u0105 z kamienia (u podstawy) oraz ceg\u0142y gotyckiej.<\/li>\n<li>Historia tej konstrukcji si\u0119ga XIV\/XV wieku.<\/li>\n<\/ol>\n<p style=\"text-align: justify;\">Przy okazji wizyty w Bia\u0142ogardzie uczniowie wys\u0142uchali informacji o historii miasta od czas\u00f3w wczesnego \u015bredniowiecza do wsp\u00f3\u0142czesno\u015bci. Najwi\u0119ksze zaskoczenie wywo\u0142a\u0142a informacja o przyczynie zniszczenia cz\u0119\u015bci mur\u00f3w. W po\u0142owie XIX w. w Bia\u0142ogardzie wybuch\u0142a epidemia cholery, kt\u00f3ra spowodowa\u0142a \u015bmier\u0107 wielu os\u00f3b. Mieszka\u0144cy, poszukuj\u0105c wyt\u0142umaczenia tej tragedii, uznali, \u017ce winny jest brak przewiewu i \u015bwie\u017cego powietrza spowodowany otaczaj\u0105cymi miasto murami. Rozpocz\u0119to wi\u0119c ich niszczenie, co mia\u0142o pom\u00f3c w zako\u0144czeniu epidemii. Na szcz\u0119\u015bcie w\u0142adze miasta powstrzyma\u0142y ten proceder, dzi\u0119ki czemu ocala\u0142a cz\u0119\u015b\u0107 mur\u00f3w. Uczniowie odwiedzili r\u00f3wnie\u017c Ko\u015bci\u00f3\u0142 NMP, Bram\u0119 Po\u0142czy\u0144sk\u0105 oraz Muzeum w Bia\u0142ogardzie. W Muzeum wys\u0142uchali informacji kustosza o przesz\u0142o\u015bci miasta oraz najciekawszych eksponatach (mapa i ryciny starego Bia\u0142ogardu, urna na prochy). Odwiedzili r\u00f3wnie\u017c sal\u0119 z orderami i odznaczeniami, kt\u00f3rej patronuje by\u0142y Prezydent RP \u2013 mieszkaniec Bia\u0142ogardu \u2013 Aleksander Kwa\u015bniewski. Uczniowie bior\u0105cy udzia\u0142 w projekcie zostali zobowi\u0105zani do przygotowania i przedstawienia swoim kole\u017cankom i kolegom informacji na temat wyjazdu w formie prezentacji multimedialnej. Kolejne zadanie dla mi\u0142o\u015bnik\u00f3w historii zaplanowane jest na grudzie\u0144 i b\u0119dzie zwi\u0105zane z proradzieckimi bunkrami atomowymi w Podborsku.<\/p>\n<p style=\"text-align: right;\">\u00a0Daniel Wach<\/p>\n<div class='fotorama--wp' data-ids='3504,3505,3506,3507,3508,3509,3510,3511,3512,3513,3514'data-link='file'data-itemtag='dl'data-icontag='dt'data-captiontag='dd'data-columns='0'data-size='large'data-width='500'data-auto='false'data-max-width='100%'data-ratio='1.3333333333333'>\n\t\t<style type=\"text\/css\">\n\t\t\t#gallery-1 {\n\t\t\t\tmargin: auto;\n\t\t\t}\n\t\t\t#gallery-1 .gallery-item {\n\t\t\t\tfloat: left;\n\t\t\t\tmargin-top: 10px;\n\t\t\t\ttext-align: center;\n\t\t\t\twidth: 100%;\n\t\t\t}\n\t\t\t#gallery-1 img {\n\t\t\t\tborder: 2px solid #cfcfcf;\n\t\t\t}\n\t\t\t#gallery-1 .gallery-caption {\n\t\t\t\tmargin-left: 0;\n\t\t\t}\n\t\t\t\/* see gallery_shortcode() in wp-includes\/media.php *\/\n\t\t<\/style>\n\t\t<div id='gallery-1' class='gallery galleryid-3503 gallery-columns-0 gallery-size-thumbnail'><dl class='gallery-item'>\n\t\t\t<dt class='gallery-icon landscape'>\n\t\t\t\t<a href='https:\/\/zskarlino.pl\/wp-content\/uploads\/2014\/11\/10-20141107_111546-e1416240609224.jpg' data-full='https:\/\/zskarlino.pl\/wp-content\/uploads\/2014\/11\/10-20141107_111546-e1416240609224.jpg' rel=\"lightbox[3503]\"><img loading=\"lazy\" decoding=\"async\" width=\"150\" height=\"150\" src=\"https:\/\/zskarlino.pl\/wp-content\/uploads\/2014\/11\/10-20141107_111546-150x150.jpg\" class=\"attachment-thumbnail size-thumbnail\" alt=\"\" \/><\/a>\n\t\t\t<\/dt><\/dl><dl class='gallery-item'>\n\t\t\t<dt class='gallery-icon portrait'>\n\t\t\t\t<a href='https:\/\/zskarlino.pl\/wp-content\/uploads\/2014\/11\/01-20141107_103056-e1416240629888.jpg' data-full='https:\/\/zskarlino.pl\/wp-content\/uploads\/2014\/11\/01-20141107_103056-e1416240629888.jpg' rel=\"lightbox[3503]\"><img loading=\"lazy\" decoding=\"async\" width=\"150\" height=\"150\" src=\"https:\/\/zskarlino.pl\/wp-content\/uploads\/2014\/11\/01-20141107_103056-150x150.jpg\" class=\"attachment-thumbnail size-thumbnail\" alt=\"\" \/><\/a>\n\t\t\t<\/dt><\/dl><dl class='gallery-item'>\n\t\t\t<dt class='gallery-icon portrait'>\n\t\t\t\t<a href='https:\/\/zskarlino.pl\/wp-content\/uploads\/2014\/11\/05-20141107_110113-e1416240664103.jpg' data-full='https:\/\/zskarlino.pl\/wp-content\/uploads\/2014\/11\/05-20141107_110113-e1416240664103.jpg' rel=\"lightbox[3503]\"><img loading=\"lazy\" decoding=\"async\" width=\"150\" height=\"150\" src=\"https:\/\/zskarlino.pl\/wp-content\/uploads\/2014\/11\/05-20141107_110113-150x150.jpg\" class=\"attachment-thumbnail size-thumbnail\" alt=\"\" \/><\/a>\n\t\t\t<\/dt><\/dl><dl class='gallery-item'>\n\t\t\t<dt class='gallery-icon portrait'>\n\t\t\t\t<a href='https:\/\/zskarlino.pl\/wp-content\/uploads\/2014\/11\/06-20141107_110124.jpg' data-full='https:\/\/zskarlino.pl\/wp-content\/uploads\/2014\/11\/06-20141107_110124.jpg' rel=\"lightbox[3503]\"><img loading=\"lazy\" decoding=\"async\" width=\"150\" height=\"150\" src=\"https:\/\/zskarlino.pl\/wp-content\/uploads\/2014\/11\/06-20141107_110124-150x150.jpg\" class=\"attachment-thumbnail size-thumbnail\" alt=\"\" \/><\/a>\n\t\t\t<\/dt><\/dl>\n\t\t<\/div>\n<\/div>\n<p style=\"text-align: right;\"><em>\u00a0<\/em><\/p>\n","protected":false},"excerpt":{"rendered":"<p>W pi\u0105tek 7 listopada grupa siedmiu uczni\u00f3w klasy II D naszego Gimnazjum wraz z opiekunem uda\u0142a si\u0119 do Bia\u0142ogardu w celu realizacji projektu. Zadanie polega\u0142o na dokonaniu pomiar\u00f3w i opisaniu mur\u00f3w miejskich jak r\u00f3wnie\u017c na zapoznaniu si\u0119 z pozosta\u0142ymi zabytkami miasta. Uczniowie dokonali pomiaru istniej\u0105cych fragment\u00f3w oraz zmierzyli d\u0142ugo\u015b\u0107 ca\u0142kowit\u0105 mur\u00f3w wed\u0142ug starych plan\u00f3w miasta. &hellip; <\/p>\n<p><a class=\"more-link btn\" href=\"https:\/\/zskarlino.pl\/?p=3503\">Czytaj dalej<\/a><\/p>\n","protected":false},"author":6,"featured_media":0,"comment_status":"closed","ping_status":"closed","sticky":false,"template":"","format":"standard","meta":{"footnotes":""},"categories":[3],"tags":[],"class_list":["post-3503","post","type-post","status-publish","format-standard","hentry","category-wydarzenia","item-wrap"],"_links":{"self":[{"href":"https:\/\/zskarlino.pl\/index.php?rest_route=\/wp\/v2\/posts\/3503","targetHints":{"allow":["GET"]}}],"collection":[{"href":"https:\/\/zskarlino.pl\/index.php?rest_route=\/wp\/v2\/posts"}],"about":[{"href":"https:\/\/zskarlino.pl\/index.php?rest_route=\/wp\/v2\/types\/post"}],"author":[{"embeddable":true,"href":"https:\/\/zskarlino.pl\/index.php?rest_route=\/wp\/v2\/users\/6"}],"replies":[{"embeddable":true,"href":"https:\/\/zskarlino.pl\/index.php?rest_route=%2Fwp%2Fv2%2Fcomments&post=3503"}],"version-history":[{"count":5,"href":"https:\/\/zskarlino.pl\/index.php?rest_route=\/wp\/v2\/posts\/3503\/revisions"}],"predecessor-version":[{"id":4047,"href":"https:\/\/zskarlino.pl\/index.php?rest_route=\/wp\/v2\/posts\/3503\/revisions\/4047"}],"wp:attachment":[{"href":"https:\/\/zskarlino.pl\/index.php?rest_route=%2Fwp%2Fv2%2Fmedia&parent=3503"}],"wp:term":[{"taxonomy":"category","embeddable":true,"href":"https:\/\/zskarlino.pl\/index.php?rest_route=%2Fwp%2Fv2%2Fcategories&post=3503"},{"taxonomy":"post_tag","embeddable":true,"href":"https:\/\/zskarlino.pl\/index.php?rest_route=%2Fwp%2Fv2%2Ftags&post=3503"}],"curies":[{"name":"wp","href":"https:\/\/api.w.org\/{rel}","templated":true}]}}