{"id":3427,"date":"2014-11-08T21:59:22","date_gmt":"2014-11-08T20:59:22","guid":{"rendered":"http:\/\/zskarlino.pl\/?p=3427"},"modified":"2014-11-17T17:13:03","modified_gmt":"2014-11-17T16:13:03","slug":"zawody-strzeleckie-w-zwinislawiu","status":"publish","type":"post","link":"https:\/\/zskarlino.pl\/?p=3427","title":{"rendered":"Zawody strzeleckie w Zwinis\u0142awiu"},"content":{"rendered":"<p>8 listopada 2014 r. uczniowie Zespo\u0142u Szk\u00f3\u0142 w Karlinie wzi\u0119li udzia\u0142 w Indywidualnym Turnieju Strzeleckim o Nagrod\u0119 Burmistrza Karlina z okazji Odzyskania Niepodleg\u0142o\u015bci.<\/p>\n<p>W turnieju wzi\u0119\u0142a udzia\u0142 grupa licz\u0105ca 23 osoby, ca\u0142o\u015b\u0107 rozegra\u0142a si\u0119 w przepi\u0119knej pogodzie.<\/p>\n<p>Uczniowie i nauczyciele Zespo\u0142u szk\u00f3\u0142 zaj\u0119li punktowane miejsca:<\/p>\n<ul>\n<li>II w kat. m\u0142odzie\u017cy &#8211; Jakub Matczak (43 p.\/50)<\/li>\n<li>III w kat. m\u0142odzie\u017c &#8211; Jakub\u00a0Denis (42 p.\/50)<\/li>\n<li>I w kat. kobiet &#8211; Marzena Czarnas (44 p..\/50)<\/li>\n<\/ul>\n<p>Po wi\u0119cej zdj\u0119\u0107 zapraszamy na nasz\u0105 stron\u0119 na <a href=\"https:\/\/www.facebook.com\/gimkar\" target=\"_blank\" rel=\"noopener\">Facebooku<\/a>.<\/p>\n<div class='fotorama--wp' data-ids='3435,3434,3433,3432,3431,3430,3429,3428'data-link='file'data-itemtag='dl'data-icontag='dt'data-captiontag='dd'data-columns='0'data-size='large'data-width='200'data-auto='false'data-max-width='100%'data-ratio='1.3333333333333'>\n\t\t<style type=\"text\/css\">\n\t\t\t#gallery-1 {\n\t\t\t\tmargin: auto;\n\t\t\t}\n\t\t\t#gallery-1 .gallery-item {\n\t\t\t\tfloat: left;\n\t\t\t\tmargin-top: 10px;\n\t\t\t\ttext-align: center;\n\t\t\t\twidth: 100%;\n\t\t\t}\n\t\t\t#gallery-1 img {\n\t\t\t\tborder: 2px solid #cfcfcf;\n\t\t\t}\n\t\t\t#gallery-1 .gallery-caption {\n\t\t\t\tmargin-left: 0;\n\t\t\t}\n\t\t\t\/* see gallery_shortcode() in wp-includes\/media.php *\/\n\t\t<\/style>\n\t\t<div id='gallery-1' class='gallery galleryid-3427 gallery-columns-0 gallery-size-thumbnail'><dl class='gallery-item'>\n\t\t\t<dt class='gallery-icon landscape'>\n\t\t\t\t<a href=\"https:\/\/zskarlino.pl\/wp-content\/uploads\/2014\/11\/09-DSC08596-e1415801018827.jpg\" data-full=\"https:\/\/zskarlino.pl\/wp-content\/uploads\/2014\/11\/09-DSC08596-e1415801018827.jpg\" rel=\"lightbox[3427]\"><img loading=\"lazy\" decoding=\"async\" width=\"150\" height=\"150\" src=\"https:\/\/zskarlino.pl\/wp-content\/uploads\/2014\/11\/09-DSC08596-150x150.jpg\" class=\"attachment-thumbnail size-thumbnail\" alt=\"\" \/><\/a>\n\t\t\t<\/dt><\/dl><dl class='gallery-item'>\n\t\t\t<dt class='gallery-icon landscape'>\n\t\t\t\t<a href=\"https:\/\/zskarlino.pl\/wp-content\/uploads\/2014\/11\/01-DSC08582-e1415801067791.jpg\" data-full=\"https:\/\/zskarlino.pl\/wp-content\/uploads\/2014\/11\/01-DSC08582-e1415801067791.jpg\" rel=\"lightbox[3427]\"><img loading=\"lazy\" decoding=\"async\" width=\"150\" height=\"150\" src=\"https:\/\/zskarlino.pl\/wp-content\/uploads\/2014\/11\/01-DSC08582-150x150.jpg\" class=\"attachment-thumbnail size-thumbnail\" alt=\"\" \/><\/a>\n\t\t\t<\/dt><\/dl><dl class='gallery-item'>\n\t\t\t<dt class='gallery-icon landscape'>\n\t\t\t\t<a href=\"https:\/\/zskarlino.pl\/wp-content\/uploads\/2014\/11\/31-PB080002-e1415801091389.jpg\" data-full=\"https:\/\/zskarlino.pl\/wp-content\/uploads\/2014\/11\/31-PB080002-e1415801091389.jpg\" rel=\"lightbox[3427]\"><img loading=\"lazy\" decoding=\"async\" width=\"150\" height=\"150\" src=\"https:\/\/zskarlino.pl\/wp-content\/uploads\/2014\/11\/31-PB080002-150x150.jpg\" class=\"attachment-thumbnail size-thumbnail\" alt=\"\" \/><\/a>\n\t\t\t<\/dt><\/dl>\n\t\t<\/div>\n<\/div>\n","protected":false},"excerpt":{"rendered":"<p>8 listopada 2014 r. uczniowie Zespo\u0142u Szk\u00f3\u0142 w Karlinie wzi\u0119li udzia\u0142 w Indywidualnym Turnieju Strzeleckim o Nagrod\u0119 Burmistrza Karlina z okazji Odzyskania Niepodleg\u0142o\u015bci. W turnieju wzi\u0119\u0142a udzia\u0142 grupa licz\u0105ca 23 osoby, ca\u0142o\u015b\u0107 rozegra\u0142a si\u0119 w przepi\u0119knej pogodzie. Uczniowie i nauczyciele Zespo\u0142u szk\u00f3\u0142 zaj\u0119li punktowane miejsca: II w kat. m\u0142odzie\u017cy &#8211; Jakub Matczak (43 p.\/50) III &hellip; <\/p>\n<p><a class=\"more-link btn\" href=\"https:\/\/zskarlino.pl\/?p=3427\">Czytaj dalej<\/a><\/p>\n","protected":false},"author":6,"featured_media":0,"comment_status":"closed","ping_status":"closed","sticky":false,"template":"","format":"standard","meta":{"footnotes":""},"categories":[3],"tags":[],"class_list":["post-3427","post","type-post","status-publish","format-standard","hentry","category-wydarzenia","item-wrap"],"_links":{"self":[{"href":"https:\/\/zskarlino.pl\/index.php?rest_route=\/wp\/v2\/posts\/3427","targetHints":{"allow":["GET"]}}],"collection":[{"href":"https:\/\/zskarlino.pl\/index.php?rest_route=\/wp\/v2\/posts"}],"about":[{"href":"https:\/\/zskarlino.pl\/index.php?rest_route=\/wp\/v2\/types\/post"}],"author":[{"embeddable":true,"href":"https:\/\/zskarlino.pl\/index.php?rest_route=\/wp\/v2\/users\/6"}],"replies":[{"embeddable":true,"href":"https:\/\/zskarlino.pl\/index.php?rest_route=%2Fwp%2Fv2%2Fcomments&post=3427"}],"version-history":[{"count":2,"href":"https:\/\/zskarlino.pl\/index.php?rest_route=\/wp\/v2\/posts\/3427\/revisions"}],"predecessor-version":[{"id":3523,"href":"https:\/\/zskarlino.pl\/index.php?rest_route=\/wp\/v2\/posts\/3427\/revisions\/3523"}],"wp:attachment":[{"href":"https:\/\/zskarlino.pl\/index.php?rest_route=%2Fwp%2Fv2%2Fmedia&parent=3427"}],"wp:term":[{"taxonomy":"category","embeddable":true,"href":"https:\/\/zskarlino.pl\/index.php?rest_route=%2Fwp%2Fv2%2Fcategories&post=3427"},{"taxonomy":"post_tag","embeddable":true,"href":"https:\/\/zskarlino.pl\/index.php?rest_route=%2Fwp%2Fv2%2Ftags&post=3427"}],"curies":[{"name":"wp","href":"https:\/\/api.w.org\/{rel}","templated":true}]}}