{"id":3069,"date":"2014-10-23T23:06:09","date_gmt":"2014-10-23T21:06:09","guid":{"rendered":"http:\/\/zskarlino.pl\/?p=3069"},"modified":"2014-10-23T23:29:48","modified_gmt":"2014-10-23T21:29:48","slug":"lekcja-historii-i-tolerancji","status":"publish","type":"post","link":"https:\/\/zskarlino.pl\/?p=3069","title":{"rendered":"Lekcja historii i tolerancji"},"content":{"rendered":"<p><a href=\"http:\/\/zskarlino.pl\/wp-content\/uploads\/2014\/10\/opowiesc-o-zydach1.jpg\" rel=\"lightbox[3069]\"><img loading=\"lazy\" decoding=\"async\" class=\"alignleft size-medium wp-image-3070\" src=\"http:\/\/zskarlino.pl\/wp-content\/uploads\/2014\/10\/opowiesc-o-zydach1-300x199.jpg\" alt=\"opowiesc o zydach1\" width=\"300\" height=\"199\" \/><\/a>W czwartek 23 pa\u017adziernika odby\u0142y si\u0119 zaj\u0119cia dotycz\u0105ce historii i tradycji polskich \u017byd\u00f3w. Projekt zosta\u0142 zrealizowany w zwi\u0105zku z uruchomieniem w Warszawie Muzeum \u017byd\u00f3w Polskich <strong>\u201ePOLIN\u201d.<\/strong> Na zaproszenie muzeum uczniowie mogli za po\u015brednictwem \u0142\u0105czy internetowych ogl\u0105da\u0107 lekcje prowadzone w nowo otwartym obiekcie.<br \/>\nO godzinie 9.00 rozpocz\u0119\u0142a si\u0119 lekcja dla klas I gimnazjum. Tematyka zaj\u0119\u0107 by\u0142a skoncentrowana wok\u00f3\u0142 historii, tradycji i obyczaj\u00f3w ludno\u015bci \u017cydowskiej na ziemiach polskich. Przewodnikami w czasie wirtualnego spaceru po salach muzeum\u00a0 byli dwaj uczniowie jednego z warszawskich gimnazj\u00f3w.<br \/>\nO godzinie 11.30 rozpocz\u0119\u0142y si\u0119 zaj\u0119cia dla uczni\u00f3w liceum i szko\u0142y zawodowej. Tym razem tematyka dotyczy\u0142a historii najnowszej \u2013 przemian spo\u0142ecznych w XIX w., holokaustu oraz relacji polsko-\u017cydowskich po II wojnie \u015bwiatowej. Zaj\u0119cia prowadzi\u0142y znane osobowo\u015bci medialne \u2013 Maria Seweryn i Maciej Or\u0142o\u015b.<br \/>\nW obu przypadkach uczniowie z zainteresowaniem i uwag\u0105 obejrzeli przygotowane lekcje. Poza tre\u015bciami merytorycznymi dotycz\u0105cymi historii i tradycji \u017byd\u00f3w, niezwykle wa\u017cne by\u0142o og\u00f3lne przes\u0142anie tych zaj\u0119\u0107, kt\u00f3re mia\u0142o wzmocni\u0107 poczucie tolerancji i szacunku dla odmienno\u015bci. Przy okazji wszyscy mogli podziwia\u0107 nowoczesny, multimedialny i niezwykle ciekawy spos\u00f3b prezentacji zbior\u00f3w muzealnych. Dzi\u0119ki mo\u017cliwo\u015bciom wsp\u00f3\u0142czesnej techniki wiele materia\u0142\u00f3w b\u0119d\u0105cych w zbiorach muzeum b\u0119dzie mo\u017cna wykorzysta\u0107 na zaj\u0119ciach lekcyjnych.<\/p>\n<div class='fotorama--wp' data-ids='3075,3074,3073,3072,3071'data-link='file'data-itemtag='dl'data-icontag='dt'data-captiontag='dd'data-columns='0'data-size='large'data-width='750'data-auto='false'data-max-width='100%'data-ratio='1.3321492007105'>\n\t\t<style type=\"text\/css\">\n\t\t\t#gallery-1 {\n\t\t\t\tmargin: auto;\n\t\t\t}\n\t\t\t#gallery-1 .gallery-item {\n\t\t\t\tfloat: left;\n\t\t\t\tmargin-top: 10px;\n\t\t\t\ttext-align: center;\n\t\t\t\twidth: 100%;\n\t\t\t}\n\t\t\t#gallery-1 img {\n\t\t\t\tborder: 2px solid #cfcfcf;\n\t\t\t}\n\t\t\t#gallery-1 .gallery-caption {\n\t\t\t\tmargin-left: 0;\n\t\t\t}\n\t\t\t\/* see gallery_shortcode() in wp-includes\/media.php *\/\n\t\t<\/style>\n\t\t<div id='gallery-1' class='gallery galleryid-3069 gallery-columns-0 gallery-size-thumbnail'><dl class='gallery-item'>\n\t\t\t<dt class='gallery-icon landscape'>\n\t\t\t\t<a href='https:\/\/zskarlino.pl\/wp-content\/uploads\/2014\/10\/lekcja-historii-3-1024x768.jpg' data-full='https:\/\/zskarlino.pl\/wp-content\/uploads\/2014\/10\/lekcja-historii-3-e1415480768249.jpg' rel=\"lightbox[3069]\"><img loading=\"lazy\" decoding=\"async\" width=\"150\" height=\"150\" src=\"https:\/\/zskarlino.pl\/wp-content\/uploads\/2014\/10\/lekcja-historii-3-150x150.jpg\" class=\"attachment-thumbnail size-thumbnail\" alt=\"\" \/><\/a>\n\t\t\t<\/dt><\/dl><dl class='gallery-item'>\n\t\t\t<dt class='gallery-icon landscape'>\n\t\t\t\t<a href='https:\/\/zskarlino.pl\/wp-content\/uploads\/2014\/10\/lekcja-historii-2-1024x768.jpg' data-full='https:\/\/zskarlino.pl\/wp-content\/uploads\/2014\/10\/lekcja-historii-2-e1415480790595.jpg' rel=\"lightbox[3069]\"><img loading=\"lazy\" decoding=\"async\" width=\"150\" height=\"150\" src=\"https:\/\/zskarlino.pl\/wp-content\/uploads\/2014\/10\/lekcja-historii-2-150x150.jpg\" class=\"attachment-thumbnail size-thumbnail\" alt=\"\" \/><\/a>\n\t\t\t<\/dt><\/dl><dl class='gallery-item'>\n\t\t\t<dt class='gallery-icon landscape'>\n\t\t\t\t<a href='https:\/\/zskarlino.pl\/wp-content\/uploads\/2014\/10\/opowiesc-o-zydach3-e1415480812392.jpg' data-full='https:\/\/zskarlino.pl\/wp-content\/uploads\/2014\/10\/opowiesc-o-zydach3-e1415480812392.jpg' rel=\"lightbox[3069]\"><img loading=\"lazy\" decoding=\"async\" width=\"150\" height=\"150\" src=\"https:\/\/zskarlino.pl\/wp-content\/uploads\/2014\/10\/opowiesc-o-zydach3-150x150.jpg\" class=\"attachment-thumbnail size-thumbnail\" alt=\"\" \/><\/a>\n\t\t\t<\/dt><\/dl><dl class='gallery-item'>\n\t\t\t<dt class='gallery-icon landscape'>\n\t\t\t\t<a href='https:\/\/zskarlino.pl\/wp-content\/uploads\/2014\/10\/opowiesc-o-zydach2-e1415480839693.jpg' data-full='https:\/\/zskarlino.pl\/wp-content\/uploads\/2014\/10\/opowiesc-o-zydach2-e1415480839693.jpg' rel=\"lightbox[3069]\"><img loading=\"lazy\" decoding=\"async\" width=\"150\" height=\"150\" src=\"https:\/\/zskarlino.pl\/wp-content\/uploads\/2014\/10\/opowiesc-o-zydach2-150x150.jpg\" class=\"attachment-thumbnail size-thumbnail\" alt=\"\" \/><\/a>\n\t\t\t<\/dt><\/dl>\n\t\t<\/div>\n<\/div>\n<p style=\"text-align: right;\"><em>Daniel Wach<\/em><\/p>\n","protected":false},"excerpt":{"rendered":"<p>W czwartek 23 pa\u017adziernika odby\u0142y si\u0119 zaj\u0119cia dotycz\u0105ce historii i tradycji polskich \u017byd\u00f3w. Projekt zosta\u0142 zrealizowany w zwi\u0105zku z uruchomieniem w Warszawie Muzeum \u017byd\u00f3w Polskich \u201ePOLIN\u201d. Na zaproszenie muzeum uczniowie mogli za po\u015brednictwem \u0142\u0105czy internetowych ogl\u0105da\u0107 lekcje prowadzone w nowo otwartym obiekcie. O godzinie 9.00 rozpocz\u0119\u0142a si\u0119 lekcja dla klas I gimnazjum. Tematyka zaj\u0119\u0107 by\u0142a &hellip; <\/p>\n<p><a class=\"more-link btn\" href=\"https:\/\/zskarlino.pl\/?p=3069\">Czytaj dalej<\/a><\/p>\n","protected":false},"author":6,"featured_media":0,"comment_status":"closed","ping_status":"closed","sticky":false,"template":"","format":"standard","meta":{"footnotes":""},"categories":[3],"tags":[],"class_list":["post-3069","post","type-post","status-publish","format-standard","hentry","category-wydarzenia","item-wrap"],"_links":{"self":[{"href":"https:\/\/zskarlino.pl\/index.php?rest_route=\/wp\/v2\/posts\/3069","targetHints":{"allow":["GET"]}}],"collection":[{"href":"https:\/\/zskarlino.pl\/index.php?rest_route=\/wp\/v2\/posts"}],"about":[{"href":"https:\/\/zskarlino.pl\/index.php?rest_route=\/wp\/v2\/types\/post"}],"author":[{"embeddable":true,"href":"https:\/\/zskarlino.pl\/index.php?rest_route=\/wp\/v2\/users\/6"}],"replies":[{"embeddable":true,"href":"https:\/\/zskarlino.pl\/index.php?rest_route=%2Fwp%2Fv2%2Fcomments&post=3069"}],"version-history":[{"count":2,"href":"https:\/\/zskarlino.pl\/index.php?rest_route=\/wp\/v2\/posts\/3069\/revisions"}],"predecessor-version":[{"id":3077,"href":"https:\/\/zskarlino.pl\/index.php?rest_route=\/wp\/v2\/posts\/3069\/revisions\/3077"}],"wp:attachment":[{"href":"https:\/\/zskarlino.pl\/index.php?rest_route=%2Fwp%2Fv2%2Fmedia&parent=3069"}],"wp:term":[{"taxonomy":"category","embeddable":true,"href":"https:\/\/zskarlino.pl\/index.php?rest_route=%2Fwp%2Fv2%2Fcategories&post=3069"},{"taxonomy":"post_tag","embeddable":true,"href":"https:\/\/zskarlino.pl\/index.php?rest_route=%2Fwp%2Fv2%2Ftags&post=3069"}],"curies":[{"name":"wp","href":"https:\/\/api.w.org\/{rel}","templated":true}]}}