{"id":3062,"date":"2014-10-23T22:58:20","date_gmt":"2014-10-23T20:58:20","guid":{"rendered":"http:\/\/zskarlino.pl\/?p=3062"},"modified":"2015-01-31T14:16:27","modified_gmt":"2015-01-31T13:16:27","slug":"milosnicy-historii-w-kolobrzegu","status":"publish","type":"post","link":"https:\/\/zskarlino.pl\/?p=3062","title":{"rendered":"Mi\u0142o\u015bnicy historii w Ko\u0142obrzegu"},"content":{"rendered":"<p><a href=\"http:\/\/zskarlino.pl\/wp-content\/uploads\/2014\/10\/muzeum3.jpg\" rel=\"lightbox[3062]\"><img loading=\"lazy\" decoding=\"async\" class=\"alignleft size-medium wp-image-3066\" src=\"http:\/\/zskarlino.pl\/wp-content\/uploads\/2014\/10\/muzeum3-300x121.jpg\" alt=\"muzeum3\" width=\"300\" height=\"121\" \/><\/a>We wtorek 22 pa\u017adziernika grupa 46 uczni\u00f3w gimnazjum uczestniczy\u0142a w zaj\u0119ciach organizowanych w ramach <strong>Klubu Mi\u0142o\u015bnika Tradycji i Historii Polski<\/strong>. Zaj\u0119cia odbywa\u0142y si\u0119 w <strong>Muzeum Or\u0119\u017ca Polskiego w Ko\u0142obrzegu<\/strong>. Muzeum prezentuje uzbrojenie i umundurowanie wojsk polskich na przestrzeni ca\u0142ej historii naszego pa\u0144stwa. Zadaniem uczestnik\u00f3w by\u0142o dok\u0142adne zapoznanie si\u0119 z ekspozycj\u0105 oraz wykonanie dw\u00f3ch zada\u0144 zwi\u0105zanych z prezentowanymi eksponatami.<\/p>\n<p>1) Wybierz po jednym eksponacie broni dawnej i wsp\u00f3\u0142czesnej, kt\u00f3ry najbardziej ci\u0119 zainteresowa\u0142. Dokonaj ich opisu oraz dokumentacji fotograficznej.<\/p>\n<p>2) Prze\u015bled\u017a i zaprezentuj ewolucj\u0119 zwi\u0105zan\u0105 z ochron\u0105 g\u0142owy walcz\u0105cych \u017co\u0142nierzy.<\/p>\n<p>Uczniowie w ci\u0105gu tygodnia przygotuj\u0105 swoje prace, z kt\u00f3rych powstanie wsp\u00f3lna prezentacja multimedialna.<br \/>\nPrzy okazji wizyty w Ko\u0142obrzegu uda\u0142o si\u0119 r\u00f3wnie\u017c odwiedzi\u0107 Muzeum Minera\u0142\u00f3w oraz Latarni\u0119 Morsk\u0105.<\/p>\n<p>Najbli\u017csze plany grupy mi\u0142o\u015bnik\u00f3w historii to wizyta w Bia\u0142ogardzie i analiza dawnej zabudowy tego miasta (mury obronne, brama wjazdowa, ko\u015bci\u00f3\u0142, ratusz).<\/p>\n<div class='fotorama--wp' data-ids='3064,3065,3063'data-link='file'data-itemtag='dl'data-icontag='dt'data-captiontag='dd'data-columns='0'data-size='large'data-width='200'data-auto='false'data-max-width='100%'data-ratio='2.0408163265306'>\n\t\t<style type=\"text\/css\">\n\t\t\t#gallery-1 {\n\t\t\t\tmargin: auto;\n\t\t\t}\n\t\t\t#gallery-1 .gallery-item {\n\t\t\t\tfloat: left;\n\t\t\t\tmargin-top: 10px;\n\t\t\t\ttext-align: center;\n\t\t\t\twidth: 100%;\n\t\t\t}\n\t\t\t#gallery-1 img {\n\t\t\t\tborder: 2px solid #cfcfcf;\n\t\t\t}\n\t\t\t#gallery-1 .gallery-caption {\n\t\t\t\tmargin-left: 0;\n\t\t\t}\n\t\t\t\/* see gallery_shortcode() in wp-includes\/media.php *\/\n\t\t<\/style>\n\t\t<div id='gallery-1' class='gallery galleryid-3062 gallery-columns-0 gallery-size-thumbnail'><dl class='gallery-item'>\n\t\t\t<dt class='gallery-icon landscape'>\n\t\t\t\t<a href='https:\/\/zskarlino.pl\/wp-content\/uploads\/2014\/10\/muzeum1-e1415480900645.jpg' data-full='https:\/\/zskarlino.pl\/wp-content\/uploads\/2014\/10\/muzeum1-e1415480900645.jpg' rel=\"lightbox[3062]\"><img loading=\"lazy\" decoding=\"async\" width=\"150\" height=\"150\" src=\"https:\/\/zskarlino.pl\/wp-content\/uploads\/2014\/10\/muzeum1-150x150.jpg\" class=\"attachment-thumbnail size-thumbnail\" alt=\"\" \/><\/a>\n\t\t\t<\/dt><\/dl><dl class='gallery-item'>\n\t\t\t<dt class='gallery-icon landscape'>\n\t\t\t\t<a href='https:\/\/zskarlino.pl\/wp-content\/uploads\/2014\/10\/muzeum2-e1415480920275.jpg' data-full='https:\/\/zskarlino.pl\/wp-content\/uploads\/2014\/10\/muzeum2-e1415480920275.jpg' rel=\"lightbox[3062]\"><img loading=\"lazy\" decoding=\"async\" width=\"150\" height=\"150\" src=\"https:\/\/zskarlino.pl\/wp-content\/uploads\/2014\/10\/muzeum2-150x150.jpg\" class=\"attachment-thumbnail size-thumbnail\" alt=\"\" \/><\/a>\n\t\t\t<\/dt><\/dl><dl class='gallery-item'>\n\t\t\t<dt class='gallery-icon portrait'>\n\t\t\t\t<a href='https:\/\/zskarlino.pl\/wp-content\/uploads\/2014\/10\/muzeum4-e1415480941423.jpg' data-full='https:\/\/zskarlino.pl\/wp-content\/uploads\/2014\/10\/muzeum4-e1415480941423.jpg' rel=\"lightbox[3062]\"><img loading=\"lazy\" decoding=\"async\" width=\"150\" height=\"150\" src=\"https:\/\/zskarlino.pl\/wp-content\/uploads\/2014\/10\/muzeum4-150x150.jpg\" class=\"attachment-thumbnail size-thumbnail\" alt=\"\" \/><\/a>\n\t\t\t<\/dt><\/dl>\n\t\t<\/div>\n<\/div>\n<p>&nbsp;<\/p>\n<p style=\"text-align: right;\">\u00a0<em>Daniel Wach<\/em><\/p>\n<p>&nbsp;<\/p>\n","protected":false},"excerpt":{"rendered":"<p>We wtorek 22 pa\u017adziernika grupa 46 uczni\u00f3w gimnazjum uczestniczy\u0142a w zaj\u0119ciach organizowanych w ramach Klubu Mi\u0142o\u015bnika Tradycji i Historii Polski. Zaj\u0119cia odbywa\u0142y si\u0119 w Muzeum Or\u0119\u017ca Polskiego w Ko\u0142obrzegu. Muzeum prezentuje uzbrojenie i umundurowanie wojsk polskich na przestrzeni ca\u0142ej historii naszego pa\u0144stwa. Zadaniem uczestnik\u00f3w by\u0142o dok\u0142adne zapoznanie si\u0119 z ekspozycj\u0105 oraz wykonanie dw\u00f3ch zada\u0144 zwi\u0105zanych &hellip; <\/p>\n<p><a class=\"more-link btn\" href=\"https:\/\/zskarlino.pl\/?p=3062\">Czytaj dalej<\/a><\/p>\n","protected":false},"author":6,"featured_media":0,"comment_status":"closed","ping_status":"closed","sticky":false,"template":"","format":"standard","meta":{"footnotes":""},"categories":[3],"tags":[],"class_list":["post-3062","post","type-post","status-publish","format-standard","hentry","category-wydarzenia","item-wrap"],"_links":{"self":[{"href":"https:\/\/zskarlino.pl\/index.php?rest_route=\/wp\/v2\/posts\/3062","targetHints":{"allow":["GET"]}}],"collection":[{"href":"https:\/\/zskarlino.pl\/index.php?rest_route=\/wp\/v2\/posts"}],"about":[{"href":"https:\/\/zskarlino.pl\/index.php?rest_route=\/wp\/v2\/types\/post"}],"author":[{"embeddable":true,"href":"https:\/\/zskarlino.pl\/index.php?rest_route=\/wp\/v2\/users\/6"}],"replies":[{"embeddable":true,"href":"https:\/\/zskarlino.pl\/index.php?rest_route=%2Fwp%2Fv2%2Fcomments&post=3062"}],"version-history":[{"count":2,"href":"https:\/\/zskarlino.pl\/index.php?rest_route=\/wp\/v2\/posts\/3062\/revisions"}],"predecessor-version":[{"id":3068,"href":"https:\/\/zskarlino.pl\/index.php?rest_route=\/wp\/v2\/posts\/3062\/revisions\/3068"}],"wp:attachment":[{"href":"https:\/\/zskarlino.pl\/index.php?rest_route=%2Fwp%2Fv2%2Fmedia&parent=3062"}],"wp:term":[{"taxonomy":"category","embeddable":true,"href":"https:\/\/zskarlino.pl\/index.php?rest_route=%2Fwp%2Fv2%2Fcategories&post=3062"},{"taxonomy":"post_tag","embeddable":true,"href":"https:\/\/zskarlino.pl\/index.php?rest_route=%2Fwp%2Fv2%2Ftags&post=3062"}],"curies":[{"name":"wp","href":"https:\/\/api.w.org\/{rel}","templated":true}]}}