{"id":2612,"date":"2014-10-10T22:00:44","date_gmt":"2014-10-10T20:00:44","guid":{"rendered":"http:\/\/zskarlino.pl\/?p=2612"},"modified":"2014-10-20T13:47:23","modified_gmt":"2014-10-20T11:47:23","slug":"dzien-edukacji-narodowej","status":"publish","type":"post","link":"https:\/\/zskarlino.pl\/?p=2612","title":{"rendered":"Dzie\u0144 Edukacji Narodowej"},"content":{"rendered":"<p>Akademi\u0119 z okazji Dnia Edukacji Narodowej dnia 10 pa\u017adziernika 2014 roku przygotowa\u0142y panie: Gra\u017cyna Chwieduk i Lyudmyla Zamishchak wraz uczniami klas: 2 a, 2 d i 3 a gimnazjum.<br \/>\nAkademia odby\u0142a si\u0119 wed\u0142ug poni\u017cszego planu:<\/p>\n<ul>\n<li>Sennik nauczyciela, ucznia i dyrektora.<\/li>\n<li>Niezb\u0119dnik nauczyciela.<\/li>\n<li>Zgaduj zgadula.<\/li>\n<li>Wiadomo\u015bci telewizyjne i nie tylko.<\/li>\n<li>Chory belfer.<\/li>\n<li>Laurka z \u017cyczeniami.<\/li>\n<\/ul>\n<p>By\u0142o naprawd\u0119 bardzo weso\u0142o, gdy uczniowie wcielali si\u0119 w kolejne role, pokazuj\u0105c weselsze oblicze szko\u0142y oraz dostarczaj\u0105c rozrywk\u0119 publiczno\u015bci, na kt\u00f3rej wsp\u00f3lnie zasiedli uczniowie i nauczyciele.<br \/>\nCa\u0142o\u015b\u0107 zwie\u0144czy\u0142y pi\u0119kne \u017cyczenia.<br \/>\nW dalszej cz\u0119\u015bci akademii wyst\u0105pi\u0142 nowo powsta\u0142y szkolny kabaret (wi\u0119cej informacji &#8211; <a title=\"tutaj\" href=\"http:\/\/zskarlino.pl\/?p=1933\">tutaj<\/a>), a na koniec wyst\u0105pi\u0142y uczennice szko\u0142y w pi\u0119knej piosence &#8222;Alleluja (\u015bpiewa\u0142a Zuzanna Kasprzak, akompaniowa\u0142y na gitarach: Wiktoria Kasprzak i Julia Fabiszak).<\/p>\n<div class='fotorama--wp' data-columns='0'data-ids='2610,2608,2609,2607,2606,2605,2604,2603,2602,2601,2600,2599,2598,2597,2596,2595,2594,2593,2592,2591,2590,2589,2588,2587,2586,2585,2584,2583,2582,2581,2580,2579,2578,2577,2576,2575,2574,2573,2572,2571,2570,2569,2568,2567,2566,2565,2564,2563,2562,2561,2560,2559,2558,2557,2556'data-link='file'data-itemtag='dl'data-icontag='dt'data-captiontag='dd'data-size='large'data-width='750'data-auto='false'data-max-width='100%'data-ratio='1.503006012024'>\n\t\t<style type=\"text\/css\">\n\t\t\t#gallery-1 {\n\t\t\t\tmargin: auto;\n\t\t\t}\n\t\t\t#gallery-1 .gallery-item {\n\t\t\t\tfloat: left;\n\t\t\t\tmargin-top: 10px;\n\t\t\t\ttext-align: center;\n\t\t\t\twidth: 100%;\n\t\t\t}\n\t\t\t#gallery-1 img {\n\t\t\t\tborder: 2px solid #cfcfcf;\n\t\t\t}\n\t\t\t#gallery-1 .gallery-caption {\n\t\t\t\tmargin-left: 0;\n\t\t\t}\n\t\t\t\/* see gallery_shortcode() in wp-includes\/media.php *\/\n\t\t<\/style>\n\t\t<div id='gallery-1' class='gallery galleryid-2612 gallery-columns-0 gallery-size-thumbnail'><dl class='gallery-item'>\n\t\t\t<dt class='gallery-icon landscape'>\n\t\t\t\t<a href='https:\/\/zskarlino.pl\/wp-content\/uploads\/2014\/10\/61-DSC09977.jpg' data-full='https:\/\/zskarlino.pl\/wp-content\/uploads\/2014\/10\/61-DSC09977.jpg' rel=\"lightbox[2612]\"><img loading=\"lazy\" decoding=\"async\" width=\"150\" height=\"150\" src=\"https:\/\/zskarlino.pl\/wp-content\/uploads\/2014\/10\/61-DSC09977-150x150.jpg\" class=\"attachment-thumbnail size-thumbnail\" alt=\"\" \/><\/a>\n\t\t\t<\/dt><\/dl><dl class='gallery-item'>\n\t\t\t<dt class='gallery-icon portrait'>\n\t\t\t\t<a href='https:\/\/zskarlino.pl\/wp-content\/uploads\/2014\/10\/45-DSC09955.jpg' data-full='https:\/\/zskarlino.pl\/wp-content\/uploads\/2014\/10\/45-DSC09955.jpg' rel=\"lightbox[2612]\"><img loading=\"lazy\" decoding=\"async\" width=\"150\" height=\"150\" src=\"https:\/\/zskarlino.pl\/wp-content\/uploads\/2014\/10\/45-DSC09955-150x150.jpg\" class=\"attachment-thumbnail size-thumbnail\" alt=\"\" \/><\/a>\n\t\t\t<\/dt><\/dl><dl class='gallery-item'>\n\t\t\t<dt class='gallery-icon landscape'>\n\t\t\t\t<a href='https:\/\/zskarlino.pl\/wp-content\/uploads\/2014\/10\/43-DSC09953.jpg' data-full='https:\/\/zskarlino.pl\/wp-content\/uploads\/2014\/10\/43-DSC09953.jpg' rel=\"lightbox[2612]\"><img loading=\"lazy\" decoding=\"async\" width=\"150\" height=\"150\" src=\"https:\/\/zskarlino.pl\/wp-content\/uploads\/2014\/10\/43-DSC09953-150x150.jpg\" class=\"attachment-thumbnail size-thumbnail\" alt=\"\" \/><\/a>\n\t\t\t<\/dt><\/dl><dl class='gallery-item'>\n\t\t\t<dt class='gallery-icon landscape'>\n\t\t\t\t<a href='https:\/\/zskarlino.pl\/wp-content\/uploads\/2014\/10\/36-DSC09946.jpg' data-full='https:\/\/zskarlino.pl\/wp-content\/uploads\/2014\/10\/36-DSC09946.jpg' rel=\"lightbox[2612]\"><img loading=\"lazy\" decoding=\"async\" width=\"150\" height=\"150\" src=\"https:\/\/zskarlino.pl\/wp-content\/uploads\/2014\/10\/36-DSC09946-150x150.jpg\" class=\"attachment-thumbnail size-thumbnail\" alt=\"\" \/><\/a>\n\t\t\t<\/dt><\/dl><dl class='gallery-item'>\n\t\t\t<dt class='gallery-icon landscape'>\n\t\t\t\t<a href='https:\/\/zskarlino.pl\/wp-content\/uploads\/2014\/10\/28-DSC09928.jpg' data-full='https:\/\/zskarlino.pl\/wp-content\/uploads\/2014\/10\/28-DSC09928.jpg' rel=\"lightbox[2612]\"><img loading=\"lazy\" decoding=\"async\" width=\"150\" height=\"150\" src=\"https:\/\/zskarlino.pl\/wp-content\/uploads\/2014\/10\/28-DSC09928-150x150.jpg\" class=\"attachment-thumbnail size-thumbnail\" alt=\"\" \/><\/a>\n\t\t\t<\/dt><\/dl><dl class='gallery-item'>\n\t\t\t<dt class='gallery-icon portrait'>\n\t\t\t\t<a href='https:\/\/zskarlino.pl\/wp-content\/uploads\/2014\/10\/05-DSC09904.jpg' data-full='https:\/\/zskarlino.pl\/wp-content\/uploads\/2014\/10\/05-DSC09904.jpg' rel=\"lightbox[2612]\"><img loading=\"lazy\" decoding=\"async\" width=\"150\" height=\"150\" src=\"https:\/\/zskarlino.pl\/wp-content\/uploads\/2014\/10\/05-DSC09904-150x150.jpg\" class=\"attachment-thumbnail size-thumbnail\" alt=\"\" \/><\/a>\n\t\t\t<\/dt><\/dl>\n\t\t<\/div>\n<\/div>\n","protected":false},"excerpt":{"rendered":"<p>Akademi\u0119 z okazji Dnia Edukacji Narodowej dnia 10 pa\u017adziernika 2014 roku przygotowa\u0142y panie: Gra\u017cyna Chwieduk i Lyudmyla Zamishchak wraz uczniami klas: 2 a, 2 d i 3 a gimnazjum. Akademia odby\u0142a si\u0119 wed\u0142ug poni\u017cszego planu: Sennik nauczyciela, ucznia i dyrektora. Niezb\u0119dnik nauczyciela. Zgaduj zgadula. Wiadomo\u015bci telewizyjne i nie tylko. Chory belfer. Laurka z \u017cyczeniami. By\u0142o &hellip; <\/p>\n<p><a class=\"more-link btn\" href=\"https:\/\/zskarlino.pl\/?p=2612\">Czytaj dalej<\/a><\/p>\n","protected":false},"author":6,"featured_media":0,"comment_status":"closed","ping_status":"closed","sticky":false,"template":"","format":"standard","meta":{"footnotes":""},"categories":[3],"tags":[],"class_list":["post-2612","post","type-post","status-publish","format-standard","hentry","category-wydarzenia","item-wrap"],"_links":{"self":[{"href":"https:\/\/zskarlino.pl\/index.php?rest_route=\/wp\/v2\/posts\/2612","targetHints":{"allow":["GET"]}}],"collection":[{"href":"https:\/\/zskarlino.pl\/index.php?rest_route=\/wp\/v2\/posts"}],"about":[{"href":"https:\/\/zskarlino.pl\/index.php?rest_route=\/wp\/v2\/types\/post"}],"author":[{"embeddable":true,"href":"https:\/\/zskarlino.pl\/index.php?rest_route=\/wp\/v2\/users\/6"}],"replies":[{"embeddable":true,"href":"https:\/\/zskarlino.pl\/index.php?rest_route=%2Fwp%2Fv2%2Fcomments&post=2612"}],"version-history":[{"count":4,"href":"https:\/\/zskarlino.pl\/index.php?rest_route=\/wp\/v2\/posts\/2612\/revisions"}],"predecessor-version":[{"id":2758,"href":"https:\/\/zskarlino.pl\/index.php?rest_route=\/wp\/v2\/posts\/2612\/revisions\/2758"}],"wp:attachment":[{"href":"https:\/\/zskarlino.pl\/index.php?rest_route=%2Fwp%2Fv2%2Fmedia&parent=2612"}],"wp:term":[{"taxonomy":"category","embeddable":true,"href":"https:\/\/zskarlino.pl\/index.php?rest_route=%2Fwp%2Fv2%2Fcategories&post=2612"},{"taxonomy":"post_tag","embeddable":true,"href":"https:\/\/zskarlino.pl\/index.php?rest_route=%2Fwp%2Fv2%2Ftags&post=2612"}],"curies":[{"name":"wp","href":"https:\/\/api.w.org\/{rel}","templated":true}]}}