{"id":20344,"date":"2026-02-25T08:40:46","date_gmt":"2026-02-25T07:40:46","guid":{"rendered":"https:\/\/zskarlino.pl\/?p=20344"},"modified":"2026-03-02T08:42:54","modified_gmt":"2026-03-02T07:42:54","slug":"rekolekcje-wielkopostne-dla-uczniow-zespolu-szkol-w-karlinie","status":"publish","type":"post","link":"https:\/\/zskarlino.pl\/?p=20344","title":{"rendered":"Rekolekcje wielkopostne dla uczni\u00f3w Zespo\u0142u Szk\u00f3\u0142 w Karlinie"},"content":{"rendered":"\n<p><\/p>\n\n\n\n<p>Informujemy, \u017ce w dniach <strong>2\u20134 marca 2026 r.<\/strong> odb\u0119d\u0105 si\u0119 rekolekcje wielkopostne organizowane przez Parafi\u0119 w Karlinie dla dzieci i m\u0142odzie\u017cy szkolnej.<\/p>\n\n\n\n<p>Uczniowie Zespo\u0142u Szk\u00f3\u0142 w Karlinie, kt\u00f3rzy wyra\u017c\u0105 ch\u0119\u0107 udzia\u0142u w rekolekcjach, uczestnicz\u0105 w naukach rekolekcyjnych ka\u017cdego dnia w godzinach <strong>12.50\u201313.30 (6. godzina lekcyjna)<\/strong> w ko\u015bciele parafialnym.<\/p>\n\n\n\n<p>Udzia\u0142 w rekolekcjach jest dobrowolny. Uczniom zainteresowanym udzia\u0142em nale\u017cy umo\u017cliwi\u0107 wyj\u015bcie na spotkania rekolekcyjne. Nieobecno\u015bci na zaj\u0119ciach dydaktycznych w tym czasie b\u0119d\u0105 usprawiedliwiane na podstawie potwierdzenia uczestnictwa wydanego przez ksi\u0119dza prowadz\u0105cego rekolekcje.<\/p>\n\n\n\n<p>Szczeg\u00f3\u0142owy harmonogram rekolekcji dost\u0119pny jest na tablicy og\u0142osze\u0144 w szkole oraz za\u0142\u0105czony poni\u017cej.<\/p>\n\n\n\n<p>Prosimy uczni\u00f3w o odpowiedzialne zachowanie oraz punktualne udawanie si\u0119 do ko\u015bcio\u0142a i powr\u00f3t na zaj\u0119cia zgodnie z obowi\u0105zuj\u0105c\u0105 organizacj\u0105 dnia.<\/p>\n\n\n\n<figure class=\"wp-block-image size-large\"><a href=\"https:\/\/zskarlino.pl\/wp-content\/uploads\/2026\/03\/IMG_6641-scaled.jpeg\" rel=\"lightbox[20344]\"><img loading=\"lazy\" decoding=\"async\" width=\"768\" height=\"1024\" src=\"https:\/\/zskarlino.pl\/wp-content\/uploads\/2026\/03\/IMG_6641-768x1024.jpeg\" alt=\"\" class=\"wp-image-20345\" srcset=\"https:\/\/zskarlino.pl\/wp-content\/uploads\/2026\/03\/IMG_6641-768x1024.jpeg 768w, https:\/\/zskarlino.pl\/wp-content\/uploads\/2026\/03\/IMG_6641-225x300.jpeg 225w, https:\/\/zskarlino.pl\/wp-content\/uploads\/2026\/03\/IMG_6641-1152x1536.jpeg 1152w, https:\/\/zskarlino.pl\/wp-content\/uploads\/2026\/03\/IMG_6641-1536x2048.jpeg 1536w, https:\/\/zskarlino.pl\/wp-content\/uploads\/2026\/03\/IMG_6641-750x1000.jpeg 750w, https:\/\/zskarlino.pl\/wp-content\/uploads\/2026\/03\/IMG_6641-scaled.jpeg 1920w\" sizes=\"auto, (max-width: 768px) 100vw, 768px\" \/><\/a><\/figure>\n","protected":false},"excerpt":{"rendered":"<p>Informujemy, \u017ce w dniach 2\u20134 marca 2026 r. odb\u0119d\u0105 si\u0119 rekolekcje wielkopostne organizowane przez Parafi\u0119 w Karlinie dla dzieci i m\u0142odzie\u017cy szkolnej. Uczniowie Zespo\u0142u Szk\u00f3\u0142 w Karlinie, kt\u00f3rzy wyra\u017c\u0105 ch\u0119\u0107 udzia\u0142u w rekolekcjach, uczestnicz\u0105 w naukach rekolekcyjnych ka\u017cdego dnia w godzinach 12.50\u201313.30 (6. godzina lekcyjna) w ko\u015bciele parafialnym. Udzia\u0142 w rekolekcjach jest dobrowolny. Uczniom zainteresowanym &hellip; <\/p>\n<p><a class=\"more-link btn\" href=\"https:\/\/zskarlino.pl\/?p=20344\">Czytaj dalej<\/a><\/p>\n","protected":false},"author":8,"featured_media":0,"comment_status":"closed","ping_status":"closed","sticky":false,"template":"","format":"standard","meta":{"footnotes":""},"categories":[3],"tags":[],"class_list":["post-20344","post","type-post","status-publish","format-standard","hentry","category-wydarzenia","item-wrap"],"_links":{"self":[{"href":"https:\/\/zskarlino.pl\/index.php?rest_route=\/wp\/v2\/posts\/20344","targetHints":{"allow":["GET"]}}],"collection":[{"href":"https:\/\/zskarlino.pl\/index.php?rest_route=\/wp\/v2\/posts"}],"about":[{"href":"https:\/\/zskarlino.pl\/index.php?rest_route=\/wp\/v2\/types\/post"}],"author":[{"embeddable":true,"href":"https:\/\/zskarlino.pl\/index.php?rest_route=\/wp\/v2\/users\/8"}],"replies":[{"embeddable":true,"href":"https:\/\/zskarlino.pl\/index.php?rest_route=%2Fwp%2Fv2%2Fcomments&post=20344"}],"version-history":[{"count":1,"href":"https:\/\/zskarlino.pl\/index.php?rest_route=\/wp\/v2\/posts\/20344\/revisions"}],"predecessor-version":[{"id":20346,"href":"https:\/\/zskarlino.pl\/index.php?rest_route=\/wp\/v2\/posts\/20344\/revisions\/20346"}],"wp:attachment":[{"href":"https:\/\/zskarlino.pl\/index.php?rest_route=%2Fwp%2Fv2%2Fmedia&parent=20344"}],"wp:term":[{"taxonomy":"category","embeddable":true,"href":"https:\/\/zskarlino.pl\/index.php?rest_route=%2Fwp%2Fv2%2Fcategories&post=20344"},{"taxonomy":"post_tag","embeddable":true,"href":"https:\/\/zskarlino.pl\/index.php?rest_route=%2Fwp%2Fv2%2Ftags&post=20344"}],"curies":[{"name":"wp","href":"https:\/\/api.w.org\/{rel}","templated":true}]}}