{"id":20339,"date":"2026-02-26T15:07:07","date_gmt":"2026-02-26T14:07:07","guid":{"rendered":"https:\/\/zskarlino.pl\/?p=20339"},"modified":"2026-02-26T15:07:09","modified_gmt":"2026-02-26T14:07:09","slug":"wazna-informacja-4","status":"publish","type":"post","link":"https:\/\/zskarlino.pl\/?p=20339","title":{"rendered":"Wa\u017cna informacja"},"content":{"rendered":"\n<p>Gmina Karlino podpisa\u0142a umowy ze Skarbem Pa\u0144stwa \u2013 Ministrem Cyfryzacji na nieodp\u0142atne przekazanie sprz\u0119tu \u2013 zestawu do wyposa\u017cenia szk\u00f3\u0142 w laboratoria nauk przyrodniczych, technologii, in\u017cynierii i matematyki STEM ora zestawu do wyposa\u017cenia szk\u00f3\u0142 w laboratoria&nbsp; sztucznej inteligencji AI ze \u015brodk\u00f3w Krajowego Planu Odbudowy i Zwi\u0119kszania Odporno\u015bci (KPO).<\/p>\n\n\n\n<p>Dofinansowanie realizowane jest w ramach \u201eWdra\u017canie inwestycji C2.2.1 Wyposa\u017cenie szk\u00f3\u0142\/instytucji w odpowiednie urz\u0105dzenia i infrastruktur\u0119 ICT w celu poprawy og\u00f3lnej wydajno\u015bci system\u00f3w edukacji, wska\u017anik C13L laboratoria sztucznej inteligencji (AI) oraz laboratoria nauk przyrodniczych, technologii, in\u017cynierii i matematyki (STEM) utworzone \u00a0w szko\u0142ach\u201d.<\/p>\n\n\n\n<p>Celem inwestycji jest zwi\u0119kszenie poziomu <strong>wyposa\u017cenia w cyfrowy sprz\u0119t i infrastruktur\u0119 ICT\u00a0\u00a0\u00a0w szko\u0142ach<\/strong> ponad minimalne standardy.<\/p>\n\n\n\n<p>Gmina Karlino jako organ prowadz\u0105cy otrzyma:<\/p>\n\n\n\n<ul class=\"wp-block-list\">\n<li>zestaw do wyposa\u017cenia szk\u00f3\u0142 w laboratoria nauk przyrodniczych, technologii, in\u017cynierii \u00a0\u00a0\u00a0\u00a0\u00a0\u00a0\u00a0\u00a0\u00a0\u00a0\u00a0\u00a0\u00a0\u00a0\u00a0\u00a0\u00a0\u00a0\u00a0i matematyki STEM tj: Pracowni projektowania i Prototypowania w liczbie 2, ka\u017cdy zestaw sk\u0142adaj\u0105cy si\u0119 z nast\u0119puj\u0105cych element\u00f3w:<\/li>\n\n\n\n<li>Laptopy wraz z torb\u0105 do przenoszenia ich (12 szt.),<\/li>\n\n\n\n<li>Drukarka 3D,<\/li>\n\n\n\n<li>Zestaw min. 6 sztuk d\u0142ugopis\u00f3w 3D do pracy z wydrukami 3D,<\/li>\n\n\n\n<li>Filamenty (w szpulach, 50 szt., ka\u017cda po 1 kg),<\/li>\n\n\n\n<li>Przeno\u015bny skaner 3D autonomiczny (stand-alone),<\/li>\n\n\n\n<li>Program do projektowania 3D (nieodp\u0142atnie),<\/li>\n\n\n\n<li>Zestawy z mikrokontrolerami do prototypowania elektroniki (12 szt.). tj. p\u0142ytka mikrokontrolera z zasilaniem i z wbudowanym wy\u015bwietlaczem LED,<\/li>\n\n\n\n<li>Ploter laserowy do ci\u0119cia i grawerowania,<\/li>\n\n\n\n<li>Poch\u0142aniacz dymu\/opar\u00f3w,<\/li>\n\n\n\n<li>Edukacyjny zestaw modelarski z kloc\u00f3w dot. mechaniki (2), w tym r\u00f3\u017cnorodne klocki,<\/li>\n\n\n\n<li>ko\u0142a z\u0119bate, elementy nap\u0119dowe oraz modu\u0142y elektroniczne,<\/li>\n\n\n\n<li>4 stacje lutownicze,<\/li>\n\n\n\n<li>Monitor interaktywny o przek\u0105tnej ekranu min. 75 cali (min. 188,5 cm) ze stojakiem,<\/li>\n\n\n\n<li>2 mikroskopy cyfrowe,<\/li>\n\n\n\n<li>Zestaw materia\u0142\u00f3w eksploatacyjnych, umo\u017cliwiaj\u0105cych korzystanie ze sprz\u0119tu w pracowni np. cyna, topnik, czy\u015bcik do grot\u00f3w, materia\u0142y do plotera, spray do skanowania czarnych obiekt\u00f3w,<\/li>\n\n\n\n<li>\u015arodki ochrony indywidualnej &#8211; zestaw materia\u0142\u00f3w BHP dla co najmniej 13 os\u00f3b.<\/li>\n<\/ul>\n\n\n\n<p>Sprz\u0119t zostanie udost\u0119pniony do u\u017cytku uczniom Zespo\u0142u Szk\u00f3\u0142 w Karlinie, do cel\u00f3w edukacyjnych, zgodnie z za\u0142o\u017ceniami inwestycji C2.2.1 KPO.<\/p>\n\n\n\n<ul class=\"wp-block-list\">\n<li>zestaw do wyposa\u017cenia szk\u00f3\u0142 w laboratoria sztucznej inteligencji (AI) w liczbie 6, ka\u017cdy sk\u0142adaj\u0105cy si\u0119 z nast\u0119puj\u0105cych element\u00f3w:<\/li>\n\n\n\n<li>Laptopy (15 dla uczni\u00f3w + 1 dla nauczyciela),<\/li>\n\n\n\n<li>Jednostka centralna us\u0142ug AI, katalogowych i plikowych (desktopowa stacja robocza),<\/li>\n\n\n\n<li>Urz\u0105dzenie sieciowe AP z WiFi,<\/li>\n\n\n\n<li>Mobilna szafka na urz\u0105dzenia z funkcj\u0105 \u0142adowania laptop\u00f3w,<\/li>\n\n\n\n<li>Zasilanie gwarantowane UPS dla jednostki centralnej,<\/li>\n\n\n\n<li>Monitor interaktywny o przek\u0105tnej ekranu min. 75 cali (min. 188,5 cm) ze stojakiem,<\/li>\n\n\n\n<li>Kamera HD USB wraz z mikrofonem oraz statywem (2 sztuki),<\/li>\n\n\n\n<li>Oprogramowanie (1 komplet).<\/li>\n<\/ul>\n\n\n\n<p>Sprz\u0119t zostanie udost\u0119pniony do u\u017cytku uczniom nast\u0119puj\u0105cych szk\u00f3\u0142:<\/p>\n\n\n\n<ul class=\"wp-block-list\">\n<li>Szko\u0142y Podstawowej im. Bohater\u00f3w 6 Pomorskiej Dywizji Piechoty w Karlinie,<\/li>\n\n\n\n<li>Szko\u0142y Podstawowej w Kar\u015bcinie,<\/li>\n\n\n\n<li>Szko\u0142y Podstawowej im. Mi\u0142o\u015bnik\u00f3w Pars\u0119ty w Daszewie,<\/li>\n\n\n\n<li>Szko\u0142y Podstawowej im. Macieja Rataja w Karwinie,<\/li>\n\n\n\n<li>Zespo\u0142u Szk\u00f3\u0142 w Karlinie,<\/li>\n<\/ul>\n\n\n\n<p>&nbsp;zgodnie z za\u0142o\u017ceniami inwestycji C2.2.1 KPO. Zadanie wsp\u00f3\u0142finansowane jest ze \u015brodk\u00f3w <strong>Unii Europejskiej<\/strong> w ramach \u0142\u0105cznej kwoty &nbsp;&nbsp;&nbsp;&nbsp;&nbsp;&nbsp;&nbsp;&nbsp;&nbsp;&nbsp;&nbsp;&nbsp;&nbsp;&nbsp;<strong>1&nbsp;949&nbsp;100&nbsp;000,00 PLN<\/strong>.<\/p>\n\n\n\n<figure class=\"wp-block-image size-full\"><a href=\"https:\/\/zskarlino.pl\/wp-content\/uploads\/2026\/02\/image.png\" rel=\"lightbox[20339]\"><img loading=\"lazy\" decoding=\"async\" width=\"944\" height=\"120\" src=\"https:\/\/zskarlino.pl\/wp-content\/uploads\/2026\/02\/image.png\" alt=\"\" class=\"wp-image-20340\" srcset=\"https:\/\/zskarlino.pl\/wp-content\/uploads\/2026\/02\/image.png 944w, https:\/\/zskarlino.pl\/wp-content\/uploads\/2026\/02\/image-300x38.png 300w, https:\/\/zskarlino.pl\/wp-content\/uploads\/2026\/02\/image-768x98.png 768w, https:\/\/zskarlino.pl\/wp-content\/uploads\/2026\/02\/image-750x95.png 750w\" sizes=\"auto, (max-width: 944px) 100vw, 944px\" \/><\/a><\/figure>\n","protected":false},"excerpt":{"rendered":"<p>Gmina Karlino podpisa\u0142a umowy ze Skarbem Pa\u0144stwa \u2013 Ministrem Cyfryzacji na nieodp\u0142atne przekazanie sprz\u0119tu \u2013 zestawu do wyposa\u017cenia szk\u00f3\u0142 w laboratoria nauk przyrodniczych, technologii, in\u017cynierii i matematyki STEM ora zestawu do wyposa\u017cenia szk\u00f3\u0142 w laboratoria&nbsp; sztucznej inteligencji AI ze \u015brodk\u00f3w Krajowego Planu Odbudowy i Zwi\u0119kszania Odporno\u015bci (KPO). Dofinansowanie realizowane jest w ramach \u201eWdra\u017canie inwestycji C2.2.1 &hellip; <\/p>\n<p><a class=\"more-link btn\" href=\"https:\/\/zskarlino.pl\/?p=20339\">Czytaj dalej<\/a><\/p>\n","protected":false},"author":8,"featured_media":0,"comment_status":"closed","ping_status":"closed","sticky":false,"template":"","format":"standard","meta":{"footnotes":""},"categories":[3],"tags":[],"class_list":["post-20339","post","type-post","status-publish","format-standard","hentry","category-wydarzenia","item-wrap"],"_links":{"self":[{"href":"https:\/\/zskarlino.pl\/index.php?rest_route=\/wp\/v2\/posts\/20339","targetHints":{"allow":["GET"]}}],"collection":[{"href":"https:\/\/zskarlino.pl\/index.php?rest_route=\/wp\/v2\/posts"}],"about":[{"href":"https:\/\/zskarlino.pl\/index.php?rest_route=\/wp\/v2\/types\/post"}],"author":[{"embeddable":true,"href":"https:\/\/zskarlino.pl\/index.php?rest_route=\/wp\/v2\/users\/8"}],"replies":[{"embeddable":true,"href":"https:\/\/zskarlino.pl\/index.php?rest_route=%2Fwp%2Fv2%2Fcomments&post=20339"}],"version-history":[{"count":1,"href":"https:\/\/zskarlino.pl\/index.php?rest_route=\/wp\/v2\/posts\/20339\/revisions"}],"predecessor-version":[{"id":20341,"href":"https:\/\/zskarlino.pl\/index.php?rest_route=\/wp\/v2\/posts\/20339\/revisions\/20341"}],"wp:attachment":[{"href":"https:\/\/zskarlino.pl\/index.php?rest_route=%2Fwp%2Fv2%2Fmedia&parent=20339"}],"wp:term":[{"taxonomy":"category","embeddable":true,"href":"https:\/\/zskarlino.pl\/index.php?rest_route=%2Fwp%2Fv2%2Fcategories&post=20339"},{"taxonomy":"post_tag","embeddable":true,"href":"https:\/\/zskarlino.pl\/index.php?rest_route=%2Fwp%2Fv2%2Ftags&post=20339"}],"curies":[{"name":"wp","href":"https:\/\/api.w.org\/{rel}","templated":true}]}}