{"id":20331,"date":"2026-02-19T08:39:10","date_gmt":"2026-02-19T07:39:10","guid":{"rendered":"https:\/\/zskarlino.pl\/?p=20331"},"modified":"2026-03-02T11:05:49","modified_gmt":"2026-03-02T10:05:49","slug":"wybory-do-mlodziezowej-rady-miejskiej-w-karlinie-zostan-glosem-mlodych","status":"publish","type":"post","link":"https:\/\/zskarlino.pl\/?p=20331","title":{"rendered":"Wybory do M\u0142odzie\u017cowej Rady Miejskiej w Karlinie \u2013 zosta\u0144 g\u0142osem m\u0142odych!"},"content":{"rendered":"\n<p>Ju\u017c wkr\u00f3tce uczniowie naszej szko\u0142y b\u0119d\u0105 mieli wyj\u0105tkow\u0105 okazj\u0119 wsp\u00f3\u0142decydowa\u0107 o sprawach wa\u017cnych dla m\u0142odzie\u017cy w Gminie Karlino. Rozpoczynaj\u0105 si\u0119 wybory do\u00a0<strong>M\u0142odzie\u017cowej Rady Miejskiej w Karlinie na kadencj\u0119 2026\u20132028<\/strong>.<\/p>\n\n\n\n<p>M\u0142odzie\u017cowa Rada Miejska to przestrze\u0144 dla os\u00f3b aktywnych, kreatywnych i chc\u0105cych realnie wp\u0142ywa\u0107 na \u017cycie lokalnej spo\u0142eczno\u015bci. To mo\u017cliwo\u015b\u0107 reprezentowania r\u00f3wie\u015bnik\u00f3w, zg\u0142aszania pomys\u0142\u00f3w, wsp\u00f3\u0142pracy z samorz\u0105dem oraz zdobycia cennego do\u015bwiadczenia spo\u0142ecznego i obywatelskiego.<\/p>\n\n\n\n<h3 class=\"wp-block-heading\">Kto mo\u017ce kandydowa\u0107?<\/h3>\n\n\n\n<p>Kandydatem mo\u017ce zosta\u0107 ucze\u0144, kt\u00f3ry:<\/p>\n\n\n\n<ul class=\"wp-block-list\">\n<li>w 2026 roku uko\u0144czy\u0142 lub uko\u0144czy&nbsp;<strong>13 lat<\/strong>, a nie uko\u0144czy\u0142&nbsp;<strong>19 lat<\/strong>,<\/li>\n\n\n\n<li>posiada pe\u0142ne prawa uczniowskie,<\/li>\n\n\n\n<li>uczy si\u0119 w szkole na terenie Gminy Karlino lub mieszka na jej terenie <\/li>\n\n\n\n<li>WA\u017bNE: dla uczni\u00f3w, kt\u00f3ry ucz\u0105 si\u0119 poza terenem Gminy Karlino okr\u0119giem wyborczym jest Zesp\u00f3\u0142 Szk\u00f3\u0142 w Karlinie.<\/li>\n<\/ul>\n\n\n\n<p>W przypadku os\u00f3b niepe\u0142noletnich wymagana jest zgoda rodzica lub opiekuna prawnego<\/p>\n\n\n\n<h3 class=\"wp-block-heading\">Jak zg\u0142osi\u0107 kandydatur\u0119?<\/h3>\n\n\n\n<p>Aby kandydowa\u0107 nale\u017cy:<\/p>\n\n\n\n<ul class=\"wp-block-list\">\n<li>z\u0142o\u017cy\u0107 formularz zg\u0142oszeniowy w Szkolnej Komisji Wyborczej,<\/li>\n\n\n\n<li>do\u0142\u0105czy\u0107 list\u0119 poparcia podpisan\u0105 przez co najmniej&nbsp;<strong>15 uczni\u00f3w<\/strong>&nbsp;posiadaj\u0105cych czynne prawo wyborcze&nbsp;<\/li>\n<\/ul>\n\n\n\n<p>&nbsp;<strong>Termin zg\u0142aszania kandydat\u00f3w up\u0142ywa 11 marca 2026 r.<\/strong><\/p>\n\n\n\n<h3 class=\"wp-block-heading\">Kiedy odb\u0119d\u0105 si\u0119 wybory?<\/h3>\n\n\n\n<p>G\u0142osowanie zaplanowano na:<br><strong>18 marca 2026 r. (godz. 12:00\u201314:00)<\/strong><\/p>\n\n\n\n<h3 class=\"wp-block-heading\">Dlaczego warto?<\/h3>\n\n\n\n<p>Udzia\u0142 w M\u0142odzie\u017cowej Radzie Miejskiej to:<\/p>\n\n\n\n<ul class=\"wp-block-list\">\n<li>realny wp\u0142yw na inicjatywy m\u0142odzie\u017cowe w gminie,<\/li>\n\n\n\n<li>rozw\u00f3j kompetencji spo\u0142ecznych i przyw\u00f3dczych,<\/li>\n\n\n\n<li>mo\u017cliwo\u015b\u0107 wsp\u00f3\u0142pracy z w\u0142adzami samorz\u0105dowymi,<\/li>\n\n\n\n<li>do\u015bwiadczenie, kt\u00f3re procentuje w przysz\u0142o\u015bci.<\/li>\n<\/ul>\n\n\n\n<p>Je\u015bli masz pomys\u0142y, energi\u0119 do dzia\u0142ania i chcesz reprezentowa\u0107 m\u0142odzie\u017c \u2014&nbsp;<strong>to w\u0142a\u015bnie Twoja szansa!<\/strong><\/p>\n\n\n\n<p>Szczeg\u00f3\u0142owe informacje, formularze oraz harmonogram wybor\u00f3w dost\u0119pne s\u0105 w sekretariacie szko\u0142y oraz u cz\u0142onk\u00f3w Szkolnej Komisji Wyborczej.<\/p>\n\n\n\n<p>W Zespole Szk\u00f3\u0142 w Karlinie mamy 7 mandat\u00f3w do obsadzenia.<\/p>\n\n\n\n<p><strong>Nie czekaj \u2013 zg\u0142o\u015b swoj\u0105 kandydatur\u0119 i zosta\u0144 cz\u0119\u015bci\u0105 m\u0142odzie\u017cowego samorz\u0105du Karlina!<\/strong><\/p>\n\n\n\n<p>Poni\u017cej wa\u017cne dokumenty, z jakimi nale\u017cy si\u0119 zapozna\u0107 rozwa\u017caj\u0105c udzia\u0142 w wyborach. <\/p>\n\n\n\n<div data-wp-interactive=\"core\/file\" class=\"wp-block-file\"><object data-wp-bind--hidden=\"!state.hasPdfPreview\" hidden class=\"wp-block-file__embed\" data=\"https:\/\/zskarlino.pl\/wp-content\/uploads\/2026\/02\/Uchwala-Nr-1-z-18.02.2026-r.-MKW-wybor-przewodniczacego-MKW.pdf\" type=\"application\/pdf\" style=\"width:100%;height:600px\" aria-label=\"Osadzone z Uchwa\u0142a Nr 1 z 18.02.2026 r. MKW - wyb\u00f3r przewodnicz\u0105cego MKW.\"><\/object><a id=\"wp-block-file--media-36d9d9a6-cb3b-4b47-aa63-3a0f4bf4fcbc\" href=\"https:\/\/zskarlino.pl\/wp-content\/uploads\/2026\/02\/Uchwala-Nr-1-z-18.02.2026-r.-MKW-wybor-przewodniczacego-MKW.pdf\">Uchwa\u0142a Nr 1 z 18.02.2026 r. MKW &#8211; wyb\u00f3r przewodnicz\u0105cego MKW<\/a><a href=\"https:\/\/zskarlino.pl\/wp-content\/uploads\/2026\/02\/Uchwala-Nr-1-z-18.02.2026-r.-MKW-wybor-przewodniczacego-MKW.pdf\" class=\"wp-block-file__button wp-element-button\" download aria-describedby=\"wp-block-file--media-36d9d9a6-cb3b-4b47-aa63-3a0f4bf4fcbc\">Pobierz<\/a><\/div>\n\n\n\n<div data-wp-interactive=\"core\/file\" class=\"wp-block-file\"><object data-wp-bind--hidden=\"!state.hasPdfPreview\" hidden class=\"wp-block-file__embed\" data=\"https:\/\/zskarlino.pl\/wp-content\/uploads\/2026\/02\/Uchwala-Nr-2-MKW-z-2026-r.-wybory-do-MRM-2026-2028.pdf\" type=\"application\/pdf\" style=\"width:100%;height:600px\" aria-label=\"Osadzone z Uchwa\u0142a Nr 2 MKW z 2026 r. - wybory do MRM - 2026-2028.\"><\/object><a id=\"wp-block-file--media-0aae8d8a-ac16-47ff-9e01-53981803dad4\" href=\"https:\/\/zskarlino.pl\/wp-content\/uploads\/2026\/02\/Uchwala-Nr-2-MKW-z-2026-r.-wybory-do-MRM-2026-2028.pdf\">Uchwa\u0142a Nr 2 MKW z 2026 r. &#8211; wybory do MRM &#8211; 2026-2028<\/a><a href=\"https:\/\/zskarlino.pl\/wp-content\/uploads\/2026\/02\/Uchwala-Nr-2-MKW-z-2026-r.-wybory-do-MRM-2026-2028.pdf\" class=\"wp-block-file__button wp-element-button\" download aria-describedby=\"wp-block-file--media-0aae8d8a-ac16-47ff-9e01-53981803dad4\">Pobierz<\/a><\/div>\n\n\n\n<div class=\"wp-block-file\"><a id=\"wp-block-file--media-c9afc2f6-4dc0-4558-b799-8caec863443e\" href=\"https:\/\/zskarlino.pl\/wp-content\/uploads\/2026\/02\/Wykaz-osob-popierajacych-kandydata-do-MRM-w-Karlinie-2026-2028.docx\">Wykaz os\u00f3b popieraj\u0105cych kandydata do MRM w Karlinie -2026-2028<\/a><a href=\"https:\/\/zskarlino.pl\/wp-content\/uploads\/2026\/02\/Wykaz-osob-popierajacych-kandydata-do-MRM-w-Karlinie-2026-2028.docx\" class=\"wp-block-file__button wp-element-button\" download aria-describedby=\"wp-block-file--media-c9afc2f6-4dc0-4558-b799-8caec863443e\">Pobierz<\/a><\/div>\n\n\n\n<div data-wp-interactive=\"core\/file\" class=\"wp-block-file\"><object data-wp-bind--hidden=\"!state.hasPdfPreview\" hidden class=\"wp-block-file__embed\" data=\"https:\/\/zskarlino.pl\/wp-content\/uploads\/2026\/02\/Zarzadzenie-Nr-10-Burmistrza-Karlina-z-dn.17.0.2026-r.-powolanie-MKW-wz-z-wyborami-do-MRM-na-kadencje-2026-2028-r.pdf\" type=\"application\/pdf\" style=\"width:100%;height:600px\" aria-label=\"Osadzone z Zarz\u0105dzenie Nr 10 Burmistrza Karlina z dn.17.0.2026 r. - powo\u0142anie MKW wz z wyborami do MRM na kadencj\u0119 2026-2028 r..\"><\/object><a id=\"wp-block-file--media-bfcab6d0-bb81-4d92-bba4-691036ba4336\" href=\"https:\/\/zskarlino.pl\/wp-content\/uploads\/2026\/02\/Zarzadzenie-Nr-10-Burmistrza-Karlina-z-dn.17.0.2026-r.-powolanie-MKW-wz-z-wyborami-do-MRM-na-kadencje-2026-2028-r.pdf\">Zarz\u0105dzenie Nr 10 Burmistrza Karlina z dn.17.0.2026 r. &#8211; powo\u0142anie MKW wz z wyborami do MRM na kadencj\u0119 2026-2028 r.<\/a><a href=\"https:\/\/zskarlino.pl\/wp-content\/uploads\/2026\/02\/Zarzadzenie-Nr-10-Burmistrza-Karlina-z-dn.17.0.2026-r.-powolanie-MKW-wz-z-wyborami-do-MRM-na-kadencje-2026-2028-r.pdf\" class=\"wp-block-file__button wp-element-button\" download aria-describedby=\"wp-block-file--media-bfcab6d0-bb81-4d92-bba4-691036ba4336\">Pobierz<\/a><\/div>\n","protected":false},"excerpt":{"rendered":"<p>Ju\u017c wkr\u00f3tce uczniowie naszej szko\u0142y b\u0119d\u0105 mieli wyj\u0105tkow\u0105 okazj\u0119 wsp\u00f3\u0142decydowa\u0107 o sprawach wa\u017cnych dla m\u0142odzie\u017cy w Gminie Karlino. Rozpoczynaj\u0105 si\u0119 wybory do\u00a0M\u0142odzie\u017cowej Rady Miejskiej w Karlinie na kadencj\u0119 2026\u20132028. M\u0142odzie\u017cowa Rada Miejska to przestrze\u0144 dla os\u00f3b aktywnych, kreatywnych i chc\u0105cych realnie wp\u0142ywa\u0107 na \u017cycie lokalnej spo\u0142eczno\u015bci. To mo\u017cliwo\u015b\u0107 reprezentowania r\u00f3wie\u015bnik\u00f3w, zg\u0142aszania pomys\u0142\u00f3w, wsp\u00f3\u0142pracy z samorz\u0105dem &hellip; <\/p>\n<p><a class=\"more-link btn\" href=\"https:\/\/zskarlino.pl\/?p=20331\">Czytaj dalej<\/a><\/p>\n","protected":false},"author":8,"featured_media":20351,"comment_status":"closed","ping_status":"closed","sticky":false,"template":"","format":"standard","meta":{"footnotes":""},"categories":[3],"tags":[],"class_list":["post-20331","post","type-post","status-publish","format-standard","has-post-thumbnail","hentry","category-wydarzenia","item-wrap"],"_links":{"self":[{"href":"https:\/\/zskarlino.pl\/index.php?rest_route=\/wp\/v2\/posts\/20331","targetHints":{"allow":["GET"]}}],"collection":[{"href":"https:\/\/zskarlino.pl\/index.php?rest_route=\/wp\/v2\/posts"}],"about":[{"href":"https:\/\/zskarlino.pl\/index.php?rest_route=\/wp\/v2\/types\/post"}],"author":[{"embeddable":true,"href":"https:\/\/zskarlino.pl\/index.php?rest_route=\/wp\/v2\/users\/8"}],"replies":[{"embeddable":true,"href":"https:\/\/zskarlino.pl\/index.php?rest_route=%2Fwp%2Fv2%2Fcomments&post=20331"}],"version-history":[{"count":4,"href":"https:\/\/zskarlino.pl\/index.php?rest_route=\/wp\/v2\/posts\/20331\/revisions"}],"predecessor-version":[{"id":20350,"href":"https:\/\/zskarlino.pl\/index.php?rest_route=\/wp\/v2\/posts\/20331\/revisions\/20350"}],"wp:featuredmedia":[{"embeddable":true,"href":"https:\/\/zskarlino.pl\/index.php?rest_route=\/wp\/v2\/media\/20351"}],"wp:attachment":[{"href":"https:\/\/zskarlino.pl\/index.php?rest_route=%2Fwp%2Fv2%2Fmedia&parent=20331"}],"wp:term":[{"taxonomy":"category","embeddable":true,"href":"https:\/\/zskarlino.pl\/index.php?rest_route=%2Fwp%2Fv2%2Fcategories&post=20331"},{"taxonomy":"post_tag","embeddable":true,"href":"https:\/\/zskarlino.pl\/index.php?rest_route=%2Fwp%2Fv2%2Ftags&post=20331"}],"curies":[{"name":"wp","href":"https:\/\/api.w.org\/{rel}","templated":true}]}}