{"id":20055,"date":"2024-10-08T11:21:49","date_gmt":"2024-10-08T09:21:49","guid":{"rendered":"https:\/\/zskarlino.pl\/?p=20055"},"modified":"2024-10-28T21:57:50","modified_gmt":"2024-10-28T20:57:50","slug":"kampania-dziecinstwo-bez-przemocy","status":"publish","type":"post","link":"https:\/\/zskarlino.pl\/?p=20055","title":{"rendered":"Kampania Dzieci\u0144stwo bez Przemocy"},"content":{"rendered":"\n<p>Nasza szko\u0142a przyst\u0105pi\u0142a do kampanii DZIECI\u0143STWO BEZ PRZEMOCY<img loading=\"lazy\" decoding=\"async\" height=\"16\" width=\"16\" alt=\"\ud83d\udce3\" src=\"https:\/\/static.xx.fbcdn.net\/images\/emoji.php\/v9\/tba\/1\/16\/1f4e3.png\"><\/p>\n\n\n\n<p>Kampania ma na celu przeciwdzia\u0142anie przemocy wobec dzieci w Polsce.<\/p>\n\n\n\n<p>Koncentruje si\u0119 na:<\/p>\n\n\n\n<p>\u00b7 uwra\u017cliwianiu spo\u0142ecze\u0144stwa na problem krzywdzenia dzieci w Polsce,<\/p>\n\n\n\n<p>\u00b7 wspieraniu ludzi w reagowaniu na przemoc wobec dzieci,<\/p>\n\n\n\n<p>\u00b7 <a><\/a> promowaniu idei uwa\u017cnego rodzicielstwa,<\/p>\n\n\n\n<p>\u00b7 promocji systemowych rozwi\u0105za\u0144 na rzecz ochrony dzieci przed krzywdzeniem<\/p>\n\n\n\n<p>Kampania organizowana jest przez Fundacj\u0119 Dajemy Dzieciom Si\u0142\u0119 oraz Krajow\u0105 Koalicj\u0119 na rzecz Ochrony Dzieci. G\u0142\u00f3wnym partnerem kampanii jest Rzeczniczka Praw Dziecka.<\/p>\n\n\n\n<div class=\"wp-block-group is-nowrap is-layout-flex wp-container-core-group-is-layout-ad2f72ca wp-block-group-is-layout-flex\">\n<figure class=\"wp-block-image size-full\"><a href=\"https:\/\/zskarlino.pl\/wp-content\/uploads\/2024\/10\/image.png\" rel=\"lightbox[20055]\"><img loading=\"lazy\" decoding=\"async\" width=\"998\" height=\"668\" src=\"https:\/\/zskarlino.pl\/wp-content\/uploads\/2024\/10\/image.png\" alt=\"\" class=\"wp-image-20056\" srcset=\"https:\/\/zskarlino.pl\/wp-content\/uploads\/2024\/10\/image.png 998w, https:\/\/zskarlino.pl\/wp-content\/uploads\/2024\/10\/image-300x201.png 300w, https:\/\/zskarlino.pl\/wp-content\/uploads\/2024\/10\/image-768x514.png 768w, https:\/\/zskarlino.pl\/wp-content\/uploads\/2024\/10\/image-750x502.png 750w\" sizes=\"auto, (max-width: 998px) 100vw, 998px\" \/><\/a><\/figure>\n\n\n\n<p><\/p>\n\n\n\n<figure class=\"wp-block-image size-full\"><a href=\"https:\/\/zskarlino.pl\/wp-content\/uploads\/2024\/10\/dziecinstwo-bez-przemocy.jpg\" rel=\"lightbox[20055]\"><img loading=\"lazy\" decoding=\"async\" width=\"1024\" height=\"1024\" src=\"https:\/\/zskarlino.pl\/wp-content\/uploads\/2024\/10\/dziecinstwo-bez-przemocy.jpg\" alt=\"\" class=\"wp-image-20059\" srcset=\"https:\/\/zskarlino.pl\/wp-content\/uploads\/2024\/10\/dziecinstwo-bez-przemocy.jpg 1024w, https:\/\/zskarlino.pl\/wp-content\/uploads\/2024\/10\/dziecinstwo-bez-przemocy-300x300.jpg 300w, https:\/\/zskarlino.pl\/wp-content\/uploads\/2024\/10\/dziecinstwo-bez-przemocy-150x150.jpg 150w, https:\/\/zskarlino.pl\/wp-content\/uploads\/2024\/10\/dziecinstwo-bez-przemocy-768x768.jpg 768w, https:\/\/zskarlino.pl\/wp-content\/uploads\/2024\/10\/dziecinstwo-bez-przemocy-750x750.jpg 750w\" sizes=\"auto, (max-width: 1024px) 100vw, 1024px\" \/><\/a><\/figure>\n<\/div>\n\n\n\n<p><\/p>\n","protected":false},"excerpt":{"rendered":"<p>Nasza szko\u0142a przyst\u0105pi\u0142a do kampanii DZIECI\u0143STWO BEZ PRZEMOCY Kampania ma na celu przeciwdzia\u0142anie przemocy wobec dzieci w Polsce. Koncentruje si\u0119 na: \u00b7 uwra\u017cliwianiu spo\u0142ecze\u0144stwa na problem krzywdzenia dzieci w Polsce, \u00b7 wspieraniu ludzi w reagowaniu na przemoc wobec dzieci, \u00b7 promowaniu idei uwa\u017cnego rodzicielstwa, \u00b7 promocji systemowych rozwi\u0105za\u0144 na rzecz ochrony dzieci przed krzywdzeniem Kampania &hellip; <\/p>\n<p><a class=\"more-link btn\" href=\"https:\/\/zskarlino.pl\/?p=20055\">Czytaj dalej<\/a><\/p>\n","protected":false},"author":8,"featured_media":0,"comment_status":"closed","ping_status":"closed","sticky":false,"template":"","format":"standard","meta":{"footnotes":""},"categories":[3],"tags":[],"class_list":["post-20055","post","type-post","status-publish","format-standard","hentry","category-wydarzenia","item-wrap"],"_links":{"self":[{"href":"https:\/\/zskarlino.pl\/index.php?rest_route=\/wp\/v2\/posts\/20055","targetHints":{"allow":["GET"]}}],"collection":[{"href":"https:\/\/zskarlino.pl\/index.php?rest_route=\/wp\/v2\/posts"}],"about":[{"href":"https:\/\/zskarlino.pl\/index.php?rest_route=\/wp\/v2\/types\/post"}],"author":[{"embeddable":true,"href":"https:\/\/zskarlino.pl\/index.php?rest_route=\/wp\/v2\/users\/8"}],"replies":[{"embeddable":true,"href":"https:\/\/zskarlino.pl\/index.php?rest_route=%2Fwp%2Fv2%2Fcomments&post=20055"}],"version-history":[{"count":2,"href":"https:\/\/zskarlino.pl\/index.php?rest_route=\/wp\/v2\/posts\/20055\/revisions"}],"predecessor-version":[{"id":20060,"href":"https:\/\/zskarlino.pl\/index.php?rest_route=\/wp\/v2\/posts\/20055\/revisions\/20060"}],"wp:attachment":[{"href":"https:\/\/zskarlino.pl\/index.php?rest_route=%2Fwp%2Fv2%2Fmedia&parent=20055"}],"wp:term":[{"taxonomy":"category","embeddable":true,"href":"https:\/\/zskarlino.pl\/index.php?rest_route=%2Fwp%2Fv2%2Fcategories&post=20055"},{"taxonomy":"post_tag","embeddable":true,"href":"https:\/\/zskarlino.pl\/index.php?rest_route=%2Fwp%2Fv2%2Ftags&post=20055"}],"curies":[{"name":"wp","href":"https:\/\/api.w.org\/{rel}","templated":true}]}}