{"id":19962,"date":"2024-09-06T15:32:11","date_gmt":"2024-09-06T13:32:11","guid":{"rendered":"https:\/\/zskarlino.pl\/?p=19962"},"modified":"2024-09-10T09:52:07","modified_gmt":"2024-09-10T07:52:07","slug":"aktualizacja-dziennika-vulcan","status":"publish","type":"post","link":"https:\/\/zskarlino.pl\/?p=19962","title":{"rendered":"Aktualizacja dziennika VULCAN"},"content":{"rendered":"\n<h2 class=\"wp-block-heading\">Nowa ods\u0142ona Dziennika VULCAN<\/h2>\n\n\n\n<p>Wraz z nowym rokiem szkolnym <strong> Dziennik VULCAN w nowej, intuicyjnej ods\u0142onie<\/strong>&nbsp;oraz&nbsp;<strong>nowoczesny modu\u0142 dydaktyczny<\/strong>.<\/p>\n\n\n\n<p>W zwi\u0105zku z now\u0105 ods\u0142on\u0105 Dziennika,&nbsp;<strong>niezb\u0119dna do korzystania z niego jest aktualizacja konta Rodzica i Ucznia<\/strong>. <\/p>\n\n\n\n<h4 class=\"wp-block-heading\"><strong><mark style=\"background-color:rgba(0, 0, 0, 0)\" class=\"has-inline-color has-vivid-red-color\">W jaki spos\u00f3b zaktualizowa\u0107 konto Rodzica i Ucznia. <\/mark><\/strong><\/h4>\n\n\n\n<p> <mark style=\"background-color:rgba(0, 0, 0, 0)\" class=\"has-inline-color has-black-color\"><strong>1 KROK:  Je\u017celi jeszcze\u00a0nie masz zaktualizowanego konta\u00a0wybierz opcj\u0119 <\/strong><\/mark><strong><mark style=\"background-color:rgba(0, 0, 0, 0)\" class=\"has-inline-color has-vivid-red-color\">\u201eLogowanie przed zmian\u0105\u201d<\/mark><\/strong><mark style=\"background-color:rgba(0, 0, 0, 0)\" class=\"has-inline-color has-black-color\"><br> <strong>2 KROK: Je\u017celi\u00a0masz ju\u017c zaktualizowane konto\u00a0wybierz  opcj\u0119 logowania w\u0142a\u015bciw\u0105 dla wybranego przez  <br> Ciebie typu konta tj. : <\/strong><\/mark><strong><mark style=\"background-color:rgba(0, 0, 0, 0);color:#06517c\" class=\"has-inline-color\">Logowanie konto eduVULCAN<\/mark><\/strong><mark style=\"background-color:rgba(0, 0, 0, 0)\" class=\"has-inline-color has-black-color\"><strong> lub<\/strong> Logowanie zwyk\u0142e konto szkolne . <\/mark><\/p>\n\n\n\n<h4 class=\"wp-block-heading\">Prosz\u0119 klikn\u0105\u0107 w link z instrukcj\u0105:<\/h4>\n\n\n\n<p><strong>Instrukcja<\/strong>: <a href=\"https:\/\/dziennik.vulcan.edu.pl\/akz\/#more\" target=\"_blank\" rel=\"noreferrer noopener\"><strong><mark style=\"background-color:rgba(0, 0, 0, 0)\" class=\"has-inline-color has-vivid-red-color\">https:\/\/dziennik.vulcan.edu.pl\/akz\/#more<\/mark><\/strong><\/a><\/p>\n\n\n\n<figure class=\"wp-block-gallery has-nested-images columns-default is-cropped wp-block-gallery-1 is-layout-flex wp-block-gallery-is-layout-flex\">\n<figure class=\"wp-block-image size-large\"><a href=\"https:\/\/cufs.vulcan.net.pl\/gminakarlino\/Account\/LogOn?ReturnUrl=%2Fgminakarlino%2FFS%2FLS%3Fwa%3Dwsignin1.0%26wtrealm%3Dhttps%253a%252f%252fuonetplus-logowanie.vulcan.net.pl%252fgminakarlino%252fFs%252fLs%253fwa%253dwsignin1.0%2526wtrealm%253dhttps%25253A%25252F%25252Fuonetplus.vulcan.net.pl%25252Fgminakarlino%25252FLoginEndpoint.aspx%2526wctx%253dauth%25253Duonet%26wctx%3Drm%253d0%2526id%253d%26wct%3D2024-09-06T13%253a34%253a59Z\" target=\"_blank\" rel=\"noopener\"><img loading=\"lazy\" decoding=\"async\" width=\"850\" height=\"500\" data-id=\"19967\" src=\"https:\/\/zskarlino.pl\/wp-content\/uploads\/2024\/09\/VULCAN-baner-zaloguj-do-dziennika-0724-poziomy-1.jpg\" alt=\"\" class=\"wp-image-19967\" srcset=\"https:\/\/zskarlino.pl\/wp-content\/uploads\/2024\/09\/VULCAN-baner-zaloguj-do-dziennika-0724-poziomy-1.jpg 850w, https:\/\/zskarlino.pl\/wp-content\/uploads\/2024\/09\/VULCAN-baner-zaloguj-do-dziennika-0724-poziomy-1-300x176.jpg 300w, https:\/\/zskarlino.pl\/wp-content\/uploads\/2024\/09\/VULCAN-baner-zaloguj-do-dziennika-0724-poziomy-1-768x452.jpg 768w, https:\/\/zskarlino.pl\/wp-content\/uploads\/2024\/09\/VULCAN-baner-zaloguj-do-dziennika-0724-poziomy-1-750x441.jpg 750w\" sizes=\"auto, (max-width: 850px) 100vw, 850px\" \/><\/a><\/figure>\n<\/figure>\n","protected":false},"excerpt":{"rendered":"<p>Nowa ods\u0142ona Dziennika VULCAN Wraz z nowym rokiem szkolnym Dziennik VULCAN w nowej, intuicyjnej ods\u0142onie&nbsp;oraz&nbsp;nowoczesny modu\u0142 dydaktyczny. W zwi\u0105zku z now\u0105 ods\u0142on\u0105 Dziennika,&nbsp;niezb\u0119dna do korzystania z niego jest aktualizacja konta Rodzica i Ucznia. W jaki spos\u00f3b zaktualizowa\u0107 konto Rodzica i Ucznia. 1 KROK: Je\u017celi jeszcze\u00a0nie masz zaktualizowanego konta\u00a0wybierz opcj\u0119 \u201eLogowanie przed zmian\u0105\u201d 2 KROK: Je\u017celi\u00a0masz &hellip; <\/p>\n<p><a class=\"more-link btn\" href=\"https:\/\/zskarlino.pl\/?p=19962\">Czytaj dalej<\/a><\/p>\n","protected":false},"author":3,"featured_media":0,"comment_status":"closed","ping_status":"closed","sticky":false,"template":"","format":"standard","meta":{"footnotes":""},"categories":[3],"tags":[],"class_list":["post-19962","post","type-post","status-publish","format-standard","hentry","category-wydarzenia","item-wrap"],"_links":{"self":[{"href":"https:\/\/zskarlino.pl\/index.php?rest_route=\/wp\/v2\/posts\/19962","targetHints":{"allow":["GET"]}}],"collection":[{"href":"https:\/\/zskarlino.pl\/index.php?rest_route=\/wp\/v2\/posts"}],"about":[{"href":"https:\/\/zskarlino.pl\/index.php?rest_route=\/wp\/v2\/types\/post"}],"author":[{"embeddable":true,"href":"https:\/\/zskarlino.pl\/index.php?rest_route=\/wp\/v2\/users\/3"}],"replies":[{"embeddable":true,"href":"https:\/\/zskarlino.pl\/index.php?rest_route=%2Fwp%2Fv2%2Fcomments&post=19962"}],"version-history":[{"count":8,"href":"https:\/\/zskarlino.pl\/index.php?rest_route=\/wp\/v2\/posts\/19962\/revisions"}],"predecessor-version":[{"id":20001,"href":"https:\/\/zskarlino.pl\/index.php?rest_route=\/wp\/v2\/posts\/19962\/revisions\/20001"}],"wp:attachment":[{"href":"https:\/\/zskarlino.pl\/index.php?rest_route=%2Fwp%2Fv2%2Fmedia&parent=19962"}],"wp:term":[{"taxonomy":"category","embeddable":true,"href":"https:\/\/zskarlino.pl\/index.php?rest_route=%2Fwp%2Fv2%2Fcategories&post=19962"},{"taxonomy":"post_tag","embeddable":true,"href":"https:\/\/zskarlino.pl\/index.php?rest_route=%2Fwp%2Fv2%2Ftags&post=19962"}],"curies":[{"name":"wp","href":"https:\/\/api.w.org\/{rel}","templated":true}]}}